{"id":11778,"date":"2021-03-12T16:12:53","date_gmt":"2021-03-12T16:12:53","guid":{"rendered":"https:\/\/www.visitcentroamerica.com\/sala-prensa\/?p=11778"},"modified":"2021-03-10T16:13:42","modified_gmt":"2021-03-10T16:13:42","slug":"turismo-comunitario-en-centroamerica-donde-ir","status":"publish","type":"post","link":"https:\/\/www.visitcentroamerica.com\/sala-prensa\/otros\/turismo-comunitario-en-centroamerica-donde-ir\/","title":{"rendered":"Turismo comunitario en Centroam\u00e9rica: \u00bfd\u00f3nde ir?"},"content":{"rendered":"<p><img decoding=\"async\" class=\"alignnone size-full wp-image-11779\" src=\"https:\/\/www.visitcentroamerica.com\/sala-prensa\/wp-content\/uploads\/2021\/03\/turismo-comunitario-donde-ir.jpg\" alt=\"\" width=\"100%\" height=\"auto\" srcset=\"https:\/\/www.visitcentroamerica.com\/sala-prensa\/wp-content\/uploads\/2021\/03\/turismo-comunitario-donde-ir.jpg 1200w, https:\/\/www.visitcentroamerica.com\/sala-prensa\/wp-content\/uploads\/2021\/03\/turismo-comunitario-donde-ir-300x150.jpg 300w, https:\/\/www.visitcentroamerica.com\/sala-prensa\/wp-content\/uploads\/2021\/03\/turismo-comunitario-donde-ir-1024x512.jpg 1024w, https:\/\/www.visitcentroamerica.com\/sala-prensa\/wp-content\/uploads\/2021\/03\/turismo-comunitario-donde-ir-768x384.jpg 768w, https:\/\/www.visitcentroamerica.com\/sala-prensa\/wp-content\/uploads\/2021\/03\/turismo-comunitario-donde-ir-696x348.jpg 696w, https:\/\/www.visitcentroamerica.com\/sala-prensa\/wp-content\/uploads\/2021\/03\/turismo-comunitario-donde-ir-1068x534.jpg 1068w, https:\/\/www.visitcentroamerica.com\/sala-prensa\/wp-content\/uploads\/2021\/03\/turismo-comunitario-donde-ir-840x420.jpg 840w, https:\/\/www.visitcentroamerica.com\/sala-prensa\/wp-content\/uploads\/2021\/03\/turismo-comunitario-donde-ir-500x250.jpg 500w\" sizes=\"(max-width: 1200px) 100vw, 1200px\" \/><\/p>\n<p>\u00bfQuieres conocer propuestas de <strong>viajes diferentes en Centroam\u00e9rica<\/strong>? Te invito a mejorar las condiciones de vida de\u00a0comunidades locales de Guatemala, Honduras y Panam\u00e1. \u00a1Vive una apasionante experiencia de<strong> turismo comunitario en Centroam\u00e9rica<\/strong>!<\/p>\n<h3>Viajar a Centroam\u00e9rica para visitar Uaxact\u00fan<\/h3>\n<p>En el<a href=\"https:\/\/www.visitcentroamerica.com\/visitar\/comunidad-indigena-uaxactun\/\" target=\"_blank\" rel=\"noopener\"><strong> Parque Arqueol\u00f3gico de Uaxact\u00fan<\/strong><\/a> vive una comunidad maya guatemalteca. Sus miembros ejercer\u00e1n de gu\u00edas por los famosos templos mayas. Adem\u00e1s, te ense\u00f1ar\u00e1n todo sobre la recolecci\u00f3n de la pimienta, uno de los medios que sustentan su econom\u00eda.<\/p>\n<p>Sin duda, <strong>viajar a Centroam\u00e9rica<\/strong> para emprender una experiencia de estas caracter\u00edsticas te producir\u00e1 una gran satisfacci\u00f3n. Para seguir sorprendi\u00e9ndote, visita a los <strong>gar\u00edfunas de Honduras<\/strong>. Tras degustar su pescado frito, te recomiendo descansar en las caba\u00f1as de la ciudad de Tela, construidas por los ind\u00edgenas. No pierdas la oportunidad de adquirir alg\u00fan objeto de su famosa artesan\u00eda y de presenciar su baile t\u00edpico: la punta.<\/p>\n<h3>M\u00e1s viajes diferentes a Centroam\u00e9rica<\/h3>\n<p>No puedo obviar el encanto de la comunidad <a href=\"https:\/\/www.visitcentroamerica.com\/visitar\/aldea-embera-quera\/\" target=\"_blank\" rel=\"noopener\">Ember\u00e1 Quer\u00e1<\/a>, ubicada en el <strong>r\u00edo Gat\u00fan\u200b (Panam\u00e1)<\/strong>. Sus miembros te llevar\u00e1n en piraguas fabricadas con madera mientras observas monos,\u00a0caimanes o tortugas. Te mostrar\u00e1n tambi\u00e9n c\u00f3mo emplean las plantas medicinales o c\u00f3mo se pintan el cuerpo para protegerse del sol.<\/p>\n<p>Apuesta por el<strong> turismo comunitario en Centroam\u00e9rica<\/strong> y contribuye a mejorar la vida en estas zonas rurales. No olvides <a href=\"http:\/\/www.visitcentroamerica.com\" target=\"_blank\" rel=\"noopener\">visitar nuestra p\u00e1gina<\/a> para profundizar en<a href=\"https:\/\/www.visitcentroamerica.com\/visitar\/?_sft_typology_visitar=turismo-comunitario\" target=\"_blank\" rel=\"noopener\"> <strong><em>tours<\/em> multidestino<\/strong><\/a> como este.<\/p>\n<p>Experiencias:<\/p>\n<p>&#8211;<a href=\"https:\/\/www.visitcentroamerica.com\/experiencias\/diversidad-cultural\/\" target=\"_blank\" rel=\"noopener\">Diversidad cultural<\/a><br \/>\n&#8211;<a href=\"https:\/\/www.visitcentroamerica.com\/experiencias\/gastronomia\/\" target=\"_blank\" rel=\"noopener\">Gastronom\u00eda<\/a><\/p>\n","protected":false},"excerpt":{"rendered":"<p>\u00bfQuieres conocer propuestas de viajes diferentes en Centroam\u00e9rica? Te invito a mejorar las condiciones de vida de\u00a0comunidades locales de Guatemala, Honduras y Panam\u00e1. \u00a1Vive una apasionante experiencia de turismo comunitario en Centroam\u00e9rica! Viajar a Centroam\u00e9rica para visitar Uaxact\u00fan En el Parque Arqueol\u00f3gico de Uaxact\u00fan vive una comunidad maya guatemalteca. Sus miembros ejercer\u00e1n de gu\u00edas por [&hellip;]<\/p>\n","protected":false},"author":5,"featured_media":11779,"comment_status":"open","ping_status":"closed","sticky":false,"template":"","format":"standard","meta":{"footnotes":""},"categories":[1],"tags":[],"class_list":{"0":"post-11778","1":"post","2":"type-post","3":"status-publish","4":"format-standard","5":"has-post-thumbnail","7":"category-otros"},"yoast_head":"<!-- This site is optimized with the Yoast SEO plugin v27.3 - https:\/\/yoast.com\/product\/yoast-seo-wordpress\/ -->\n<title>Vive tu mejor experiencia de turismo comunitario en Centroam\u00e9rica<\/title>\n<meta name=\"description\" content=\"Descubre las costumbres de estas comunidades de Guatemala, Honduras y Panam\u00e1, tres pa\u00edses propicios para impulsar el turismo comunitario en Centroam\u00e9rica\" \/>\n<meta name=\"robots\" content=\"index, follow, max-snippet:-1, max-image-preview:large, max-video-preview:-1\" \/>\n<link rel=\"canonical\" href=\"https:\/\/www.visitcentroamerica.com\/sala-prensa\/otros\/turismo-comunitario-en-centroamerica-donde-ir\/\" \/>\n<meta property=\"og:locale\" content=\"es_ES\" \/>\n<meta property=\"og:type\" content=\"article\" \/>\n<meta property=\"og:title\" content=\"Vive tu mejor experiencia de turismo comunitario en Centroam\u00e9rica\" \/>\n<meta property=\"og:description\" content=\"Descubre las costumbres de estas comunidades de Guatemala, Honduras y Panam\u00e1, tres pa\u00edses propicios para impulsar el turismo comunitario en Centroam\u00e9rica\" \/>\n<meta property=\"og:url\" content=\"https:\/\/www.visitcentroamerica.com\/sala-prensa\/otros\/turismo-comunitario-en-centroamerica-donde-ir\/\" \/>\n<meta property=\"og:site_name\" content=\"Sala de prensa\" \/>\n<meta property=\"article:published_time\" content=\"2021-03-12T16:12:53+00:00\" \/>\n<meta property=\"og:image\" content=\"https:\/\/www.visitcentroamerica.com\/sala-prensa\/wp-content\/uploads\/2021\/03\/turismo-comunitario-donde-ir.jpg\" \/>\n\t<meta property=\"og:image:width\" content=\"1200\" \/>\n\t<meta property=\"og:image:height\" content=\"600\" \/>\n\t<meta property=\"og:image:type\" content=\"image\/jpeg\" \/>\n<meta name=\"author\" content=\"Denis Alvarado\" \/>\n<meta name=\"twitter:card\" content=\"summary_large_image\" \/>\n<meta name=\"twitter:label1\" content=\"Escrito por\" \/>\n\t<meta name=\"twitter:data1\" content=\"Denis Alvarado\" \/>\n\t<meta name=\"twitter:label2\" content=\"Tiempo de lectura\" \/>\n\t<meta name=\"twitter:data2\" content=\"1 minuto\" \/>\n<script type=\"application\/ld+json\" class=\"yoast-schema-graph\">{\"@context\":\"https:\\\/\\\/schema.org\",\"@graph\":[{\"@type\":\"Article\",\"@id\":\"https:\\\/\\\/www.visitcentroamerica.com\\\/sala-prensa\\\/otros\\\/turismo-comunitario-en-centroamerica-donde-ir\\\/#article\",\"isPartOf\":{\"@id\":\"https:\\\/\\\/www.visitcentroamerica.com\\\/sala-prensa\\\/otros\\\/turismo-comunitario-en-centroamerica-donde-ir\\\/\"},\"author\":{\"name\":\"Denis Alvarado\",\"@id\":\"https:\\\/\\\/www.visitcentroamerica.com\\\/sala-prensa\\\/#\\\/schema\\\/person\\\/0aa3bd0dbaabaead6089ee3dd0cd7ae5\"},\"headline\":\"Turismo comunitario en Centroam\u00e9rica: \u00bfd\u00f3nde ir?\",\"datePublished\":\"2021-03-12T16:12:53+00:00\",\"mainEntityOfPage\":{\"@id\":\"https:\\\/\\\/www.visitcentroamerica.com\\\/sala-prensa\\\/otros\\\/turismo-comunitario-en-centroamerica-donde-ir\\\/\"},\"wordCount\":274,\"commentCount\":0,\"image\":{\"@id\":\"https:\\\/\\\/www.visitcentroamerica.com\\\/sala-prensa\\\/otros\\\/turismo-comunitario-en-centroamerica-donde-ir\\\/#primaryimage\"},\"thumbnailUrl\":\"https:\\\/\\\/www.visitcentroamerica.com\\\/sala-prensa\\\/wp-content\\\/uploads\\\/2021\\\/03\\\/turismo-comunitario-donde-ir.jpg\",\"articleSection\":[\"Otros\"],\"inLanguage\":\"es\",\"potentialAction\":[{\"@type\":\"CommentAction\",\"name\":\"Comment\",\"target\":[\"https:\\\/\\\/www.visitcentroamerica.com\\\/sala-prensa\\\/otros\\\/turismo-comunitario-en-centroamerica-donde-ir\\\/#respond\"]}]},{\"@type\":\"WebPage\",\"@id\":\"https:\\\/\\\/www.visitcentroamerica.com\\\/sala-prensa\\\/otros\\\/turismo-comunitario-en-centroamerica-donde-ir\\\/\",\"url\":\"https:\\\/\\\/www.visitcentroamerica.com\\\/sala-prensa\\\/otros\\\/turismo-comunitario-en-centroamerica-donde-ir\\\/\",\"name\":\"Vive tu mejor experiencia de turismo comunitario en Centroam\u00e9rica\",\"isPartOf\":{\"@id\":\"https:\\\/\\\/www.visitcentroamerica.com\\\/sala-prensa\\\/#website\"},\"primaryImageOfPage\":{\"@id\":\"https:\\\/\\\/www.visitcentroamerica.com\\\/sala-prensa\\\/otros\\\/turismo-comunitario-en-centroamerica-donde-ir\\\/#primaryimage\"},\"image\":{\"@id\":\"https:\\\/\\\/www.visitcentroamerica.com\\\/sala-prensa\\\/otros\\\/turismo-comunitario-en-centroamerica-donde-ir\\\/#primaryimage\"},\"thumbnailUrl\":\"https:\\\/\\\/www.visitcentroamerica.com\\\/sala-prensa\\\/wp-content\\\/uploads\\\/2021\\\/03\\\/turismo-comunitario-donde-ir.jpg\",\"datePublished\":\"2021-03-12T16:12:53+00:00\",\"author\":{\"@id\":\"https:\\\/\\\/www.visitcentroamerica.com\\\/sala-prensa\\\/#\\\/schema\\\/person\\\/0aa3bd0dbaabaead6089ee3dd0cd7ae5\"},\"description\":\"Descubre las costumbres de estas comunidades de Guatemala, Honduras y Panam\u00e1, tres pa\u00edses propicios para impulsar el turismo comunitario en Centroam\u00e9rica\",\"breadcrumb\":{\"@id\":\"https:\\\/\\\/www.visitcentroamerica.com\\\/sala-prensa\\\/otros\\\/turismo-comunitario-en-centroamerica-donde-ir\\\/#breadcrumb\"},\"inLanguage\":\"es\",\"potentialAction\":[{\"@type\":\"ReadAction\",\"target\":[\"https:\\\/\\\/www.visitcentroamerica.com\\\/sala-prensa\\\/otros\\\/turismo-comunitario-en-centroamerica-donde-ir\\\/\"]}]},{\"@type\":\"ImageObject\",\"inLanguage\":\"es\",\"@id\":\"https:\\\/\\\/www.visitcentroamerica.com\\\/sala-prensa\\\/otros\\\/turismo-comunitario-en-centroamerica-donde-ir\\\/#primaryimage\",\"url\":\"https:\\\/\\\/www.visitcentroamerica.com\\\/sala-prensa\\\/wp-content\\\/uploads\\\/2021\\\/03\\\/turismo-comunitario-donde-ir.jpg\",\"contentUrl\":\"https:\\\/\\\/www.visitcentroamerica.com\\\/sala-prensa\\\/wp-content\\\/uploads\\\/2021\\\/03\\\/turismo-comunitario-donde-ir.jpg\",\"width\":1200,\"height\":600},{\"@type\":\"BreadcrumbList\",\"@id\":\"https:\\\/\\\/www.visitcentroamerica.com\\\/sala-prensa\\\/otros\\\/turismo-comunitario-en-centroamerica-donde-ir\\\/#breadcrumb\",\"itemListElement\":[{\"@type\":\"ListItem\",\"position\":1,\"name\":\"Portada\",\"item\":\"https:\\\/\\\/www.visitcentroamerica.com\\\/sala-prensa\\\/\"},{\"@type\":\"ListItem\",\"position\":2,\"name\":\"Turismo comunitario en Centroam\u00e9rica: \u00bfd\u00f3nde ir?\"}]},{\"@type\":\"WebSite\",\"@id\":\"https:\\\/\\\/www.visitcentroamerica.com\\\/sala-prensa\\\/#website\",\"url\":\"https:\\\/\\\/www.visitcentroamerica.com\\\/sala-prensa\\\/\",\"name\":\"Sala de prensa\",\"description\":\"\",\"potentialAction\":[{\"@type\":\"SearchAction\",\"target\":{\"@type\":\"EntryPoint\",\"urlTemplate\":\"https:\\\/\\\/www.visitcentroamerica.com\\\/sala-prensa\\\/?s={search_term_string}\"},\"query-input\":{\"@type\":\"PropertyValueSpecification\",\"valueRequired\":true,\"valueName\":\"search_term_string\"}}],\"inLanguage\":\"es\"},{\"@type\":\"Person\",\"@id\":\"https:\\\/\\\/www.visitcentroamerica.com\\\/sala-prensa\\\/#\\\/schema\\\/person\\\/0aa3bd0dbaabaead6089ee3dd0cd7ae5\",\"name\":\"Denis Alvarado\",\"image\":{\"@type\":\"ImageObject\",\"inLanguage\":\"es\",\"@id\":\"https:\\\/\\\/secure.gravatar.com\\\/avatar\\\/c31f0697f6edb7c68d5dedc2ccbd548d2a9f73aa293e81c6a1425229ec4c9135?s=96&d=mm&r=g\",\"url\":\"https:\\\/\\\/secure.gravatar.com\\\/avatar\\\/c31f0697f6edb7c68d5dedc2ccbd548d2a9f73aa293e81c6a1425229ec4c9135?s=96&d=mm&r=g\",\"contentUrl\":\"https:\\\/\\\/secure.gravatar.com\\\/avatar\\\/c31f0697f6edb7c68d5dedc2ccbd548d2a9f73aa293e81c6a1425229ec4c9135?s=96&d=mm&r=g\",\"caption\":\"Denis Alvarado\"},\"url\":\"https:\\\/\\\/www.visitcentroamerica.com\\\/sala-prensa\\\/author\\\/denis\\\/\"}]}<\/script>\n<!-- \/ Yoast SEO plugin. -->","yoast_head_json":{"title":"Vive tu mejor experiencia de turismo comunitario en Centroam\u00e9rica","description":"Descubre las costumbres de estas comunidades de Guatemala, Honduras y Panam\u00e1, tres pa\u00edses propicios para impulsar el turismo comunitario en Centroam\u00e9rica","robots":{"index":"index","follow":"follow","max-snippet":"max-snippet:-1","max-image-preview":"max-image-preview:large","max-video-preview":"max-video-preview:-1"},"canonical":"https:\/\/www.visitcentroamerica.com\/sala-prensa\/otros\/turismo-comunitario-en-centroamerica-donde-ir\/","og_locale":"es_ES","og_type":"article","og_title":"Vive tu mejor experiencia de turismo comunitario en Centroam\u00e9rica","og_description":"Descubre las costumbres de estas comunidades de Guatemala, Honduras y Panam\u00e1, tres pa\u00edses propicios para impulsar el turismo comunitario en Centroam\u00e9rica","og_url":"https:\/\/www.visitcentroamerica.com\/sala-prensa\/otros\/turismo-comunitario-en-centroamerica-donde-ir\/","og_site_name":"Sala de prensa","article_published_time":"2021-03-12T16:12:53+00:00","og_image":[{"width":1200,"height":600,"url":"https:\/\/www.visitcentroamerica.com\/sala-prensa\/wp-content\/uploads\/2021\/03\/turismo-comunitario-donde-ir.jpg","type":"image\/jpeg"}],"author":"Denis Alvarado","twitter_card":"summary_large_image","twitter_misc":{"Escrito por":"Denis Alvarado","Tiempo de lectura":"1 minuto"},"schema":{"@context":"https:\/\/schema.org","@graph":[{"@type":"Article","@id":"https:\/\/www.visitcentroamerica.com\/sala-prensa\/otros\/turismo-comunitario-en-centroamerica-donde-ir\/#article","isPartOf":{"@id":"https:\/\/www.visitcentroamerica.com\/sala-prensa\/otros\/turismo-comunitario-en-centroamerica-donde-ir\/"},"author":{"name":"Denis Alvarado","@id":"https:\/\/www.visitcentroamerica.com\/sala-prensa\/#\/schema\/person\/0aa3bd0dbaabaead6089ee3dd0cd7ae5"},"headline":"Turismo comunitario en Centroam\u00e9rica: \u00bfd\u00f3nde ir?","datePublished":"2021-03-12T16:12:53+00:00","mainEntityOfPage":{"@id":"https:\/\/www.visitcentroamerica.com\/sala-prensa\/otros\/turismo-comunitario-en-centroamerica-donde-ir\/"},"wordCount":274,"commentCount":0,"image":{"@id":"https:\/\/www.visitcentroamerica.com\/sala-prensa\/otros\/turismo-comunitario-en-centroamerica-donde-ir\/#primaryimage"},"thumbnailUrl":"https:\/\/www.visitcentroamerica.com\/sala-prensa\/wp-content\/uploads\/2021\/03\/turismo-comunitario-donde-ir.jpg","articleSection":["Otros"],"inLanguage":"es","potentialAction":[{"@type":"CommentAction","name":"Comment","target":["https:\/\/www.visitcentroamerica.com\/sala-prensa\/otros\/turismo-comunitario-en-centroamerica-donde-ir\/#respond"]}]},{"@type":"WebPage","@id":"https:\/\/www.visitcentroamerica.com\/sala-prensa\/otros\/turismo-comunitario-en-centroamerica-donde-ir\/","url":"https:\/\/www.visitcentroamerica.com\/sala-prensa\/otros\/turismo-comunitario-en-centroamerica-donde-ir\/","name":"Vive tu mejor experiencia de turismo comunitario en Centroam\u00e9rica","isPartOf":{"@id":"https:\/\/www.visitcentroamerica.com\/sala-prensa\/#website"},"primaryImageOfPage":{"@id":"https:\/\/www.visitcentroamerica.com\/sala-prensa\/otros\/turismo-comunitario-en-centroamerica-donde-ir\/#primaryimage"},"image":{"@id":"https:\/\/www.visitcentroamerica.com\/sala-prensa\/otros\/turismo-comunitario-en-centroamerica-donde-ir\/#primaryimage"},"thumbnailUrl":"https:\/\/www.visitcentroamerica.com\/sala-prensa\/wp-content\/uploads\/2021\/03\/turismo-comunitario-donde-ir.jpg","datePublished":"2021-03-12T16:12:53+00:00","author":{"@id":"https:\/\/www.visitcentroamerica.com\/sala-prensa\/#\/schema\/person\/0aa3bd0dbaabaead6089ee3dd0cd7ae5"},"description":"Descubre las costumbres de estas comunidades de Guatemala, Honduras y Panam\u00e1, tres pa\u00edses propicios para impulsar el turismo comunitario en Centroam\u00e9rica","breadcrumb":{"@id":"https:\/\/www.visitcentroamerica.com\/sala-prensa\/otros\/turismo-comunitario-en-centroamerica-donde-ir\/#breadcrumb"},"inLanguage":"es","potentialAction":[{"@type":"ReadAction","target":["https:\/\/www.visitcentroamerica.com\/sala-prensa\/otros\/turismo-comunitario-en-centroamerica-donde-ir\/"]}]},{"@type":"ImageObject","inLanguage":"es","@id":"https:\/\/www.visitcentroamerica.com\/sala-prensa\/otros\/turismo-comunitario-en-centroamerica-donde-ir\/#primaryimage","url":"https:\/\/www.visitcentroamerica.com\/sala-prensa\/wp-content\/uploads\/2021\/03\/turismo-comunitario-donde-ir.jpg","contentUrl":"https:\/\/www.visitcentroamerica.com\/sala-prensa\/wp-content\/uploads\/2021\/03\/turismo-comunitario-donde-ir.jpg","width":1200,"height":600},{"@type":"BreadcrumbList","@id":"https:\/\/www.visitcentroamerica.com\/sala-prensa\/otros\/turismo-comunitario-en-centroamerica-donde-ir\/#breadcrumb","itemListElement":[{"@type":"ListItem","position":1,"name":"Portada","item":"https:\/\/www.visitcentroamerica.com\/sala-prensa\/"},{"@type":"ListItem","position":2,"name":"Turismo comunitario en Centroam\u00e9rica: \u00bfd\u00f3nde ir?"}]},{"@type":"WebSite","@id":"https:\/\/www.visitcentroamerica.com\/sala-prensa\/#website","url":"https:\/\/www.visitcentroamerica.com\/sala-prensa\/","name":"Sala de prensa","description":"","potentialAction":[{"@type":"SearchAction","target":{"@type":"EntryPoint","urlTemplate":"https:\/\/www.visitcentroamerica.com\/sala-prensa\/?s={search_term_string}"},"query-input":{"@type":"PropertyValueSpecification","valueRequired":true,"valueName":"search_term_string"}}],"inLanguage":"es"},{"@type":"Person","@id":"https:\/\/www.visitcentroamerica.com\/sala-prensa\/#\/schema\/person\/0aa3bd0dbaabaead6089ee3dd0cd7ae5","name":"Denis Alvarado","image":{"@type":"ImageObject","inLanguage":"es","@id":"https:\/\/secure.gravatar.com\/avatar\/c31f0697f6edb7c68d5dedc2ccbd548d2a9f73aa293e81c6a1425229ec4c9135?s=96&d=mm&r=g","url":"https:\/\/secure.gravatar.com\/avatar\/c31f0697f6edb7c68d5dedc2ccbd548d2a9f73aa293e81c6a1425229ec4c9135?s=96&d=mm&r=g","contentUrl":"https:\/\/secure.gravatar.com\/avatar\/c31f0697f6edb7c68d5dedc2ccbd548d2a9f73aa293e81c6a1425229ec4c9135?s=96&d=mm&r=g","caption":"Denis Alvarado"},"url":"https:\/\/www.visitcentroamerica.com\/sala-prensa\/author\/denis\/"}]}},"_links":{"self":[{"href":"https:\/\/www.visitcentroamerica.com\/sala-prensa\/wp-json\/wp\/v2\/posts\/11778","targetHints":{"allow":["GET"]}}],"collection":[{"href":"https:\/\/www.visitcentroamerica.com\/sala-prensa\/wp-json\/wp\/v2\/posts"}],"about":[{"href":"https:\/\/www.visitcentroamerica.com\/sala-prensa\/wp-json\/wp\/v2\/types\/post"}],"author":[{"embeddable":true,"href":"https:\/\/www.visitcentroamerica.com\/sala-prensa\/wp-json\/wp\/v2\/users\/5"}],"replies":[{"embeddable":true,"href":"https:\/\/www.visitcentroamerica.com\/sala-prensa\/wp-json\/wp\/v2\/comments?post=11778"}],"version-history":[{"count":2,"href":"https:\/\/www.visitcentroamerica.com\/sala-prensa\/wp-json\/wp\/v2\/posts\/11778\/revisions"}],"predecessor-version":[{"id":11782,"href":"https:\/\/www.visitcentroamerica.com\/sala-prensa\/wp-json\/wp\/v2\/posts\/11778\/revisions\/11782"}],"wp:featuredmedia":[{"embeddable":true,"href":"https:\/\/www.visitcentroamerica.com\/sala-prensa\/wp-json\/wp\/v2\/media\/11779"}],"wp:attachment":[{"href":"https:\/\/www.visitcentroamerica.com\/sala-prensa\/wp-json\/wp\/v2\/media?parent=11778"}],"wp:term":[{"taxonomy":"category","embeddable":true,"href":"https:\/\/www.visitcentroamerica.com\/sala-prensa\/wp-json\/wp\/v2\/categories?post=11778"},{"taxonomy":"post_tag","embeddable":true,"href":"https:\/\/www.visitcentroamerica.com\/sala-prensa\/wp-json\/wp\/v2\/tags?post=11778"}],"curies":[{"name":"wp","href":"https:\/\/api.w.org\/{rel}","templated":true}]}}