{"id":11577,"date":"2021-01-20T15:24:58","date_gmt":"2021-01-20T15:24:58","guid":{"rendered":"https:\/\/www.visitcentroamerica.com\/sala-prensa\/?p=11577"},"modified":"2021-01-25T15:52:00","modified_gmt":"2021-01-25T15:52:00","slug":"teletrabajo-por-que-no-desde-centroamerica","status":"publish","type":"post","link":"https:\/\/www.visitcentroamerica.com\/sala-prensa\/viajar\/negocios\/teletrabajo-por-que-no-desde-centroamerica\/","title":{"rendered":"Teletrabajo: \u00bfPor qu\u00e9 no desde Centroam\u00e9rica?"},"content":{"rendered":"<p>La tecnolog\u00eda\u00a0posibilita\u00a0la conectividad desde\u00a0el espacio tur\u00edstico m\u00e1s inesperado. Cualquier alojamiento est\u00e1 preparado\u00a0para trabajar a distancia en un lugar paradisiaco, as\u00ed que, \u00bfpor qu\u00e9 no optar por el<strong> teletrabajo desde Centroam\u00e9rica<\/strong>? En estos destinos de <strong>Am\u00e9rica Central<\/strong> que te revelar\u00e9, cumplir\u00e1s con tu jornada laboral con tranquilidad rodeado de vistas de ensue\u00f1o.<\/p>\n<h3>D\u00f3nde teletrabajar en Centroam\u00e9rica<\/h3>\n<p>El turismo de teletrabajo es popular en Centroam\u00e9rica debido a las facilidades que brindan muchos\u00a0destinos. <em>Wifi\u00a0<\/em>de alta velocidad, salas de videoconferencias, zonas de\u00a0<em>coworking<\/em>&#8230; Todo esto lo encuentras, por ejemplo, en\u00a0hoteles de<a href=\"https:\/\/www.visitcentroamerica.com\/visitar\/la-antigua-guatemala\/\" target=\"_blank\" rel=\"noopener\"><strong> La Antigua Guatemala<\/strong><\/a>, ciudad con numerosos edificios coloniales. Aqu\u00ed podr\u00e1s indagar en su historia\u00a0y visitar alguno de los volcanes que la rodean.<\/p>\n<p>Por cierto, si lo tuyo son los cr\u00e1teres, elige teletrabajar en <a href=\"https:\/\/www.visitcentroamerica.com\/visitar\/masaya-mercado-artesania\/\" target=\"_blank\" rel=\"noopener\"><strong>Masaya (Nicaragua)<\/strong><\/a>, para visitar el volc\u00e1n del mismo nombre, uno de los siete activos del pa\u00eds.<\/p>\n<h3>Biodiversidad y teletrabajo en Costa Rica<\/h3>\n<p>Si \u00fanicamente deseas conectar con la naturaleza, teletrabaja en <a href=\"https:\/\/www.visitcentroamerica.com\/visitar\/playas-guanacaste\/\" target=\"_blank\" rel=\"noopener\"><strong>Guanacaste<\/strong>\u00a0<\/a>(con posibilidad de caf\u00e9 gratis durante tu jornada). Aloj\u00e1ndote cerca del Parque Santa Rosa, podr\u00e1s practicar surf, caminar por un bosque tropical u observar las aves tras finalizar tu reuni\u00f3n virtual.<\/p>\n<p>Una jornada de <strong>teletrabajo en Centroam\u00e9rica<\/strong> te aportar\u00e1 calma para cumplir con tu obligaci\u00f3n. Prueba con estos lugares y <a href=\"http:\/\/www.visitcentroamerica.com\" target=\"_blank\" rel=\"noopener\">visita nuestra web<\/a> para conocer <a href=\"https:\/\/www.visitcentroamerica.com\/packages\/?_sft_typology-package=naturaleza\" target=\"_blank\" rel=\"noopener\">tours<\/a><br \/>\n<a href=\"https:\/\/www.visitcentroamerica.com\/packages\/?_sft_typology-package=naturaleza\">multidestino<\/a> donde teletrabajar sin presi\u00f3n. \u00a1Vivir unas vacaciones de pel\u00edcula trabajando\u00a0es posible!<\/p>\n<p>Experiencias:<\/p>\n<p>&#8211;<a href=\"https:\/\/www.visitcentroamerica.com\/experiencias\/incentivos-y-negocios\/\" target=\"_blank\" rel=\"noopener\">Incentivos y negocios<\/a>.<br \/>\n&#8211;<a href=\"https:\/\/www.visitcentroamerica.com\/experiencias\/natural\/\" target=\"_blank\" rel=\"noopener\">Centroam\u00e9rica natural<\/a>.<\/p>\n","protected":false},"excerpt":{"rendered":"<p>La tecnolog\u00eda\u00a0posibilita\u00a0la conectividad desde\u00a0el espacio tur\u00edstico m\u00e1s inesperado. Cualquier alojamiento est\u00e1 preparado\u00a0para trabajar a distancia en un lugar paradisiaco, as\u00ed que, \u00bfpor qu\u00e9 no optar por el teletrabajo desde Centroam\u00e9rica? En estos destinos de Am\u00e9rica Central que te revelar\u00e9, cumplir\u00e1s con tu jornada laboral con tranquilidad rodeado de vistas de ensue\u00f1o. D\u00f3nde teletrabajar en Centroam\u00e9rica [&hellip;]<\/p>\n","protected":false},"author":5,"featured_media":11578,"comment_status":"open","ping_status":"closed","sticky":false,"template":"","format":"standard","meta":{"footnotes":""},"categories":[32,66],"tags":[],"class_list":{"0":"post-11577","1":"post","2":"type-post","3":"status-publish","4":"format-standard","5":"has-post-thumbnail","7":"category-naturaleza","8":"category-negocios"},"yoast_head":"<!-- This site is optimized with the Yoast SEO plugin v27.3 - https:\/\/yoast.com\/product\/yoast-seo-wordpress\/ -->\n<title>Lugares donde el teletrabajo en Centroam\u00e9rica te resultar\u00e1 id\u00edlico<\/title>\n<meta name=\"description\" content=\"El teletrabajo en Centroam\u00e9rica cada vez es m\u00e1s popular debido a las buenas condiciones que ofrecen los alojamientos de pa\u00edses como Nicaragua, Costa Rica o Guatemala\" \/>\n<meta name=\"robots\" content=\"index, follow, max-snippet:-1, max-image-preview:large, max-video-preview:-1\" \/>\n<link rel=\"canonical\" href=\"https:\/\/www.visitcentroamerica.com\/sala-prensa\/viajar\/negocios\/teletrabajo-por-que-no-desde-centroamerica\/\" \/>\n<meta property=\"og:locale\" content=\"es_ES\" \/>\n<meta property=\"og:type\" content=\"article\" \/>\n<meta property=\"og:title\" content=\"Lugares donde el teletrabajo en Centroam\u00e9rica te resultar\u00e1 id\u00edlico\" \/>\n<meta property=\"og:description\" content=\"El teletrabajo en Centroam\u00e9rica cada vez es m\u00e1s popular debido a las buenas condiciones que ofrecen los alojamientos de pa\u00edses como Nicaragua, Costa Rica o Guatemala\" \/>\n<meta property=\"og:url\" content=\"https:\/\/www.visitcentroamerica.com\/sala-prensa\/viajar\/negocios\/teletrabajo-por-que-no-desde-centroamerica\/\" \/>\n<meta property=\"og:site_name\" content=\"Sala de prensa\" \/>\n<meta property=\"article:published_time\" content=\"2021-01-20T15:24:58+00:00\" \/>\n<meta property=\"article:modified_time\" content=\"2021-01-25T15:52:00+00:00\" \/>\n<meta property=\"og:image\" content=\"https:\/\/www.visitcentroamerica.com\/sala-prensa\/wp-content\/uploads\/2021\/01\/centroamerica-teletrabajo.jpg\" \/>\n\t<meta property=\"og:image:width\" content=\"1200\" \/>\n\t<meta property=\"og:image:height\" content=\"600\" \/>\n\t<meta property=\"og:image:type\" content=\"image\/jpeg\" \/>\n<meta name=\"author\" content=\"Denis Alvarado\" \/>\n<meta name=\"twitter:card\" content=\"summary_large_image\" \/>\n<meta name=\"twitter:label1\" content=\"Escrito por\" \/>\n\t<meta name=\"twitter:data1\" content=\"Denis Alvarado\" \/>\n\t<meta name=\"twitter:label2\" content=\"Tiempo de lectura\" \/>\n\t<meta name=\"twitter:data2\" content=\"1 minuto\" \/>\n<script type=\"application\/ld+json\" class=\"yoast-schema-graph\">{\"@context\":\"https:\\\/\\\/schema.org\",\"@graph\":[{\"@type\":\"Article\",\"@id\":\"https:\\\/\\\/www.visitcentroamerica.com\\\/sala-prensa\\\/viajar\\\/negocios\\\/teletrabajo-por-que-no-desde-centroamerica\\\/#article\",\"isPartOf\":{\"@id\":\"https:\\\/\\\/www.visitcentroamerica.com\\\/sala-prensa\\\/viajar\\\/negocios\\\/teletrabajo-por-que-no-desde-centroamerica\\\/\"},\"author\":{\"name\":\"Denis Alvarado\",\"@id\":\"https:\\\/\\\/www.visitcentroamerica.com\\\/sala-prensa\\\/#\\\/schema\\\/person\\\/0aa3bd0dbaabaead6089ee3dd0cd7ae5\"},\"headline\":\"Teletrabajo: \u00bfPor qu\u00e9 no desde Centroam\u00e9rica?\",\"datePublished\":\"2021-01-20T15:24:58+00:00\",\"dateModified\":\"2021-01-25T15:52:00+00:00\",\"mainEntityOfPage\":{\"@id\":\"https:\\\/\\\/www.visitcentroamerica.com\\\/sala-prensa\\\/viajar\\\/negocios\\\/teletrabajo-por-que-no-desde-centroamerica\\\/\"},\"wordCount\":264,\"commentCount\":0,\"image\":{\"@id\":\"https:\\\/\\\/www.visitcentroamerica.com\\\/sala-prensa\\\/viajar\\\/negocios\\\/teletrabajo-por-que-no-desde-centroamerica\\\/#primaryimage\"},\"thumbnailUrl\":\"https:\\\/\\\/www.visitcentroamerica.com\\\/sala-prensa\\\/wp-content\\\/uploads\\\/2021\\\/01\\\/centroamerica-teletrabajo.jpg\",\"articleSection\":[\"Naturaleza\",\"Negocios\"],\"inLanguage\":\"es\",\"potentialAction\":[{\"@type\":\"CommentAction\",\"name\":\"Comment\",\"target\":[\"https:\\\/\\\/www.visitcentroamerica.com\\\/sala-prensa\\\/viajar\\\/negocios\\\/teletrabajo-por-que-no-desde-centroamerica\\\/#respond\"]}]},{\"@type\":\"WebPage\",\"@id\":\"https:\\\/\\\/www.visitcentroamerica.com\\\/sala-prensa\\\/viajar\\\/negocios\\\/teletrabajo-por-que-no-desde-centroamerica\\\/\",\"url\":\"https:\\\/\\\/www.visitcentroamerica.com\\\/sala-prensa\\\/viajar\\\/negocios\\\/teletrabajo-por-que-no-desde-centroamerica\\\/\",\"name\":\"Lugares donde el teletrabajo en Centroam\u00e9rica te resultar\u00e1 id\u00edlico\",\"isPartOf\":{\"@id\":\"https:\\\/\\\/www.visitcentroamerica.com\\\/sala-prensa\\\/#website\"},\"primaryImageOfPage\":{\"@id\":\"https:\\\/\\\/www.visitcentroamerica.com\\\/sala-prensa\\\/viajar\\\/negocios\\\/teletrabajo-por-que-no-desde-centroamerica\\\/#primaryimage\"},\"image\":{\"@id\":\"https:\\\/\\\/www.visitcentroamerica.com\\\/sala-prensa\\\/viajar\\\/negocios\\\/teletrabajo-por-que-no-desde-centroamerica\\\/#primaryimage\"},\"thumbnailUrl\":\"https:\\\/\\\/www.visitcentroamerica.com\\\/sala-prensa\\\/wp-content\\\/uploads\\\/2021\\\/01\\\/centroamerica-teletrabajo.jpg\",\"datePublished\":\"2021-01-20T15:24:58+00:00\",\"dateModified\":\"2021-01-25T15:52:00+00:00\",\"author\":{\"@id\":\"https:\\\/\\\/www.visitcentroamerica.com\\\/sala-prensa\\\/#\\\/schema\\\/person\\\/0aa3bd0dbaabaead6089ee3dd0cd7ae5\"},\"description\":\"El teletrabajo en Centroam\u00e9rica cada vez es m\u00e1s popular debido a las buenas condiciones que ofrecen los alojamientos de pa\u00edses como Nicaragua, Costa Rica o Guatemala\",\"breadcrumb\":{\"@id\":\"https:\\\/\\\/www.visitcentroamerica.com\\\/sala-prensa\\\/viajar\\\/negocios\\\/teletrabajo-por-que-no-desde-centroamerica\\\/#breadcrumb\"},\"inLanguage\":\"es\",\"potentialAction\":[{\"@type\":\"ReadAction\",\"target\":[\"https:\\\/\\\/www.visitcentroamerica.com\\\/sala-prensa\\\/viajar\\\/negocios\\\/teletrabajo-por-que-no-desde-centroamerica\\\/\"]}]},{\"@type\":\"ImageObject\",\"inLanguage\":\"es\",\"@id\":\"https:\\\/\\\/www.visitcentroamerica.com\\\/sala-prensa\\\/viajar\\\/negocios\\\/teletrabajo-por-que-no-desde-centroamerica\\\/#primaryimage\",\"url\":\"https:\\\/\\\/www.visitcentroamerica.com\\\/sala-prensa\\\/wp-content\\\/uploads\\\/2021\\\/01\\\/centroamerica-teletrabajo.jpg\",\"contentUrl\":\"https:\\\/\\\/www.visitcentroamerica.com\\\/sala-prensa\\\/wp-content\\\/uploads\\\/2021\\\/01\\\/centroamerica-teletrabajo.jpg\",\"width\":1200,\"height\":600,\"caption\":\"Centroam\u00e9rica - teletrabajo\"},{\"@type\":\"BreadcrumbList\",\"@id\":\"https:\\\/\\\/www.visitcentroamerica.com\\\/sala-prensa\\\/viajar\\\/negocios\\\/teletrabajo-por-que-no-desde-centroamerica\\\/#breadcrumb\",\"itemListElement\":[{\"@type\":\"ListItem\",\"position\":1,\"name\":\"Portada\",\"item\":\"https:\\\/\\\/www.visitcentroamerica.com\\\/sala-prensa\\\/\"},{\"@type\":\"ListItem\",\"position\":2,\"name\":\"Teletrabajo: \u00bfPor qu\u00e9 no desde Centroam\u00e9rica?\"}]},{\"@type\":\"WebSite\",\"@id\":\"https:\\\/\\\/www.visitcentroamerica.com\\\/sala-prensa\\\/#website\",\"url\":\"https:\\\/\\\/www.visitcentroamerica.com\\\/sala-prensa\\\/\",\"name\":\"Sala de prensa\",\"description\":\"\",\"potentialAction\":[{\"@type\":\"SearchAction\",\"target\":{\"@type\":\"EntryPoint\",\"urlTemplate\":\"https:\\\/\\\/www.visitcentroamerica.com\\\/sala-prensa\\\/?s={search_term_string}\"},\"query-input\":{\"@type\":\"PropertyValueSpecification\",\"valueRequired\":true,\"valueName\":\"search_term_string\"}}],\"inLanguage\":\"es\"},{\"@type\":\"Person\",\"@id\":\"https:\\\/\\\/www.visitcentroamerica.com\\\/sala-prensa\\\/#\\\/schema\\\/person\\\/0aa3bd0dbaabaead6089ee3dd0cd7ae5\",\"name\":\"Denis Alvarado\",\"image\":{\"@type\":\"ImageObject\",\"inLanguage\":\"es\",\"@id\":\"https:\\\/\\\/secure.gravatar.com\\\/avatar\\\/c31f0697f6edb7c68d5dedc2ccbd548d2a9f73aa293e81c6a1425229ec4c9135?s=96&d=mm&r=g\",\"url\":\"https:\\\/\\\/secure.gravatar.com\\\/avatar\\\/c31f0697f6edb7c68d5dedc2ccbd548d2a9f73aa293e81c6a1425229ec4c9135?s=96&d=mm&r=g\",\"contentUrl\":\"https:\\\/\\\/secure.gravatar.com\\\/avatar\\\/c31f0697f6edb7c68d5dedc2ccbd548d2a9f73aa293e81c6a1425229ec4c9135?s=96&d=mm&r=g\",\"caption\":\"Denis Alvarado\"},\"url\":\"https:\\\/\\\/www.visitcentroamerica.com\\\/sala-prensa\\\/author\\\/denis\\\/\"}]}<\/script>\n<!-- \/ Yoast SEO plugin. -->","yoast_head_json":{"title":"Lugares donde el teletrabajo en Centroam\u00e9rica te resultar\u00e1 id\u00edlico","description":"El teletrabajo en Centroam\u00e9rica cada vez es m\u00e1s popular debido a las buenas condiciones que ofrecen los alojamientos de pa\u00edses como Nicaragua, Costa Rica o Guatemala","robots":{"index":"index","follow":"follow","max-snippet":"max-snippet:-1","max-image-preview":"max-image-preview:large","max-video-preview":"max-video-preview:-1"},"canonical":"https:\/\/www.visitcentroamerica.com\/sala-prensa\/viajar\/negocios\/teletrabajo-por-que-no-desde-centroamerica\/","og_locale":"es_ES","og_type":"article","og_title":"Lugares donde el teletrabajo en Centroam\u00e9rica te resultar\u00e1 id\u00edlico","og_description":"El teletrabajo en Centroam\u00e9rica cada vez es m\u00e1s popular debido a las buenas condiciones que ofrecen los alojamientos de pa\u00edses como Nicaragua, Costa Rica o Guatemala","og_url":"https:\/\/www.visitcentroamerica.com\/sala-prensa\/viajar\/negocios\/teletrabajo-por-que-no-desde-centroamerica\/","og_site_name":"Sala de prensa","article_published_time":"2021-01-20T15:24:58+00:00","article_modified_time":"2021-01-25T15:52:00+00:00","og_image":[{"width":1200,"height":600,"url":"https:\/\/www.visitcentroamerica.com\/sala-prensa\/wp-content\/uploads\/2021\/01\/centroamerica-teletrabajo.jpg","type":"image\/jpeg"}],"author":"Denis Alvarado","twitter_card":"summary_large_image","twitter_misc":{"Escrito por":"Denis Alvarado","Tiempo de lectura":"1 minuto"},"schema":{"@context":"https:\/\/schema.org","@graph":[{"@type":"Article","@id":"https:\/\/www.visitcentroamerica.com\/sala-prensa\/viajar\/negocios\/teletrabajo-por-que-no-desde-centroamerica\/#article","isPartOf":{"@id":"https:\/\/www.visitcentroamerica.com\/sala-prensa\/viajar\/negocios\/teletrabajo-por-que-no-desde-centroamerica\/"},"author":{"name":"Denis Alvarado","@id":"https:\/\/www.visitcentroamerica.com\/sala-prensa\/#\/schema\/person\/0aa3bd0dbaabaead6089ee3dd0cd7ae5"},"headline":"Teletrabajo: \u00bfPor qu\u00e9 no desde Centroam\u00e9rica?","datePublished":"2021-01-20T15:24:58+00:00","dateModified":"2021-01-25T15:52:00+00:00","mainEntityOfPage":{"@id":"https:\/\/www.visitcentroamerica.com\/sala-prensa\/viajar\/negocios\/teletrabajo-por-que-no-desde-centroamerica\/"},"wordCount":264,"commentCount":0,"image":{"@id":"https:\/\/www.visitcentroamerica.com\/sala-prensa\/viajar\/negocios\/teletrabajo-por-que-no-desde-centroamerica\/#primaryimage"},"thumbnailUrl":"https:\/\/www.visitcentroamerica.com\/sala-prensa\/wp-content\/uploads\/2021\/01\/centroamerica-teletrabajo.jpg","articleSection":["Naturaleza","Negocios"],"inLanguage":"es","potentialAction":[{"@type":"CommentAction","name":"Comment","target":["https:\/\/www.visitcentroamerica.com\/sala-prensa\/viajar\/negocios\/teletrabajo-por-que-no-desde-centroamerica\/#respond"]}]},{"@type":"WebPage","@id":"https:\/\/www.visitcentroamerica.com\/sala-prensa\/viajar\/negocios\/teletrabajo-por-que-no-desde-centroamerica\/","url":"https:\/\/www.visitcentroamerica.com\/sala-prensa\/viajar\/negocios\/teletrabajo-por-que-no-desde-centroamerica\/","name":"Lugares donde el teletrabajo en Centroam\u00e9rica te resultar\u00e1 id\u00edlico","isPartOf":{"@id":"https:\/\/www.visitcentroamerica.com\/sala-prensa\/#website"},"primaryImageOfPage":{"@id":"https:\/\/www.visitcentroamerica.com\/sala-prensa\/viajar\/negocios\/teletrabajo-por-que-no-desde-centroamerica\/#primaryimage"},"image":{"@id":"https:\/\/www.visitcentroamerica.com\/sala-prensa\/viajar\/negocios\/teletrabajo-por-que-no-desde-centroamerica\/#primaryimage"},"thumbnailUrl":"https:\/\/www.visitcentroamerica.com\/sala-prensa\/wp-content\/uploads\/2021\/01\/centroamerica-teletrabajo.jpg","datePublished":"2021-01-20T15:24:58+00:00","dateModified":"2021-01-25T15:52:00+00:00","author":{"@id":"https:\/\/www.visitcentroamerica.com\/sala-prensa\/#\/schema\/person\/0aa3bd0dbaabaead6089ee3dd0cd7ae5"},"description":"El teletrabajo en Centroam\u00e9rica cada vez es m\u00e1s popular debido a las buenas condiciones que ofrecen los alojamientos de pa\u00edses como Nicaragua, Costa Rica o Guatemala","breadcrumb":{"@id":"https:\/\/www.visitcentroamerica.com\/sala-prensa\/viajar\/negocios\/teletrabajo-por-que-no-desde-centroamerica\/#breadcrumb"},"inLanguage":"es","potentialAction":[{"@type":"ReadAction","target":["https:\/\/www.visitcentroamerica.com\/sala-prensa\/viajar\/negocios\/teletrabajo-por-que-no-desde-centroamerica\/"]}]},{"@type":"ImageObject","inLanguage":"es","@id":"https:\/\/www.visitcentroamerica.com\/sala-prensa\/viajar\/negocios\/teletrabajo-por-que-no-desde-centroamerica\/#primaryimage","url":"https:\/\/www.visitcentroamerica.com\/sala-prensa\/wp-content\/uploads\/2021\/01\/centroamerica-teletrabajo.jpg","contentUrl":"https:\/\/www.visitcentroamerica.com\/sala-prensa\/wp-content\/uploads\/2021\/01\/centroamerica-teletrabajo.jpg","width":1200,"height":600,"caption":"Centroam\u00e9rica - teletrabajo"},{"@type":"BreadcrumbList","@id":"https:\/\/www.visitcentroamerica.com\/sala-prensa\/viajar\/negocios\/teletrabajo-por-que-no-desde-centroamerica\/#breadcrumb","itemListElement":[{"@type":"ListItem","position":1,"name":"Portada","item":"https:\/\/www.visitcentroamerica.com\/sala-prensa\/"},{"@type":"ListItem","position":2,"name":"Teletrabajo: \u00bfPor qu\u00e9 no desde Centroam\u00e9rica?"}]},{"@type":"WebSite","@id":"https:\/\/www.visitcentroamerica.com\/sala-prensa\/#website","url":"https:\/\/www.visitcentroamerica.com\/sala-prensa\/","name":"Sala de prensa","description":"","potentialAction":[{"@type":"SearchAction","target":{"@type":"EntryPoint","urlTemplate":"https:\/\/www.visitcentroamerica.com\/sala-prensa\/?s={search_term_string}"},"query-input":{"@type":"PropertyValueSpecification","valueRequired":true,"valueName":"search_term_string"}}],"inLanguage":"es"},{"@type":"Person","@id":"https:\/\/www.visitcentroamerica.com\/sala-prensa\/#\/schema\/person\/0aa3bd0dbaabaead6089ee3dd0cd7ae5","name":"Denis Alvarado","image":{"@type":"ImageObject","inLanguage":"es","@id":"https:\/\/secure.gravatar.com\/avatar\/c31f0697f6edb7c68d5dedc2ccbd548d2a9f73aa293e81c6a1425229ec4c9135?s=96&d=mm&r=g","url":"https:\/\/secure.gravatar.com\/avatar\/c31f0697f6edb7c68d5dedc2ccbd548d2a9f73aa293e81c6a1425229ec4c9135?s=96&d=mm&r=g","contentUrl":"https:\/\/secure.gravatar.com\/avatar\/c31f0697f6edb7c68d5dedc2ccbd548d2a9f73aa293e81c6a1425229ec4c9135?s=96&d=mm&r=g","caption":"Denis Alvarado"},"url":"https:\/\/www.visitcentroamerica.com\/sala-prensa\/author\/denis\/"}]}},"_links":{"self":[{"href":"https:\/\/www.visitcentroamerica.com\/sala-prensa\/wp-json\/wp\/v2\/posts\/11577","targetHints":{"allow":["GET"]}}],"collection":[{"href":"https:\/\/www.visitcentroamerica.com\/sala-prensa\/wp-json\/wp\/v2\/posts"}],"about":[{"href":"https:\/\/www.visitcentroamerica.com\/sala-prensa\/wp-json\/wp\/v2\/types\/post"}],"author":[{"embeddable":true,"href":"https:\/\/www.visitcentroamerica.com\/sala-prensa\/wp-json\/wp\/v2\/users\/5"}],"replies":[{"embeddable":true,"href":"https:\/\/www.visitcentroamerica.com\/sala-prensa\/wp-json\/wp\/v2\/comments?post=11577"}],"version-history":[{"count":2,"href":"https:\/\/www.visitcentroamerica.com\/sala-prensa\/wp-json\/wp\/v2\/posts\/11577\/revisions"}],"predecessor-version":[{"id":11582,"href":"https:\/\/www.visitcentroamerica.com\/sala-prensa\/wp-json\/wp\/v2\/posts\/11577\/revisions\/11582"}],"wp:featuredmedia":[{"embeddable":true,"href":"https:\/\/www.visitcentroamerica.com\/sala-prensa\/wp-json\/wp\/v2\/media\/11578"}],"wp:attachment":[{"href":"https:\/\/www.visitcentroamerica.com\/sala-prensa\/wp-json\/wp\/v2\/media?parent=11577"}],"wp:term":[{"taxonomy":"category","embeddable":true,"href":"https:\/\/www.visitcentroamerica.com\/sala-prensa\/wp-json\/wp\/v2\/categories?post=11577"},{"taxonomy":"post_tag","embeddable":true,"href":"https:\/\/www.visitcentroamerica.com\/sala-prensa\/wp-json\/wp\/v2\/tags?post=11577"}],"curies":[{"name":"wp","href":"https:\/\/api.w.org\/{rel}","templated":true}]}}