{"id":11484,"date":"2020-12-17T09:18:08","date_gmt":"2020-12-17T09:18:08","guid":{"rendered":"https:\/\/www.visitcentroamerica.com\/sala-prensa\/?p=11484"},"modified":"2020-12-17T09:21:28","modified_gmt":"2020-12-17T09:21:28","slug":"un-crisol-de-culturas-y-costumbres-asi-se-celebran-las-navidades-en-centroamerica-y-republica-dominicana","status":"publish","type":"post","link":"https:\/\/www.visitcentroamerica.com\/sala-prensa\/actualidad\/un-crisol-de-culturas-y-costumbres-asi-se-celebran-las-navidades-en-centroamerica-y-republica-dominicana\/","title":{"rendered":"Un crisol de culturas y costumbres: as\u00ed se celebran las navidades en Centroam\u00e9rica y Rep\u00fablica Dominicana"},"content":{"rendered":"<p><img decoding=\"async\" class=\"alignnone size-full wp-image-11485\" src=\"https:\/\/www.visitcentroamerica.com\/sala-prensa\/wp-content\/uploads\/2020\/12\/festival-de-luz-costa-rica-centroamerica.jpg\" alt=\"\" width=\"100%\" height=\"auto\" srcset=\"https:\/\/www.visitcentroamerica.com\/sala-prensa\/wp-content\/uploads\/2020\/12\/festival-de-luz-costa-rica-centroamerica.jpg 1200w, https:\/\/www.visitcentroamerica.com\/sala-prensa\/wp-content\/uploads\/2020\/12\/festival-de-luz-costa-rica-centroamerica-300x150.jpg 300w, https:\/\/www.visitcentroamerica.com\/sala-prensa\/wp-content\/uploads\/2020\/12\/festival-de-luz-costa-rica-centroamerica-1024x512.jpg 1024w, https:\/\/www.visitcentroamerica.com\/sala-prensa\/wp-content\/uploads\/2020\/12\/festival-de-luz-costa-rica-centroamerica-768x384.jpg 768w, https:\/\/www.visitcentroamerica.com\/sala-prensa\/wp-content\/uploads\/2020\/12\/festival-de-luz-costa-rica-centroamerica-696x348.jpg 696w, https:\/\/www.visitcentroamerica.com\/sala-prensa\/wp-content\/uploads\/2020\/12\/festival-de-luz-costa-rica-centroamerica-1068x534.jpg 1068w, https:\/\/www.visitcentroamerica.com\/sala-prensa\/wp-content\/uploads\/2020\/12\/festival-de-luz-costa-rica-centroamerica-840x420.jpg 840w, https:\/\/www.visitcentroamerica.com\/sala-prensa\/wp-content\/uploads\/2020\/12\/festival-de-luz-costa-rica-centroamerica-500x250.jpg 500w\" sizes=\"(max-width: 1200px) 100vw, 1200px\" \/><\/p>\n<p>La Navidad es una de las fechas m\u00e1s celebradas en Centroam\u00e9rica y Rep\u00fablica Dominicana. El color y la alegr\u00eda protagonizan el ambiente festivo navide\u00f1o, que combina antiguas tradiciones ind\u00edgenas y tribales junto con las cristianas como muestra de la riqueza cultural del territorio.<\/p>\n<p>En Honduras, la Navidad mezcla fiestas gar\u00edfunas y cat\u00f3licas, con la quema en fin de a\u00f1o de un monigote como s\u00edmbolo de purificaci\u00f3n. El segundo s\u00e1bado de diciembre, con el Festival de la Luz en Costa Rica, se inician los festejos navide\u00f1os, que se unen al tradicional desfile de caballos. En Guatemala los fuegos artificiales son protagonistas todo el mes de diciembre, junto con tradicionales celebraciones mayas. Invitar a una sopa de carne en Navidad es t\u00edpico de Nicaragua, mientras que en Belice se mezclan las culturas criollas y gar\u00edfunas con desfiles y bailes. En El Salvador estrenar ropa en Navidad y A\u00f1o Nuevo es tradici\u00f3n; as\u00ed como tambi\u00e9n es costumbre ver en Panam\u00e1 a ni\u00f1os que recorren las casas cantando villancicos a cambio de un aguinaldo. El \u00e1rbol de madera navide\u00f1o (<em>Charamico)<\/em> y el pan dulce (<em>Telera<\/em>) son imprescindibles en la Navidad Dominicana.<\/p>\n","protected":false},"excerpt":{"rendered":"<p>La Navidad es una de las fechas m\u00e1s celebradas en Centroam\u00e9rica y Rep\u00fablica Dominicana. El color y la alegr\u00eda protagonizan el ambiente festivo navide\u00f1o, que combina antiguas tradiciones ind\u00edgenas y tribales junto con las cristianas como muestra de la riqueza cultural del territorio. En Honduras, la Navidad mezcla fiestas gar\u00edfunas y cat\u00f3licas, con la quema [&hellip;]<\/p>\n","protected":false},"author":5,"featured_media":11485,"comment_status":"open","ping_status":"closed","sticky":false,"template":"","format":"standard","meta":{"footnotes":""},"categories":[3,38,25],"tags":[],"class_list":{"0":"post-11484","1":"post","2":"type-post","3":"status-publish","4":"format-standard","5":"has-post-thumbnail","7":"category-actualidad","8":"category-fiestas","9":"category-viajar"},"yoast_head":"<!-- This site is optimized with the Yoast SEO plugin v27.3 - https:\/\/yoast.com\/product\/yoast-seo-wordpress\/ -->\n<title>Un crisol de culturas y costumbres: as\u00ed se celebran las navidades en Centroam\u00e9rica y Rep\u00fablica Dominicana - Sala de prensa<\/title>\n<meta name=\"robots\" content=\"index, follow, max-snippet:-1, max-image-preview:large, max-video-preview:-1\" \/>\n<link rel=\"canonical\" href=\"https:\/\/www.visitcentroamerica.com\/sala-prensa\/actualidad\/un-crisol-de-culturas-y-costumbres-asi-se-celebran-las-navidades-en-centroamerica-y-republica-dominicana\/\" \/>\n<meta property=\"og:locale\" content=\"es_ES\" \/>\n<meta property=\"og:type\" content=\"article\" \/>\n<meta property=\"og:title\" content=\"Un crisol de culturas y costumbres: as\u00ed se celebran las navidades en Centroam\u00e9rica y Rep\u00fablica Dominicana - Sala de prensa\" \/>\n<meta property=\"og:description\" content=\"La Navidad es una de las fechas m\u00e1s celebradas en Centroam\u00e9rica y Rep\u00fablica Dominicana. El color y la alegr\u00eda protagonizan el ambiente festivo navide\u00f1o, que combina antiguas tradiciones ind\u00edgenas y tribales junto con las cristianas como muestra de la riqueza cultural del territorio. En Honduras, la Navidad mezcla fiestas gar\u00edfunas y cat\u00f3licas, con la quema [&hellip;]\" \/>\n<meta property=\"og:url\" content=\"https:\/\/www.visitcentroamerica.com\/sala-prensa\/actualidad\/un-crisol-de-culturas-y-costumbres-asi-se-celebran-las-navidades-en-centroamerica-y-republica-dominicana\/\" \/>\n<meta property=\"og:site_name\" content=\"Sala de prensa\" \/>\n<meta property=\"article:published_time\" content=\"2020-12-17T09:18:08+00:00\" \/>\n<meta property=\"article:modified_time\" content=\"2020-12-17T09:21:28+00:00\" \/>\n<meta property=\"og:image\" content=\"https:\/\/www.visitcentroamerica.com\/sala-prensa\/wp-content\/uploads\/2020\/12\/festival-de-luz-costa-rica-centroamerica.jpg\" \/>\n\t<meta property=\"og:image:width\" content=\"1200\" \/>\n\t<meta property=\"og:image:height\" content=\"600\" \/>\n\t<meta property=\"og:image:type\" content=\"image\/jpeg\" \/>\n<meta name=\"author\" content=\"Denis Alvarado\" \/>\n<meta name=\"twitter:card\" content=\"summary_large_image\" \/>\n<meta name=\"twitter:label1\" content=\"Escrito por\" \/>\n\t<meta name=\"twitter:data1\" content=\"Denis Alvarado\" \/>\n\t<meta name=\"twitter:label2\" content=\"Tiempo de lectura\" \/>\n\t<meta name=\"twitter:data2\" content=\"1 minuto\" \/>\n<script type=\"application\/ld+json\" class=\"yoast-schema-graph\">{\"@context\":\"https:\\\/\\\/schema.org\",\"@graph\":[{\"@type\":\"Article\",\"@id\":\"https:\\\/\\\/www.visitcentroamerica.com\\\/sala-prensa\\\/actualidad\\\/un-crisol-de-culturas-y-costumbres-asi-se-celebran-las-navidades-en-centroamerica-y-republica-dominicana\\\/#article\",\"isPartOf\":{\"@id\":\"https:\\\/\\\/www.visitcentroamerica.com\\\/sala-prensa\\\/actualidad\\\/un-crisol-de-culturas-y-costumbres-asi-se-celebran-las-navidades-en-centroamerica-y-republica-dominicana\\\/\"},\"author\":{\"name\":\"Denis Alvarado\",\"@id\":\"https:\\\/\\\/www.visitcentroamerica.com\\\/sala-prensa\\\/#\\\/schema\\\/person\\\/0aa3bd0dbaabaead6089ee3dd0cd7ae5\"},\"headline\":\"Un crisol de culturas y costumbres: as\u00ed se celebran las navidades en Centroam\u00e9rica y Rep\u00fablica Dominicana\",\"datePublished\":\"2020-12-17T09:18:08+00:00\",\"dateModified\":\"2020-12-17T09:21:28+00:00\",\"mainEntityOfPage\":{\"@id\":\"https:\\\/\\\/www.visitcentroamerica.com\\\/sala-prensa\\\/actualidad\\\/un-crisol-de-culturas-y-costumbres-asi-se-celebran-las-navidades-en-centroamerica-y-republica-dominicana\\\/\"},\"wordCount\":225,\"commentCount\":0,\"image\":{\"@id\":\"https:\\\/\\\/www.visitcentroamerica.com\\\/sala-prensa\\\/actualidad\\\/un-crisol-de-culturas-y-costumbres-asi-se-celebran-las-navidades-en-centroamerica-y-republica-dominicana\\\/#primaryimage\"},\"thumbnailUrl\":\"https:\\\/\\\/www.visitcentroamerica.com\\\/sala-prensa\\\/wp-content\\\/uploads\\\/2020\\\/12\\\/festival-de-luz-costa-rica-centroamerica.jpg\",\"articleSection\":[\"Actualidad\",\"Fiestas\",\"Viajar\"],\"inLanguage\":\"es\",\"potentialAction\":[{\"@type\":\"CommentAction\",\"name\":\"Comment\",\"target\":[\"https:\\\/\\\/www.visitcentroamerica.com\\\/sala-prensa\\\/actualidad\\\/un-crisol-de-culturas-y-costumbres-asi-se-celebran-las-navidades-en-centroamerica-y-republica-dominicana\\\/#respond\"]}]},{\"@type\":\"WebPage\",\"@id\":\"https:\\\/\\\/www.visitcentroamerica.com\\\/sala-prensa\\\/actualidad\\\/un-crisol-de-culturas-y-costumbres-asi-se-celebran-las-navidades-en-centroamerica-y-republica-dominicana\\\/\",\"url\":\"https:\\\/\\\/www.visitcentroamerica.com\\\/sala-prensa\\\/actualidad\\\/un-crisol-de-culturas-y-costumbres-asi-se-celebran-las-navidades-en-centroamerica-y-republica-dominicana\\\/\",\"name\":\"Un crisol de culturas y costumbres: as\u00ed se celebran las navidades en Centroam\u00e9rica y Rep\u00fablica Dominicana - Sala de prensa\",\"isPartOf\":{\"@id\":\"https:\\\/\\\/www.visitcentroamerica.com\\\/sala-prensa\\\/#website\"},\"primaryImageOfPage\":{\"@id\":\"https:\\\/\\\/www.visitcentroamerica.com\\\/sala-prensa\\\/actualidad\\\/un-crisol-de-culturas-y-costumbres-asi-se-celebran-las-navidades-en-centroamerica-y-republica-dominicana\\\/#primaryimage\"},\"image\":{\"@id\":\"https:\\\/\\\/www.visitcentroamerica.com\\\/sala-prensa\\\/actualidad\\\/un-crisol-de-culturas-y-costumbres-asi-se-celebran-las-navidades-en-centroamerica-y-republica-dominicana\\\/#primaryimage\"},\"thumbnailUrl\":\"https:\\\/\\\/www.visitcentroamerica.com\\\/sala-prensa\\\/wp-content\\\/uploads\\\/2020\\\/12\\\/festival-de-luz-costa-rica-centroamerica.jpg\",\"datePublished\":\"2020-12-17T09:18:08+00:00\",\"dateModified\":\"2020-12-17T09:21:28+00:00\",\"author\":{\"@id\":\"https:\\\/\\\/www.visitcentroamerica.com\\\/sala-prensa\\\/#\\\/schema\\\/person\\\/0aa3bd0dbaabaead6089ee3dd0cd7ae5\"},\"breadcrumb\":{\"@id\":\"https:\\\/\\\/www.visitcentroamerica.com\\\/sala-prensa\\\/actualidad\\\/un-crisol-de-culturas-y-costumbres-asi-se-celebran-las-navidades-en-centroamerica-y-republica-dominicana\\\/#breadcrumb\"},\"inLanguage\":\"es\",\"potentialAction\":[{\"@type\":\"ReadAction\",\"target\":[\"https:\\\/\\\/www.visitcentroamerica.com\\\/sala-prensa\\\/actualidad\\\/un-crisol-de-culturas-y-costumbres-asi-se-celebran-las-navidades-en-centroamerica-y-republica-dominicana\\\/\"]}]},{\"@type\":\"ImageObject\",\"inLanguage\":\"es\",\"@id\":\"https:\\\/\\\/www.visitcentroamerica.com\\\/sala-prensa\\\/actualidad\\\/un-crisol-de-culturas-y-costumbres-asi-se-celebran-las-navidades-en-centroamerica-y-republica-dominicana\\\/#primaryimage\",\"url\":\"https:\\\/\\\/www.visitcentroamerica.com\\\/sala-prensa\\\/wp-content\\\/uploads\\\/2020\\\/12\\\/festival-de-luz-costa-rica-centroamerica.jpg\",\"contentUrl\":\"https:\\\/\\\/www.visitcentroamerica.com\\\/sala-prensa\\\/wp-content\\\/uploads\\\/2020\\\/12\\\/festival-de-luz-costa-rica-centroamerica.jpg\",\"width\":1200,\"height\":600},{\"@type\":\"BreadcrumbList\",\"@id\":\"https:\\\/\\\/www.visitcentroamerica.com\\\/sala-prensa\\\/actualidad\\\/un-crisol-de-culturas-y-costumbres-asi-se-celebran-las-navidades-en-centroamerica-y-republica-dominicana\\\/#breadcrumb\",\"itemListElement\":[{\"@type\":\"ListItem\",\"position\":1,\"name\":\"Portada\",\"item\":\"https:\\\/\\\/www.visitcentroamerica.com\\\/sala-prensa\\\/\"},{\"@type\":\"ListItem\",\"position\":2,\"name\":\"Un crisol de culturas y costumbres: as\u00ed se celebran las navidades en Centroam\u00e9rica y Rep\u00fablica Dominicana\"}]},{\"@type\":\"WebSite\",\"@id\":\"https:\\\/\\\/www.visitcentroamerica.com\\\/sala-prensa\\\/#website\",\"url\":\"https:\\\/\\\/www.visitcentroamerica.com\\\/sala-prensa\\\/\",\"name\":\"Sala de prensa\",\"description\":\"\",\"potentialAction\":[{\"@type\":\"SearchAction\",\"target\":{\"@type\":\"EntryPoint\",\"urlTemplate\":\"https:\\\/\\\/www.visitcentroamerica.com\\\/sala-prensa\\\/?s={search_term_string}\"},\"query-input\":{\"@type\":\"PropertyValueSpecification\",\"valueRequired\":true,\"valueName\":\"search_term_string\"}}],\"inLanguage\":\"es\"},{\"@type\":\"Person\",\"@id\":\"https:\\\/\\\/www.visitcentroamerica.com\\\/sala-prensa\\\/#\\\/schema\\\/person\\\/0aa3bd0dbaabaead6089ee3dd0cd7ae5\",\"name\":\"Denis Alvarado\",\"image\":{\"@type\":\"ImageObject\",\"inLanguage\":\"es\",\"@id\":\"https:\\\/\\\/secure.gravatar.com\\\/avatar\\\/c31f0697f6edb7c68d5dedc2ccbd548d2a9f73aa293e81c6a1425229ec4c9135?s=96&d=mm&r=g\",\"url\":\"https:\\\/\\\/secure.gravatar.com\\\/avatar\\\/c31f0697f6edb7c68d5dedc2ccbd548d2a9f73aa293e81c6a1425229ec4c9135?s=96&d=mm&r=g\",\"contentUrl\":\"https:\\\/\\\/secure.gravatar.com\\\/avatar\\\/c31f0697f6edb7c68d5dedc2ccbd548d2a9f73aa293e81c6a1425229ec4c9135?s=96&d=mm&r=g\",\"caption\":\"Denis Alvarado\"},\"url\":\"https:\\\/\\\/www.visitcentroamerica.com\\\/sala-prensa\\\/author\\\/denis\\\/\"}]}<\/script>\n<!-- \/ Yoast SEO plugin. -->","yoast_head_json":{"title":"Un crisol de culturas y costumbres: as\u00ed se celebran las navidades en Centroam\u00e9rica y Rep\u00fablica Dominicana - Sala de prensa","robots":{"index":"index","follow":"follow","max-snippet":"max-snippet:-1","max-image-preview":"max-image-preview:large","max-video-preview":"max-video-preview:-1"},"canonical":"https:\/\/www.visitcentroamerica.com\/sala-prensa\/actualidad\/un-crisol-de-culturas-y-costumbres-asi-se-celebran-las-navidades-en-centroamerica-y-republica-dominicana\/","og_locale":"es_ES","og_type":"article","og_title":"Un crisol de culturas y costumbres: as\u00ed se celebran las navidades en Centroam\u00e9rica y Rep\u00fablica Dominicana - Sala de prensa","og_description":"La Navidad es una de las fechas m\u00e1s celebradas en Centroam\u00e9rica y Rep\u00fablica Dominicana. El color y la alegr\u00eda protagonizan el ambiente festivo navide\u00f1o, que combina antiguas tradiciones ind\u00edgenas y tribales junto con las cristianas como muestra de la riqueza cultural del territorio. En Honduras, la Navidad mezcla fiestas gar\u00edfunas y cat\u00f3licas, con la quema [&hellip;]","og_url":"https:\/\/www.visitcentroamerica.com\/sala-prensa\/actualidad\/un-crisol-de-culturas-y-costumbres-asi-se-celebran-las-navidades-en-centroamerica-y-republica-dominicana\/","og_site_name":"Sala de prensa","article_published_time":"2020-12-17T09:18:08+00:00","article_modified_time":"2020-12-17T09:21:28+00:00","og_image":[{"width":1200,"height":600,"url":"https:\/\/www.visitcentroamerica.com\/sala-prensa\/wp-content\/uploads\/2020\/12\/festival-de-luz-costa-rica-centroamerica.jpg","type":"image\/jpeg"}],"author":"Denis Alvarado","twitter_card":"summary_large_image","twitter_misc":{"Escrito por":"Denis Alvarado","Tiempo de lectura":"1 minuto"},"schema":{"@context":"https:\/\/schema.org","@graph":[{"@type":"Article","@id":"https:\/\/www.visitcentroamerica.com\/sala-prensa\/actualidad\/un-crisol-de-culturas-y-costumbres-asi-se-celebran-las-navidades-en-centroamerica-y-republica-dominicana\/#article","isPartOf":{"@id":"https:\/\/www.visitcentroamerica.com\/sala-prensa\/actualidad\/un-crisol-de-culturas-y-costumbres-asi-se-celebran-las-navidades-en-centroamerica-y-republica-dominicana\/"},"author":{"name":"Denis Alvarado","@id":"https:\/\/www.visitcentroamerica.com\/sala-prensa\/#\/schema\/person\/0aa3bd0dbaabaead6089ee3dd0cd7ae5"},"headline":"Un crisol de culturas y costumbres: as\u00ed se celebran las navidades en Centroam\u00e9rica y Rep\u00fablica Dominicana","datePublished":"2020-12-17T09:18:08+00:00","dateModified":"2020-12-17T09:21:28+00:00","mainEntityOfPage":{"@id":"https:\/\/www.visitcentroamerica.com\/sala-prensa\/actualidad\/un-crisol-de-culturas-y-costumbres-asi-se-celebran-las-navidades-en-centroamerica-y-republica-dominicana\/"},"wordCount":225,"commentCount":0,"image":{"@id":"https:\/\/www.visitcentroamerica.com\/sala-prensa\/actualidad\/un-crisol-de-culturas-y-costumbres-asi-se-celebran-las-navidades-en-centroamerica-y-republica-dominicana\/#primaryimage"},"thumbnailUrl":"https:\/\/www.visitcentroamerica.com\/sala-prensa\/wp-content\/uploads\/2020\/12\/festival-de-luz-costa-rica-centroamerica.jpg","articleSection":["Actualidad","Fiestas","Viajar"],"inLanguage":"es","potentialAction":[{"@type":"CommentAction","name":"Comment","target":["https:\/\/www.visitcentroamerica.com\/sala-prensa\/actualidad\/un-crisol-de-culturas-y-costumbres-asi-se-celebran-las-navidades-en-centroamerica-y-republica-dominicana\/#respond"]}]},{"@type":"WebPage","@id":"https:\/\/www.visitcentroamerica.com\/sala-prensa\/actualidad\/un-crisol-de-culturas-y-costumbres-asi-se-celebran-las-navidades-en-centroamerica-y-republica-dominicana\/","url":"https:\/\/www.visitcentroamerica.com\/sala-prensa\/actualidad\/un-crisol-de-culturas-y-costumbres-asi-se-celebran-las-navidades-en-centroamerica-y-republica-dominicana\/","name":"Un crisol de culturas y costumbres: as\u00ed se celebran las navidades en Centroam\u00e9rica y Rep\u00fablica Dominicana - Sala de prensa","isPartOf":{"@id":"https:\/\/www.visitcentroamerica.com\/sala-prensa\/#website"},"primaryImageOfPage":{"@id":"https:\/\/www.visitcentroamerica.com\/sala-prensa\/actualidad\/un-crisol-de-culturas-y-costumbres-asi-se-celebran-las-navidades-en-centroamerica-y-republica-dominicana\/#primaryimage"},"image":{"@id":"https:\/\/www.visitcentroamerica.com\/sala-prensa\/actualidad\/un-crisol-de-culturas-y-costumbres-asi-se-celebran-las-navidades-en-centroamerica-y-republica-dominicana\/#primaryimage"},"thumbnailUrl":"https:\/\/www.visitcentroamerica.com\/sala-prensa\/wp-content\/uploads\/2020\/12\/festival-de-luz-costa-rica-centroamerica.jpg","datePublished":"2020-12-17T09:18:08+00:00","dateModified":"2020-12-17T09:21:28+00:00","author":{"@id":"https:\/\/www.visitcentroamerica.com\/sala-prensa\/#\/schema\/person\/0aa3bd0dbaabaead6089ee3dd0cd7ae5"},"breadcrumb":{"@id":"https:\/\/www.visitcentroamerica.com\/sala-prensa\/actualidad\/un-crisol-de-culturas-y-costumbres-asi-se-celebran-las-navidades-en-centroamerica-y-republica-dominicana\/#breadcrumb"},"inLanguage":"es","potentialAction":[{"@type":"ReadAction","target":["https:\/\/www.visitcentroamerica.com\/sala-prensa\/actualidad\/un-crisol-de-culturas-y-costumbres-asi-se-celebran-las-navidades-en-centroamerica-y-republica-dominicana\/"]}]},{"@type":"ImageObject","inLanguage":"es","@id":"https:\/\/www.visitcentroamerica.com\/sala-prensa\/actualidad\/un-crisol-de-culturas-y-costumbres-asi-se-celebran-las-navidades-en-centroamerica-y-republica-dominicana\/#primaryimage","url":"https:\/\/www.visitcentroamerica.com\/sala-prensa\/wp-content\/uploads\/2020\/12\/festival-de-luz-costa-rica-centroamerica.jpg","contentUrl":"https:\/\/www.visitcentroamerica.com\/sala-prensa\/wp-content\/uploads\/2020\/12\/festival-de-luz-costa-rica-centroamerica.jpg","width":1200,"height":600},{"@type":"BreadcrumbList","@id":"https:\/\/www.visitcentroamerica.com\/sala-prensa\/actualidad\/un-crisol-de-culturas-y-costumbres-asi-se-celebran-las-navidades-en-centroamerica-y-republica-dominicana\/#breadcrumb","itemListElement":[{"@type":"ListItem","position":1,"name":"Portada","item":"https:\/\/www.visitcentroamerica.com\/sala-prensa\/"},{"@type":"ListItem","position":2,"name":"Un crisol de culturas y costumbres: as\u00ed se celebran las navidades en Centroam\u00e9rica y Rep\u00fablica Dominicana"}]},{"@type":"WebSite","@id":"https:\/\/www.visitcentroamerica.com\/sala-prensa\/#website","url":"https:\/\/www.visitcentroamerica.com\/sala-prensa\/","name":"Sala de prensa","description":"","potentialAction":[{"@type":"SearchAction","target":{"@type":"EntryPoint","urlTemplate":"https:\/\/www.visitcentroamerica.com\/sala-prensa\/?s={search_term_string}"},"query-input":{"@type":"PropertyValueSpecification","valueRequired":true,"valueName":"search_term_string"}}],"inLanguage":"es"},{"@type":"Person","@id":"https:\/\/www.visitcentroamerica.com\/sala-prensa\/#\/schema\/person\/0aa3bd0dbaabaead6089ee3dd0cd7ae5","name":"Denis Alvarado","image":{"@type":"ImageObject","inLanguage":"es","@id":"https:\/\/secure.gravatar.com\/avatar\/c31f0697f6edb7c68d5dedc2ccbd548d2a9f73aa293e81c6a1425229ec4c9135?s=96&d=mm&r=g","url":"https:\/\/secure.gravatar.com\/avatar\/c31f0697f6edb7c68d5dedc2ccbd548d2a9f73aa293e81c6a1425229ec4c9135?s=96&d=mm&r=g","contentUrl":"https:\/\/secure.gravatar.com\/avatar\/c31f0697f6edb7c68d5dedc2ccbd548d2a9f73aa293e81c6a1425229ec4c9135?s=96&d=mm&r=g","caption":"Denis Alvarado"},"url":"https:\/\/www.visitcentroamerica.com\/sala-prensa\/author\/denis\/"}]}},"_links":{"self":[{"href":"https:\/\/www.visitcentroamerica.com\/sala-prensa\/wp-json\/wp\/v2\/posts\/11484","targetHints":{"allow":["GET"]}}],"collection":[{"href":"https:\/\/www.visitcentroamerica.com\/sala-prensa\/wp-json\/wp\/v2\/posts"}],"about":[{"href":"https:\/\/www.visitcentroamerica.com\/sala-prensa\/wp-json\/wp\/v2\/types\/post"}],"author":[{"embeddable":true,"href":"https:\/\/www.visitcentroamerica.com\/sala-prensa\/wp-json\/wp\/v2\/users\/5"}],"replies":[{"embeddable":true,"href":"https:\/\/www.visitcentroamerica.com\/sala-prensa\/wp-json\/wp\/v2\/comments?post=11484"}],"version-history":[{"count":2,"href":"https:\/\/www.visitcentroamerica.com\/sala-prensa\/wp-json\/wp\/v2\/posts\/11484\/revisions"}],"predecessor-version":[{"id":11489,"href":"https:\/\/www.visitcentroamerica.com\/sala-prensa\/wp-json\/wp\/v2\/posts\/11484\/revisions\/11489"}],"wp:featuredmedia":[{"embeddable":true,"href":"https:\/\/www.visitcentroamerica.com\/sala-prensa\/wp-json\/wp\/v2\/media\/11485"}],"wp:attachment":[{"href":"https:\/\/www.visitcentroamerica.com\/sala-prensa\/wp-json\/wp\/v2\/media?parent=11484"}],"wp:term":[{"taxonomy":"category","embeddable":true,"href":"https:\/\/www.visitcentroamerica.com\/sala-prensa\/wp-json\/wp\/v2\/categories?post=11484"},{"taxonomy":"post_tag","embeddable":true,"href":"https:\/\/www.visitcentroamerica.com\/sala-prensa\/wp-json\/wp\/v2\/tags?post=11484"}],"curies":[{"name":"wp","href":"https:\/\/api.w.org\/{rel}","templated":true}]}}