{"id":11460,"date":"2020-11-25T09:33:15","date_gmt":"2020-11-25T09:33:15","guid":{"rendered":"https:\/\/www.visitcentroamerica.com\/sala-prensa\/?p=11460"},"modified":"2020-11-25T09:43:01","modified_gmt":"2020-11-25T09:43:01","slug":"volcanes-prensa-espanola","status":"publish","type":"post","link":"https:\/\/www.visitcentroamerica.com\/sala-prensa\/internacional\/volcanes-prensa-espanola\/","title":{"rendered":"Los volcanes centroamericanos en la prensa espa\u00f1ola"},"content":{"rendered":"\n<p>Durante este mes de noviembre, diversos medios espa\u00f1oles han dedicado diversos reportajes a Centroam\u00e9rica, en particular a sus volcanes. Hay que tener en cuenta que el itsmo centroamericano tiene una de las mayores concentraciones de volcanes del mundo.<\/p>\n\n\n\n<figure class=\"wp-block-image size-full is-resized\"><img loading=\"lazy\" decoding=\"async\" src=\"https:\/\/www.visitcentroamerica.com\/sala-prensa\/wp-content\/uploads\/2020\/11\/volcanes-centroamerica-prensa-espana.jpg\" alt=\"Los volcanes Centroamericanos en la prensa Espa\u00f1ola\" class=\"wp-image-11461\" width=\"800\" height=\"800\" srcset=\"https:\/\/www.visitcentroamerica.com\/sala-prensa\/wp-content\/uploads\/2020\/11\/volcanes-centroamerica-prensa-espana.jpg 600w, https:\/\/www.visitcentroamerica.com\/sala-prensa\/wp-content\/uploads\/2020\/11\/volcanes-centroamerica-prensa-espana-300x300.jpg 300w, https:\/\/www.visitcentroamerica.com\/sala-prensa\/wp-content\/uploads\/2020\/11\/volcanes-centroamerica-prensa-espana-150x150.jpg 150w, https:\/\/www.visitcentroamerica.com\/sala-prensa\/wp-content\/uploads\/2020\/11\/volcanes-centroamerica-prensa-espana-420x420.jpg 420w, https:\/\/www.visitcentroamerica.com\/sala-prensa\/wp-content\/uploads\/2020\/11\/volcanes-centroamerica-prensa-espana-500x500.jpg 500w\" sizes=\"auto, (max-width: 800px) 100vw, 800px\" \/><figcaption>Volc\u00e1n Irazu, Costa Rica<\/figcaption><\/figure>\n\n\n\n<p>As\u00ed, el peri\u00f3dico econ\u00f3mico <a href=\"http:\/\/eleconomista.es\">eleconomista.es<\/a> dentro de su secci\u00f3n <strong>status <\/strong>con fecha del 15 de Noviembre, hacen un recorrido por el cintur\u00f3n de fuego del Pac\u00edfico, donde se habla del <a href=\"https:\/\/www.visitcentroamerica.com\/visitar\/parque-nacional-los-volcanes\/\">Parque Nacional de los Volcanes<\/a> en el Salvador, del <a href=\"https:\/\/www.visitcentroamerica.com\/visitar\/volcan-cerro-negro\/\">Volc\u00e1n Cerro Negro<\/a> de Nicaragua, el volc\u00e1n Tajumulco de Guatemala o el <a href=\"https:\/\/www.visitcentroamerica.com\/visitar\/volcan-irazu\/\">volc\u00e1n Iraz\u00fa <\/a>de Costa Rica.  <\/p>\n\n\n\n<p><a href=\"https:\/\/www.eleconomista.es\/status\/noticias\/10885389\/11\/20\/Un-recorrido-por-los-mejores-volcanes-del-cinturon-de-fuego-del-Pacifico.html\">Acceder a la noticia.<br><\/a><br>En el diario <a href=\"http:\/\/elpais.com\">elpais.com<\/a> dentro de su secci\u00f3n <strong>5 d\u00edas<\/strong> con fecha del 17 de Noviembre, tambi\u00e9n se hace referencia a los volcanes centroamericanos dentro del art\u00edculo \u00ab<strong>Tome nota y apunte estos destinos para inspirarse y viajar&#8230; cuando se pueda<\/strong>\u00ab, junto a otros destinos como Dubai, Formentera u Oporto.<br><br><a href=\"https:\/\/cincodias.elpais.com\/cincodias\/2020\/11\/13\/fortunas\/1605295375_591571.html\">Acceder a la noticia.<\/a><\/p>\n\n\n\n<p>El volc\u00e1n Tajamulco tiene adem\u00e1s un espacio especial en <a href=\"http:\/\/lasexta.com\">lasexta.com<\/a>, web de una televisi\u00f3n nacional, que dentro de su secci\u00f3n <strong>Viajestic<\/strong> dedica todo un art\u00edculo al gigante de Guatemala.<\/p>\n\n\n\n<p><a href=\"https:\/\/www.lasexta.com\/viajestic\/destinos\/volcan-tajumulco-cima-centroamerica_202011155fb14eeecdfdea000185f9ff.html\">Acceder a la noticia<\/a>.<\/p>\n\n\n\n<p><\/p>\n","protected":false},"excerpt":{"rendered":"<p>Durante este mes de noviembre, diversos medios espa\u00f1oles han dedicado diversos reportajes a Centroam\u00e9rica, en particular a sus volcanes. Hay que tener en cuenta que el itsmo centroamericano tiene una de las mayores concentraciones de volcanes del mundo. As\u00ed, el peri\u00f3dico econ\u00f3mico eleconomista.es dentro de su secci\u00f3n status con fecha del 15 de Noviembre, hacen [&hellip;]<\/p>\n","protected":false},"author":5,"featured_media":11461,"comment_status":"open","ping_status":"closed","sticky":false,"template":"","format":"standard","meta":{"footnotes":""},"categories":[19,15],"tags":[],"class_list":{"0":"post-11460","1":"post","2":"type-post","3":"status-publish","4":"format-standard","5":"has-post-thumbnail","7":"category-europa","8":"category-internacional"},"yoast_head":"<!-- This site is optimized with the Yoast SEO plugin v27.3 - https:\/\/yoast.com\/product\/yoast-seo-wordpress\/ -->\n<title>Los volcanes centroamericanos en la prensa espa\u00f1ola - Sala de prensa<\/title>\n<meta name=\"description\" content=\"El Pais, la Sexta y el diario El Economista se hacen eco de los volcanes centroamericanos en sus diarios digitales.\" \/>\n<meta name=\"robots\" content=\"index, follow, max-snippet:-1, max-image-preview:large, max-video-preview:-1\" \/>\n<link rel=\"canonical\" href=\"https:\/\/www.visitcentroamerica.com\/sala-prensa\/internacional\/volcanes-prensa-espanola\/\" \/>\n<meta property=\"og:locale\" content=\"es_ES\" \/>\n<meta property=\"og:type\" content=\"article\" \/>\n<meta property=\"og:title\" content=\"Descubre en la prensa espa\u00f1ola los volcanes de Centroam\u00e9rica\" \/>\n<meta property=\"og:description\" content=\"El Pais, la Sexta y el diario El Economista se hacen eco de los volcanes centroamericanos en sus diarios digitales.\" \/>\n<meta property=\"og:url\" content=\"https:\/\/www.visitcentroamerica.com\/sala-prensa\/internacional\/volcanes-prensa-espanola\/\" \/>\n<meta property=\"og:site_name\" content=\"Sala de prensa\" \/>\n<meta property=\"article:published_time\" content=\"2020-11-25T09:33:15+00:00\" \/>\n<meta property=\"article:modified_time\" content=\"2020-11-25T09:43:01+00:00\" \/>\n<meta property=\"og:image\" content=\"https:\/\/www.visitcentroamerica.com\/sala-prensa\/wp-content\/uploads\/2020\/11\/volcanes-centroamerica-prensa-espana.jpg\" \/>\n\t<meta property=\"og:image:width\" content=\"600\" \/>\n\t<meta property=\"og:image:height\" content=\"600\" \/>\n\t<meta property=\"og:image:type\" content=\"image\/jpeg\" \/>\n<meta name=\"author\" content=\"Denis Alvarado\" \/>\n<meta name=\"twitter:card\" content=\"summary_large_image\" \/>\n<meta name=\"twitter:title\" content=\"Descubre en la prensa espa\u00f1ola los volcanes de Centroam\u00e9rica\" \/>\n<meta name=\"twitter:label1\" content=\"Escrito por\" \/>\n\t<meta name=\"twitter:data1\" content=\"Denis Alvarado\" \/>\n\t<meta name=\"twitter:label2\" content=\"Tiempo de lectura\" \/>\n\t<meta name=\"twitter:data2\" content=\"1 minuto\" \/>\n<script type=\"application\/ld+json\" class=\"yoast-schema-graph\">{\"@context\":\"https:\\\/\\\/schema.org\",\"@graph\":[{\"@type\":\"Article\",\"@id\":\"https:\\\/\\\/www.visitcentroamerica.com\\\/sala-prensa\\\/internacional\\\/volcanes-prensa-espanola\\\/#article\",\"isPartOf\":{\"@id\":\"https:\\\/\\\/www.visitcentroamerica.com\\\/sala-prensa\\\/internacional\\\/volcanes-prensa-espanola\\\/\"},\"author\":{\"name\":\"Denis Alvarado\",\"@id\":\"https:\\\/\\\/www.visitcentroamerica.com\\\/sala-prensa\\\/#\\\/schema\\\/person\\\/0aa3bd0dbaabaead6089ee3dd0cd7ae5\"},\"headline\":\"Los volcanes centroamericanos en la prensa espa\u00f1ola\",\"datePublished\":\"2020-11-25T09:33:15+00:00\",\"dateModified\":\"2020-11-25T09:43:01+00:00\",\"mainEntityOfPage\":{\"@id\":\"https:\\\/\\\/www.visitcentroamerica.com\\\/sala-prensa\\\/internacional\\\/volcanes-prensa-espanola\\\/\"},\"wordCount\":216,\"commentCount\":0,\"image\":{\"@id\":\"https:\\\/\\\/www.visitcentroamerica.com\\\/sala-prensa\\\/internacional\\\/volcanes-prensa-espanola\\\/#primaryimage\"},\"thumbnailUrl\":\"https:\\\/\\\/www.visitcentroamerica.com\\\/sala-prensa\\\/wp-content\\\/uploads\\\/2020\\\/11\\\/volcanes-centroamerica-prensa-espana.jpg\",\"articleSection\":[\"Europa\",\"Internacional\"],\"inLanguage\":\"es\",\"potentialAction\":[{\"@type\":\"CommentAction\",\"name\":\"Comment\",\"target\":[\"https:\\\/\\\/www.visitcentroamerica.com\\\/sala-prensa\\\/internacional\\\/volcanes-prensa-espanola\\\/#respond\"]}]},{\"@type\":\"WebPage\",\"@id\":\"https:\\\/\\\/www.visitcentroamerica.com\\\/sala-prensa\\\/internacional\\\/volcanes-prensa-espanola\\\/\",\"url\":\"https:\\\/\\\/www.visitcentroamerica.com\\\/sala-prensa\\\/internacional\\\/volcanes-prensa-espanola\\\/\",\"name\":\"Los volcanes centroamericanos en la prensa espa\u00f1ola - Sala de prensa\",\"isPartOf\":{\"@id\":\"https:\\\/\\\/www.visitcentroamerica.com\\\/sala-prensa\\\/#website\"},\"primaryImageOfPage\":{\"@id\":\"https:\\\/\\\/www.visitcentroamerica.com\\\/sala-prensa\\\/internacional\\\/volcanes-prensa-espanola\\\/#primaryimage\"},\"image\":{\"@id\":\"https:\\\/\\\/www.visitcentroamerica.com\\\/sala-prensa\\\/internacional\\\/volcanes-prensa-espanola\\\/#primaryimage\"},\"thumbnailUrl\":\"https:\\\/\\\/www.visitcentroamerica.com\\\/sala-prensa\\\/wp-content\\\/uploads\\\/2020\\\/11\\\/volcanes-centroamerica-prensa-espana.jpg\",\"datePublished\":\"2020-11-25T09:33:15+00:00\",\"dateModified\":\"2020-11-25T09:43:01+00:00\",\"author\":{\"@id\":\"https:\\\/\\\/www.visitcentroamerica.com\\\/sala-prensa\\\/#\\\/schema\\\/person\\\/0aa3bd0dbaabaead6089ee3dd0cd7ae5\"},\"description\":\"El Pais, la Sexta y el diario El Economista se hacen eco de los volcanes centroamericanos en sus diarios digitales.\",\"breadcrumb\":{\"@id\":\"https:\\\/\\\/www.visitcentroamerica.com\\\/sala-prensa\\\/internacional\\\/volcanes-prensa-espanola\\\/#breadcrumb\"},\"inLanguage\":\"es\",\"potentialAction\":[{\"@type\":\"ReadAction\",\"target\":[\"https:\\\/\\\/www.visitcentroamerica.com\\\/sala-prensa\\\/internacional\\\/volcanes-prensa-espanola\\\/\"]}]},{\"@type\":\"ImageObject\",\"inLanguage\":\"es\",\"@id\":\"https:\\\/\\\/www.visitcentroamerica.com\\\/sala-prensa\\\/internacional\\\/volcanes-prensa-espanola\\\/#primaryimage\",\"url\":\"https:\\\/\\\/www.visitcentroamerica.com\\\/sala-prensa\\\/wp-content\\\/uploads\\\/2020\\\/11\\\/volcanes-centroamerica-prensa-espana.jpg\",\"contentUrl\":\"https:\\\/\\\/www.visitcentroamerica.com\\\/sala-prensa\\\/wp-content\\\/uploads\\\/2020\\\/11\\\/volcanes-centroamerica-prensa-espana.jpg\",\"width\":600,\"height\":600,\"caption\":\"Los volcanes Centroamericanos en la prensa Espa\u00f1ola\"},{\"@type\":\"BreadcrumbList\",\"@id\":\"https:\\\/\\\/www.visitcentroamerica.com\\\/sala-prensa\\\/internacional\\\/volcanes-prensa-espanola\\\/#breadcrumb\",\"itemListElement\":[{\"@type\":\"ListItem\",\"position\":1,\"name\":\"Portada\",\"item\":\"https:\\\/\\\/www.visitcentroamerica.com\\\/sala-prensa\\\/\"},{\"@type\":\"ListItem\",\"position\":2,\"name\":\"Los volcanes centroamericanos en la prensa espa\u00f1ola\"}]},{\"@type\":\"WebSite\",\"@id\":\"https:\\\/\\\/www.visitcentroamerica.com\\\/sala-prensa\\\/#website\",\"url\":\"https:\\\/\\\/www.visitcentroamerica.com\\\/sala-prensa\\\/\",\"name\":\"Sala de prensa\",\"description\":\"\",\"potentialAction\":[{\"@type\":\"SearchAction\",\"target\":{\"@type\":\"EntryPoint\",\"urlTemplate\":\"https:\\\/\\\/www.visitcentroamerica.com\\\/sala-prensa\\\/?s={search_term_string}\"},\"query-input\":{\"@type\":\"PropertyValueSpecification\",\"valueRequired\":true,\"valueName\":\"search_term_string\"}}],\"inLanguage\":\"es\"},{\"@type\":\"Person\",\"@id\":\"https:\\\/\\\/www.visitcentroamerica.com\\\/sala-prensa\\\/#\\\/schema\\\/person\\\/0aa3bd0dbaabaead6089ee3dd0cd7ae5\",\"name\":\"Denis Alvarado\",\"image\":{\"@type\":\"ImageObject\",\"inLanguage\":\"es\",\"@id\":\"https:\\\/\\\/secure.gravatar.com\\\/avatar\\\/c31f0697f6edb7c68d5dedc2ccbd548d2a9f73aa293e81c6a1425229ec4c9135?s=96&d=mm&r=g\",\"url\":\"https:\\\/\\\/secure.gravatar.com\\\/avatar\\\/c31f0697f6edb7c68d5dedc2ccbd548d2a9f73aa293e81c6a1425229ec4c9135?s=96&d=mm&r=g\",\"contentUrl\":\"https:\\\/\\\/secure.gravatar.com\\\/avatar\\\/c31f0697f6edb7c68d5dedc2ccbd548d2a9f73aa293e81c6a1425229ec4c9135?s=96&d=mm&r=g\",\"caption\":\"Denis Alvarado\"},\"url\":\"https:\\\/\\\/www.visitcentroamerica.com\\\/sala-prensa\\\/author\\\/denis\\\/\"}]}<\/script>\n<!-- \/ Yoast SEO plugin. -->","yoast_head_json":{"title":"Los volcanes centroamericanos en la prensa espa\u00f1ola - Sala de prensa","description":"El Pais, la Sexta y el diario El Economista se hacen eco de los volcanes centroamericanos en sus diarios digitales.","robots":{"index":"index","follow":"follow","max-snippet":"max-snippet:-1","max-image-preview":"max-image-preview:large","max-video-preview":"max-video-preview:-1"},"canonical":"https:\/\/www.visitcentroamerica.com\/sala-prensa\/internacional\/volcanes-prensa-espanola\/","og_locale":"es_ES","og_type":"article","og_title":"Descubre en la prensa espa\u00f1ola los volcanes de Centroam\u00e9rica","og_description":"El Pais, la Sexta y el diario El Economista se hacen eco de los volcanes centroamericanos en sus diarios digitales.","og_url":"https:\/\/www.visitcentroamerica.com\/sala-prensa\/internacional\/volcanes-prensa-espanola\/","og_site_name":"Sala de prensa","article_published_time":"2020-11-25T09:33:15+00:00","article_modified_time":"2020-11-25T09:43:01+00:00","og_image":[{"width":600,"height":600,"url":"https:\/\/www.visitcentroamerica.com\/sala-prensa\/wp-content\/uploads\/2020\/11\/volcanes-centroamerica-prensa-espana.jpg","type":"image\/jpeg"}],"author":"Denis Alvarado","twitter_card":"summary_large_image","twitter_title":"Descubre en la prensa espa\u00f1ola los volcanes de Centroam\u00e9rica","twitter_misc":{"Escrito por":"Denis Alvarado","Tiempo de lectura":"1 minuto"},"schema":{"@context":"https:\/\/schema.org","@graph":[{"@type":"Article","@id":"https:\/\/www.visitcentroamerica.com\/sala-prensa\/internacional\/volcanes-prensa-espanola\/#article","isPartOf":{"@id":"https:\/\/www.visitcentroamerica.com\/sala-prensa\/internacional\/volcanes-prensa-espanola\/"},"author":{"name":"Denis Alvarado","@id":"https:\/\/www.visitcentroamerica.com\/sala-prensa\/#\/schema\/person\/0aa3bd0dbaabaead6089ee3dd0cd7ae5"},"headline":"Los volcanes centroamericanos en la prensa espa\u00f1ola","datePublished":"2020-11-25T09:33:15+00:00","dateModified":"2020-11-25T09:43:01+00:00","mainEntityOfPage":{"@id":"https:\/\/www.visitcentroamerica.com\/sala-prensa\/internacional\/volcanes-prensa-espanola\/"},"wordCount":216,"commentCount":0,"image":{"@id":"https:\/\/www.visitcentroamerica.com\/sala-prensa\/internacional\/volcanes-prensa-espanola\/#primaryimage"},"thumbnailUrl":"https:\/\/www.visitcentroamerica.com\/sala-prensa\/wp-content\/uploads\/2020\/11\/volcanes-centroamerica-prensa-espana.jpg","articleSection":["Europa","Internacional"],"inLanguage":"es","potentialAction":[{"@type":"CommentAction","name":"Comment","target":["https:\/\/www.visitcentroamerica.com\/sala-prensa\/internacional\/volcanes-prensa-espanola\/#respond"]}]},{"@type":"WebPage","@id":"https:\/\/www.visitcentroamerica.com\/sala-prensa\/internacional\/volcanes-prensa-espanola\/","url":"https:\/\/www.visitcentroamerica.com\/sala-prensa\/internacional\/volcanes-prensa-espanola\/","name":"Los volcanes centroamericanos en la prensa espa\u00f1ola - Sala de prensa","isPartOf":{"@id":"https:\/\/www.visitcentroamerica.com\/sala-prensa\/#website"},"primaryImageOfPage":{"@id":"https:\/\/www.visitcentroamerica.com\/sala-prensa\/internacional\/volcanes-prensa-espanola\/#primaryimage"},"image":{"@id":"https:\/\/www.visitcentroamerica.com\/sala-prensa\/internacional\/volcanes-prensa-espanola\/#primaryimage"},"thumbnailUrl":"https:\/\/www.visitcentroamerica.com\/sala-prensa\/wp-content\/uploads\/2020\/11\/volcanes-centroamerica-prensa-espana.jpg","datePublished":"2020-11-25T09:33:15+00:00","dateModified":"2020-11-25T09:43:01+00:00","author":{"@id":"https:\/\/www.visitcentroamerica.com\/sala-prensa\/#\/schema\/person\/0aa3bd0dbaabaead6089ee3dd0cd7ae5"},"description":"El Pais, la Sexta y el diario El Economista se hacen eco de los volcanes centroamericanos en sus diarios digitales.","breadcrumb":{"@id":"https:\/\/www.visitcentroamerica.com\/sala-prensa\/internacional\/volcanes-prensa-espanola\/#breadcrumb"},"inLanguage":"es","potentialAction":[{"@type":"ReadAction","target":["https:\/\/www.visitcentroamerica.com\/sala-prensa\/internacional\/volcanes-prensa-espanola\/"]}]},{"@type":"ImageObject","inLanguage":"es","@id":"https:\/\/www.visitcentroamerica.com\/sala-prensa\/internacional\/volcanes-prensa-espanola\/#primaryimage","url":"https:\/\/www.visitcentroamerica.com\/sala-prensa\/wp-content\/uploads\/2020\/11\/volcanes-centroamerica-prensa-espana.jpg","contentUrl":"https:\/\/www.visitcentroamerica.com\/sala-prensa\/wp-content\/uploads\/2020\/11\/volcanes-centroamerica-prensa-espana.jpg","width":600,"height":600,"caption":"Los volcanes Centroamericanos en la prensa Espa\u00f1ola"},{"@type":"BreadcrumbList","@id":"https:\/\/www.visitcentroamerica.com\/sala-prensa\/internacional\/volcanes-prensa-espanola\/#breadcrumb","itemListElement":[{"@type":"ListItem","position":1,"name":"Portada","item":"https:\/\/www.visitcentroamerica.com\/sala-prensa\/"},{"@type":"ListItem","position":2,"name":"Los volcanes centroamericanos en la prensa espa\u00f1ola"}]},{"@type":"WebSite","@id":"https:\/\/www.visitcentroamerica.com\/sala-prensa\/#website","url":"https:\/\/www.visitcentroamerica.com\/sala-prensa\/","name":"Sala de prensa","description":"","potentialAction":[{"@type":"SearchAction","target":{"@type":"EntryPoint","urlTemplate":"https:\/\/www.visitcentroamerica.com\/sala-prensa\/?s={search_term_string}"},"query-input":{"@type":"PropertyValueSpecification","valueRequired":true,"valueName":"search_term_string"}}],"inLanguage":"es"},{"@type":"Person","@id":"https:\/\/www.visitcentroamerica.com\/sala-prensa\/#\/schema\/person\/0aa3bd0dbaabaead6089ee3dd0cd7ae5","name":"Denis Alvarado","image":{"@type":"ImageObject","inLanguage":"es","@id":"https:\/\/secure.gravatar.com\/avatar\/c31f0697f6edb7c68d5dedc2ccbd548d2a9f73aa293e81c6a1425229ec4c9135?s=96&d=mm&r=g","url":"https:\/\/secure.gravatar.com\/avatar\/c31f0697f6edb7c68d5dedc2ccbd548d2a9f73aa293e81c6a1425229ec4c9135?s=96&d=mm&r=g","contentUrl":"https:\/\/secure.gravatar.com\/avatar\/c31f0697f6edb7c68d5dedc2ccbd548d2a9f73aa293e81c6a1425229ec4c9135?s=96&d=mm&r=g","caption":"Denis Alvarado"},"url":"https:\/\/www.visitcentroamerica.com\/sala-prensa\/author\/denis\/"}]}},"_links":{"self":[{"href":"https:\/\/www.visitcentroamerica.com\/sala-prensa\/wp-json\/wp\/v2\/posts\/11460","targetHints":{"allow":["GET"]}}],"collection":[{"href":"https:\/\/www.visitcentroamerica.com\/sala-prensa\/wp-json\/wp\/v2\/posts"}],"about":[{"href":"https:\/\/www.visitcentroamerica.com\/sala-prensa\/wp-json\/wp\/v2\/types\/post"}],"author":[{"embeddable":true,"href":"https:\/\/www.visitcentroamerica.com\/sala-prensa\/wp-json\/wp\/v2\/users\/5"}],"replies":[{"embeddable":true,"href":"https:\/\/www.visitcentroamerica.com\/sala-prensa\/wp-json\/wp\/v2\/comments?post=11460"}],"version-history":[{"count":7,"href":"https:\/\/www.visitcentroamerica.com\/sala-prensa\/wp-json\/wp\/v2\/posts\/11460\/revisions"}],"predecessor-version":[{"id":11471,"href":"https:\/\/www.visitcentroamerica.com\/sala-prensa\/wp-json\/wp\/v2\/posts\/11460\/revisions\/11471"}],"wp:featuredmedia":[{"embeddable":true,"href":"https:\/\/www.visitcentroamerica.com\/sala-prensa\/wp-json\/wp\/v2\/media\/11461"}],"wp:attachment":[{"href":"https:\/\/www.visitcentroamerica.com\/sala-prensa\/wp-json\/wp\/v2\/media?parent=11460"}],"wp:term":[{"taxonomy":"category","embeddable":true,"href":"https:\/\/www.visitcentroamerica.com\/sala-prensa\/wp-json\/wp\/v2\/categories?post=11460"},{"taxonomy":"post_tag","embeddable":true,"href":"https:\/\/www.visitcentroamerica.com\/sala-prensa\/wp-json\/wp\/v2\/tags?post=11460"}],"curies":[{"name":"wp","href":"https:\/\/api.w.org\/{rel}","templated":true}]}}