{"id":11234,"date":"2020-09-23T10:04:23","date_gmt":"2020-09-23T10:04:23","guid":{"rendered":"https:\/\/www.visitcentroamerica.com\/sala-prensa\/?p=11234"},"modified":"2020-09-23T10:04:25","modified_gmt":"2020-09-23T10:04:25","slug":"una-ventana-a-centroamerica-y-republica-dominicana-en-los-medios","status":"publish","type":"post","link":"https:\/\/www.visitcentroamerica.com\/sala-prensa\/actualidad\/una-ventana-a-centroamerica-y-republica-dominicana-en-los-medios\/","title":{"rendered":"Una Ventana a Centroam\u00e9rica y Rep\u00fablica Dominicana en los medios"},"content":{"rendered":"\n<p>Los medios se hacen eco de la pr\u00f3xima serie de Webinars que va a poner en marcha la Agencia de Promoci\u00f3n Tur\u00edstica de Centroam\u00e9rica (CATA) y que se desarrollar\u00e1 entre el 29 de septiembre y el 8 de octubre. Una Ventana a Centroam\u00e9rica y Rep\u00fablica Dominicana es una serie de 4 webinars en los que se promover\u00e1n los atractivos tur\u00edsticos de la regi\u00f3n, tanto para el mercado interregional como para el mercado europeo con m\u00e1s de 500 agentes de viajes.<\/p>\n\n\n\n<p>Es una acci\u00f3n que se realizar\u00e1 en el marco del D\u00eda Internacional de Turismo, y que est\u00e1 siendo coordinada por la Agencia de Relaciones P\u00fablicas de CATA Promoturist y por Moreturismo Internacional. <\/p>\n\n\n\n<p>En el espacio virtual se hablar\u00e1 no solo de los recursos tur\u00edsticos de Centroam\u00e9rica y Republica Dominicana, si no tambi\u00e9n de protocolos de bioseguridad implementados en los pa\u00edses y disponibilidad de vuelos comerciales de aqu\u00ed a final del a\u00f1o 2020.<\/p>\n\n\n\n<p>M\u00e1s informaci\u00f3n en medios:<\/p>\n\n\n\n<p><a href=\"https:\/\/www.laprensagrafica.com\/economia\/Centroamerica-presenta-oferta-turistica-al-mercado-europeo-20200922-0022.html\" target=\"_blank\" rel=\"noreferrer noopener\">laprensagrafica.com<\/a><br><a href=\"https:\/\/www.eleconomista.net\/tendencias\/Centroamerica-presenta-oferta-turistica-al-mercado-europeo-20200922-0020.html\" target=\"_blank\" rel=\"noreferrer noopener\">eleconomista.net<\/a><br><a href=\"https:\/\/es.travel2latam.com\/nota\/62804-cata-prepara-una-ventana-virtual-a-centroamerica-y-rep-dominicana\" target=\"_blank\" rel=\"noreferrer noopener\">trael2latam.com<br><\/a><br>Si deseas participar en alguno de los webinars, no dudes en apuntarte <a href=\"https:\/\/www.visitcentroamerica.com\/sala-prensa\/?page_id=11068\">aqu\u00ed<\/a>.<\/p>\n","protected":false},"excerpt":{"rendered":"<p>Los medios se hacen eco de la pr\u00f3xima serie de Webinars que va a poner en marcha la Agencia de Promoci\u00f3n Tur\u00edstica de Centroam\u00e9rica (CATA) y que se desarrollar\u00e1 entre el 29 de septiembre y el 8 de octubre. Una Ventana a Centroam\u00e9rica y Rep\u00fablica Dominicana es una serie de 4 webinars en los que [&hellip;]<\/p>\n","protected":false},"author":5,"featured_media":11235,"comment_status":"open","ping_status":"closed","sticky":false,"template":"","format":"standard","meta":{"footnotes":""},"categories":[3,5,14,4],"tags":[],"class_list":{"0":"post-11234","1":"post","2":"type-post","3":"status-publish","4":"format-standard","5":"has-post-thumbnail","7":"category-actualidad","8":"category-comunicados-de-prensa","9":"category-republica-dominicana","10":"category-sica"},"yoast_head":"<!-- This site is optimized with the Yoast SEO plugin v27.3 - https:\/\/yoast.com\/product\/yoast-seo-wordpress\/ -->\n<title>Una Ventana a Centroam\u00e9rica y Rep\u00fablica Dominicana en los medios - Sala de prensa<\/title>\n<meta name=\"robots\" content=\"index, follow, max-snippet:-1, max-image-preview:large, max-video-preview:-1\" \/>\n<link rel=\"canonical\" href=\"https:\/\/www.visitcentroamerica.com\/sala-prensa\/actualidad\/una-ventana-a-centroamerica-y-republica-dominicana-en-los-medios\/\" \/>\n<meta property=\"og:locale\" content=\"es_ES\" \/>\n<meta property=\"og:type\" content=\"article\" \/>\n<meta property=\"og:title\" content=\"Una Ventana a Centroam\u00e9rica y Rep\u00fablica Dominicana en los medios - Sala de prensa\" \/>\n<meta property=\"og:description\" content=\"Los medios se hacen eco de la pr\u00f3xima serie de Webinars que va a poner en marcha la Agencia de Promoci\u00f3n Tur\u00edstica de Centroam\u00e9rica (CATA) y que se desarrollar\u00e1 entre el 29 de septiembre y el 8 de octubre. Una Ventana a Centroam\u00e9rica y Rep\u00fablica Dominicana es una serie de 4 webinars en los que [&hellip;]\" \/>\n<meta property=\"og:url\" content=\"https:\/\/www.visitcentroamerica.com\/sala-prensa\/actualidad\/una-ventana-a-centroamerica-y-republica-dominicana-en-los-medios\/\" \/>\n<meta property=\"og:site_name\" content=\"Sala de prensa\" \/>\n<meta property=\"article:published_time\" content=\"2020-09-23T10:04:23+00:00\" \/>\n<meta property=\"article:modified_time\" content=\"2020-09-23T10:04:25+00:00\" \/>\n<meta property=\"og:image\" content=\"https:\/\/www.visitcentroamerica.com\/sala-prensa\/wp-content\/uploads\/2020\/09\/una-ventana-centroamerica-medios-republica-dominicnaa.jpg\" \/>\n\t<meta property=\"og:image:width\" content=\"1200\" \/>\n\t<meta property=\"og:image:height\" content=\"628\" \/>\n\t<meta property=\"og:image:type\" content=\"image\/jpeg\" \/>\n<meta name=\"author\" content=\"Denis Alvarado\" \/>\n<meta name=\"twitter:card\" content=\"summary_large_image\" \/>\n<meta name=\"twitter:label1\" content=\"Escrito por\" \/>\n\t<meta name=\"twitter:data1\" content=\"Denis Alvarado\" \/>\n\t<meta name=\"twitter:label2\" content=\"Tiempo de lectura\" \/>\n\t<meta name=\"twitter:data2\" content=\"1 minuto\" \/>\n<script type=\"application\/ld+json\" class=\"yoast-schema-graph\">{\"@context\":\"https:\\\/\\\/schema.org\",\"@graph\":[{\"@type\":\"Article\",\"@id\":\"https:\\\/\\\/www.visitcentroamerica.com\\\/sala-prensa\\\/actualidad\\\/una-ventana-a-centroamerica-y-republica-dominicana-en-los-medios\\\/#article\",\"isPartOf\":{\"@id\":\"https:\\\/\\\/www.visitcentroamerica.com\\\/sala-prensa\\\/actualidad\\\/una-ventana-a-centroamerica-y-republica-dominicana-en-los-medios\\\/\"},\"author\":{\"name\":\"Denis Alvarado\",\"@id\":\"https:\\\/\\\/www.visitcentroamerica.com\\\/sala-prensa\\\/#\\\/schema\\\/person\\\/0aa3bd0dbaabaead6089ee3dd0cd7ae5\"},\"headline\":\"Una Ventana a Centroam\u00e9rica y Rep\u00fablica Dominicana en los medios\",\"datePublished\":\"2020-09-23T10:04:23+00:00\",\"dateModified\":\"2020-09-23T10:04:25+00:00\",\"mainEntityOfPage\":{\"@id\":\"https:\\\/\\\/www.visitcentroamerica.com\\\/sala-prensa\\\/actualidad\\\/una-ventana-a-centroamerica-y-republica-dominicana-en-los-medios\\\/\"},\"wordCount\":203,\"commentCount\":0,\"image\":{\"@id\":\"https:\\\/\\\/www.visitcentroamerica.com\\\/sala-prensa\\\/actualidad\\\/una-ventana-a-centroamerica-y-republica-dominicana-en-los-medios\\\/#primaryimage\"},\"thumbnailUrl\":\"https:\\\/\\\/www.visitcentroamerica.com\\\/sala-prensa\\\/wp-content\\\/uploads\\\/2020\\\/09\\\/una-ventana-centroamerica-medios-republica-dominicnaa.jpg\",\"articleSection\":[\"Actualidad\",\"Comunicados de Prensa\",\"Rep\u00fablica Dominicana\",\"SICA\"],\"inLanguage\":\"es\",\"potentialAction\":[{\"@type\":\"CommentAction\",\"name\":\"Comment\",\"target\":[\"https:\\\/\\\/www.visitcentroamerica.com\\\/sala-prensa\\\/actualidad\\\/una-ventana-a-centroamerica-y-republica-dominicana-en-los-medios\\\/#respond\"]}]},{\"@type\":\"WebPage\",\"@id\":\"https:\\\/\\\/www.visitcentroamerica.com\\\/sala-prensa\\\/actualidad\\\/una-ventana-a-centroamerica-y-republica-dominicana-en-los-medios\\\/\",\"url\":\"https:\\\/\\\/www.visitcentroamerica.com\\\/sala-prensa\\\/actualidad\\\/una-ventana-a-centroamerica-y-republica-dominicana-en-los-medios\\\/\",\"name\":\"Una Ventana a Centroam\u00e9rica y Rep\u00fablica Dominicana en los medios - Sala de prensa\",\"isPartOf\":{\"@id\":\"https:\\\/\\\/www.visitcentroamerica.com\\\/sala-prensa\\\/#website\"},\"primaryImageOfPage\":{\"@id\":\"https:\\\/\\\/www.visitcentroamerica.com\\\/sala-prensa\\\/actualidad\\\/una-ventana-a-centroamerica-y-republica-dominicana-en-los-medios\\\/#primaryimage\"},\"image\":{\"@id\":\"https:\\\/\\\/www.visitcentroamerica.com\\\/sala-prensa\\\/actualidad\\\/una-ventana-a-centroamerica-y-republica-dominicana-en-los-medios\\\/#primaryimage\"},\"thumbnailUrl\":\"https:\\\/\\\/www.visitcentroamerica.com\\\/sala-prensa\\\/wp-content\\\/uploads\\\/2020\\\/09\\\/una-ventana-centroamerica-medios-republica-dominicnaa.jpg\",\"datePublished\":\"2020-09-23T10:04:23+00:00\",\"dateModified\":\"2020-09-23T10:04:25+00:00\",\"author\":{\"@id\":\"https:\\\/\\\/www.visitcentroamerica.com\\\/sala-prensa\\\/#\\\/schema\\\/person\\\/0aa3bd0dbaabaead6089ee3dd0cd7ae5\"},\"breadcrumb\":{\"@id\":\"https:\\\/\\\/www.visitcentroamerica.com\\\/sala-prensa\\\/actualidad\\\/una-ventana-a-centroamerica-y-republica-dominicana-en-los-medios\\\/#breadcrumb\"},\"inLanguage\":\"es\",\"potentialAction\":[{\"@type\":\"ReadAction\",\"target\":[\"https:\\\/\\\/www.visitcentroamerica.com\\\/sala-prensa\\\/actualidad\\\/una-ventana-a-centroamerica-y-republica-dominicana-en-los-medios\\\/\"]}]},{\"@type\":\"ImageObject\",\"inLanguage\":\"es\",\"@id\":\"https:\\\/\\\/www.visitcentroamerica.com\\\/sala-prensa\\\/actualidad\\\/una-ventana-a-centroamerica-y-republica-dominicana-en-los-medios\\\/#primaryimage\",\"url\":\"https:\\\/\\\/www.visitcentroamerica.com\\\/sala-prensa\\\/wp-content\\\/uploads\\\/2020\\\/09\\\/una-ventana-centroamerica-medios-republica-dominicnaa.jpg\",\"contentUrl\":\"https:\\\/\\\/www.visitcentroamerica.com\\\/sala-prensa\\\/wp-content\\\/uploads\\\/2020\\\/09\\\/una-ventana-centroamerica-medios-republica-dominicnaa.jpg\",\"width\":1200,\"height\":628,\"caption\":\"una-ventana-centroamerica-medios-republica-dominicnaa\"},{\"@type\":\"BreadcrumbList\",\"@id\":\"https:\\\/\\\/www.visitcentroamerica.com\\\/sala-prensa\\\/actualidad\\\/una-ventana-a-centroamerica-y-republica-dominicana-en-los-medios\\\/#breadcrumb\",\"itemListElement\":[{\"@type\":\"ListItem\",\"position\":1,\"name\":\"Portada\",\"item\":\"https:\\\/\\\/www.visitcentroamerica.com\\\/sala-prensa\\\/\"},{\"@type\":\"ListItem\",\"position\":2,\"name\":\"Una Ventana a Centroam\u00e9rica y Rep\u00fablica Dominicana en los medios\"}]},{\"@type\":\"WebSite\",\"@id\":\"https:\\\/\\\/www.visitcentroamerica.com\\\/sala-prensa\\\/#website\",\"url\":\"https:\\\/\\\/www.visitcentroamerica.com\\\/sala-prensa\\\/\",\"name\":\"Sala de prensa\",\"description\":\"\",\"potentialAction\":[{\"@type\":\"SearchAction\",\"target\":{\"@type\":\"EntryPoint\",\"urlTemplate\":\"https:\\\/\\\/www.visitcentroamerica.com\\\/sala-prensa\\\/?s={search_term_string}\"},\"query-input\":{\"@type\":\"PropertyValueSpecification\",\"valueRequired\":true,\"valueName\":\"search_term_string\"}}],\"inLanguage\":\"es\"},{\"@type\":\"Person\",\"@id\":\"https:\\\/\\\/www.visitcentroamerica.com\\\/sala-prensa\\\/#\\\/schema\\\/person\\\/0aa3bd0dbaabaead6089ee3dd0cd7ae5\",\"name\":\"Denis Alvarado\",\"image\":{\"@type\":\"ImageObject\",\"inLanguage\":\"es\",\"@id\":\"https:\\\/\\\/secure.gravatar.com\\\/avatar\\\/c31f0697f6edb7c68d5dedc2ccbd548d2a9f73aa293e81c6a1425229ec4c9135?s=96&d=mm&r=g\",\"url\":\"https:\\\/\\\/secure.gravatar.com\\\/avatar\\\/c31f0697f6edb7c68d5dedc2ccbd548d2a9f73aa293e81c6a1425229ec4c9135?s=96&d=mm&r=g\",\"contentUrl\":\"https:\\\/\\\/secure.gravatar.com\\\/avatar\\\/c31f0697f6edb7c68d5dedc2ccbd548d2a9f73aa293e81c6a1425229ec4c9135?s=96&d=mm&r=g\",\"caption\":\"Denis Alvarado\"},\"url\":\"https:\\\/\\\/www.visitcentroamerica.com\\\/sala-prensa\\\/author\\\/denis\\\/\"}]}<\/script>\n<!-- \/ Yoast SEO plugin. -->","yoast_head_json":{"title":"Una Ventana a Centroam\u00e9rica y Rep\u00fablica Dominicana en los medios - Sala de prensa","robots":{"index":"index","follow":"follow","max-snippet":"max-snippet:-1","max-image-preview":"max-image-preview:large","max-video-preview":"max-video-preview:-1"},"canonical":"https:\/\/www.visitcentroamerica.com\/sala-prensa\/actualidad\/una-ventana-a-centroamerica-y-republica-dominicana-en-los-medios\/","og_locale":"es_ES","og_type":"article","og_title":"Una Ventana a Centroam\u00e9rica y Rep\u00fablica Dominicana en los medios - Sala de prensa","og_description":"Los medios se hacen eco de la pr\u00f3xima serie de Webinars que va a poner en marcha la Agencia de Promoci\u00f3n Tur\u00edstica de Centroam\u00e9rica (CATA) y que se desarrollar\u00e1 entre el 29 de septiembre y el 8 de octubre. Una Ventana a Centroam\u00e9rica y Rep\u00fablica Dominicana es una serie de 4 webinars en los que [&hellip;]","og_url":"https:\/\/www.visitcentroamerica.com\/sala-prensa\/actualidad\/una-ventana-a-centroamerica-y-republica-dominicana-en-los-medios\/","og_site_name":"Sala de prensa","article_published_time":"2020-09-23T10:04:23+00:00","article_modified_time":"2020-09-23T10:04:25+00:00","og_image":[{"width":1200,"height":628,"url":"https:\/\/www.visitcentroamerica.com\/sala-prensa\/wp-content\/uploads\/2020\/09\/una-ventana-centroamerica-medios-republica-dominicnaa.jpg","type":"image\/jpeg"}],"author":"Denis Alvarado","twitter_card":"summary_large_image","twitter_misc":{"Escrito por":"Denis Alvarado","Tiempo de lectura":"1 minuto"},"schema":{"@context":"https:\/\/schema.org","@graph":[{"@type":"Article","@id":"https:\/\/www.visitcentroamerica.com\/sala-prensa\/actualidad\/una-ventana-a-centroamerica-y-republica-dominicana-en-los-medios\/#article","isPartOf":{"@id":"https:\/\/www.visitcentroamerica.com\/sala-prensa\/actualidad\/una-ventana-a-centroamerica-y-republica-dominicana-en-los-medios\/"},"author":{"name":"Denis Alvarado","@id":"https:\/\/www.visitcentroamerica.com\/sala-prensa\/#\/schema\/person\/0aa3bd0dbaabaead6089ee3dd0cd7ae5"},"headline":"Una Ventana a Centroam\u00e9rica y Rep\u00fablica Dominicana en los medios","datePublished":"2020-09-23T10:04:23+00:00","dateModified":"2020-09-23T10:04:25+00:00","mainEntityOfPage":{"@id":"https:\/\/www.visitcentroamerica.com\/sala-prensa\/actualidad\/una-ventana-a-centroamerica-y-republica-dominicana-en-los-medios\/"},"wordCount":203,"commentCount":0,"image":{"@id":"https:\/\/www.visitcentroamerica.com\/sala-prensa\/actualidad\/una-ventana-a-centroamerica-y-republica-dominicana-en-los-medios\/#primaryimage"},"thumbnailUrl":"https:\/\/www.visitcentroamerica.com\/sala-prensa\/wp-content\/uploads\/2020\/09\/una-ventana-centroamerica-medios-republica-dominicnaa.jpg","articleSection":["Actualidad","Comunicados de Prensa","Rep\u00fablica Dominicana","SICA"],"inLanguage":"es","potentialAction":[{"@type":"CommentAction","name":"Comment","target":["https:\/\/www.visitcentroamerica.com\/sala-prensa\/actualidad\/una-ventana-a-centroamerica-y-republica-dominicana-en-los-medios\/#respond"]}]},{"@type":"WebPage","@id":"https:\/\/www.visitcentroamerica.com\/sala-prensa\/actualidad\/una-ventana-a-centroamerica-y-republica-dominicana-en-los-medios\/","url":"https:\/\/www.visitcentroamerica.com\/sala-prensa\/actualidad\/una-ventana-a-centroamerica-y-republica-dominicana-en-los-medios\/","name":"Una Ventana a Centroam\u00e9rica y Rep\u00fablica Dominicana en los medios - Sala de prensa","isPartOf":{"@id":"https:\/\/www.visitcentroamerica.com\/sala-prensa\/#website"},"primaryImageOfPage":{"@id":"https:\/\/www.visitcentroamerica.com\/sala-prensa\/actualidad\/una-ventana-a-centroamerica-y-republica-dominicana-en-los-medios\/#primaryimage"},"image":{"@id":"https:\/\/www.visitcentroamerica.com\/sala-prensa\/actualidad\/una-ventana-a-centroamerica-y-republica-dominicana-en-los-medios\/#primaryimage"},"thumbnailUrl":"https:\/\/www.visitcentroamerica.com\/sala-prensa\/wp-content\/uploads\/2020\/09\/una-ventana-centroamerica-medios-republica-dominicnaa.jpg","datePublished":"2020-09-23T10:04:23+00:00","dateModified":"2020-09-23T10:04:25+00:00","author":{"@id":"https:\/\/www.visitcentroamerica.com\/sala-prensa\/#\/schema\/person\/0aa3bd0dbaabaead6089ee3dd0cd7ae5"},"breadcrumb":{"@id":"https:\/\/www.visitcentroamerica.com\/sala-prensa\/actualidad\/una-ventana-a-centroamerica-y-republica-dominicana-en-los-medios\/#breadcrumb"},"inLanguage":"es","potentialAction":[{"@type":"ReadAction","target":["https:\/\/www.visitcentroamerica.com\/sala-prensa\/actualidad\/una-ventana-a-centroamerica-y-republica-dominicana-en-los-medios\/"]}]},{"@type":"ImageObject","inLanguage":"es","@id":"https:\/\/www.visitcentroamerica.com\/sala-prensa\/actualidad\/una-ventana-a-centroamerica-y-republica-dominicana-en-los-medios\/#primaryimage","url":"https:\/\/www.visitcentroamerica.com\/sala-prensa\/wp-content\/uploads\/2020\/09\/una-ventana-centroamerica-medios-republica-dominicnaa.jpg","contentUrl":"https:\/\/www.visitcentroamerica.com\/sala-prensa\/wp-content\/uploads\/2020\/09\/una-ventana-centroamerica-medios-republica-dominicnaa.jpg","width":1200,"height":628,"caption":"una-ventana-centroamerica-medios-republica-dominicnaa"},{"@type":"BreadcrumbList","@id":"https:\/\/www.visitcentroamerica.com\/sala-prensa\/actualidad\/una-ventana-a-centroamerica-y-republica-dominicana-en-los-medios\/#breadcrumb","itemListElement":[{"@type":"ListItem","position":1,"name":"Portada","item":"https:\/\/www.visitcentroamerica.com\/sala-prensa\/"},{"@type":"ListItem","position":2,"name":"Una Ventana a Centroam\u00e9rica y Rep\u00fablica Dominicana en los medios"}]},{"@type":"WebSite","@id":"https:\/\/www.visitcentroamerica.com\/sala-prensa\/#website","url":"https:\/\/www.visitcentroamerica.com\/sala-prensa\/","name":"Sala de prensa","description":"","potentialAction":[{"@type":"SearchAction","target":{"@type":"EntryPoint","urlTemplate":"https:\/\/www.visitcentroamerica.com\/sala-prensa\/?s={search_term_string}"},"query-input":{"@type":"PropertyValueSpecification","valueRequired":true,"valueName":"search_term_string"}}],"inLanguage":"es"},{"@type":"Person","@id":"https:\/\/www.visitcentroamerica.com\/sala-prensa\/#\/schema\/person\/0aa3bd0dbaabaead6089ee3dd0cd7ae5","name":"Denis Alvarado","image":{"@type":"ImageObject","inLanguage":"es","@id":"https:\/\/secure.gravatar.com\/avatar\/c31f0697f6edb7c68d5dedc2ccbd548d2a9f73aa293e81c6a1425229ec4c9135?s=96&d=mm&r=g","url":"https:\/\/secure.gravatar.com\/avatar\/c31f0697f6edb7c68d5dedc2ccbd548d2a9f73aa293e81c6a1425229ec4c9135?s=96&d=mm&r=g","contentUrl":"https:\/\/secure.gravatar.com\/avatar\/c31f0697f6edb7c68d5dedc2ccbd548d2a9f73aa293e81c6a1425229ec4c9135?s=96&d=mm&r=g","caption":"Denis Alvarado"},"url":"https:\/\/www.visitcentroamerica.com\/sala-prensa\/author\/denis\/"}]}},"_links":{"self":[{"href":"https:\/\/www.visitcentroamerica.com\/sala-prensa\/wp-json\/wp\/v2\/posts\/11234","targetHints":{"allow":["GET"]}}],"collection":[{"href":"https:\/\/www.visitcentroamerica.com\/sala-prensa\/wp-json\/wp\/v2\/posts"}],"about":[{"href":"https:\/\/www.visitcentroamerica.com\/sala-prensa\/wp-json\/wp\/v2\/types\/post"}],"author":[{"embeddable":true,"href":"https:\/\/www.visitcentroamerica.com\/sala-prensa\/wp-json\/wp\/v2\/users\/5"}],"replies":[{"embeddable":true,"href":"https:\/\/www.visitcentroamerica.com\/sala-prensa\/wp-json\/wp\/v2\/comments?post=11234"}],"version-history":[{"count":2,"href":"https:\/\/www.visitcentroamerica.com\/sala-prensa\/wp-json\/wp\/v2\/posts\/11234\/revisions"}],"predecessor-version":[{"id":11238,"href":"https:\/\/www.visitcentroamerica.com\/sala-prensa\/wp-json\/wp\/v2\/posts\/11234\/revisions\/11238"}],"wp:featuredmedia":[{"embeddable":true,"href":"https:\/\/www.visitcentroamerica.com\/sala-prensa\/wp-json\/wp\/v2\/media\/11235"}],"wp:attachment":[{"href":"https:\/\/www.visitcentroamerica.com\/sala-prensa\/wp-json\/wp\/v2\/media?parent=11234"}],"wp:term":[{"taxonomy":"category","embeddable":true,"href":"https:\/\/www.visitcentroamerica.com\/sala-prensa\/wp-json\/wp\/v2\/categories?post=11234"},{"taxonomy":"post_tag","embeddable":true,"href":"https:\/\/www.visitcentroamerica.com\/sala-prensa\/wp-json\/wp\/v2\/tags?post=11234"}],"curies":[{"name":"wp","href":"https:\/\/api.w.org\/{rel}","templated":true}]}}