{"id":11102,"date":"2020-09-03T06:20:02","date_gmt":"2020-09-03T06:20:02","guid":{"rendered":"https:\/\/www.visitcentroamerica.com\/sala-prensa\/?p=11102"},"modified":"2020-09-16T06:33:56","modified_gmt":"2020-09-16T06:33:56","slug":"aeropuertos-centroamerica-anuncian-actualizacion-fechas-reinicio-vuelos-internacionales","status":"publish","type":"post","link":"https:\/\/www.visitcentroamerica.com\/sala-prensa\/internacional\/aeropuertos-centroamerica-anuncian-actualizacion-fechas-reinicio-vuelos-internacionales\/","title":{"rendered":"Aeropuertos de Centroam\u00e9rica anuncian actualizaci\u00f3n de fechas para el reinicio de vuelos internacionales"},"content":{"rendered":"<p>La posici\u00f3n estrat\u00e9gica de la regi\u00f3n la ha consolidado a lo largo de los a\u00f1os como una plataforma log\u00edstica de clase mundial para el traslado de cargas y pasajeros. Sus 29 aeropuertos han garantizado una regi\u00f3n m\u00e1s conectada y competitiva, sin embargo, desde marzo de 2020 su actividad se vio interrumpida a causa de la emergencia mundial provocada por el Coronavirus.<\/p>\n<p>La fase de recuperaci\u00f3n post COVID-19 ha empezado, de manera prudente, a dar algunos pasos decididos hacia la reapertura de la actividad a\u00e9rea comercial en Centroam\u00e9rica y Rep\u00fablica Dominicana. El Plan de reactivaci\u00f3n de vuelos estar\u00e1 enfocado principalmente en las condiciones particulares de los pa\u00edses, as\u00ed como la gradualidad, orden, armonizaci\u00f3n y seguridad operacional y sanitaria.<\/p>\n<p>El Primer Ministro de Belize, Dean Barrow, inform\u00f3 recientemente que&nbsp;<a href=\"https:\/\/www.travelbelize.org\/health-safety\"><strong>el Aeropuerto Internacional Philip Goldson reabrir\u00e1 el 1 de octubre de 2020<\/strong><\/a>, como parte de la estrategia de reapertura para el turismo en cinco fases del pa\u00eds. Para ello, Belice est\u00e1 implementando todas las medidas sanitarias para guiar a los turistas&nbsp;que est\u00e1n planificando viajar en los pr\u00f3ximos meses.<\/p>\n<p>Guatemala ha iniciado una reapertura gradual de la econom\u00eda bajo un sistema de tablero de alertas similares a los colores de un sem\u00e1foro. En ese sentido, se est\u00e1 trabajando en implementar todos los protocolos sanitarios para reiniciar el tr\u00e1fico a\u00e9reo. De acuerdo con la&nbsp;<a href=\"https:\/\/twitter.com\/guatemala_dgac\">Direcci\u00f3n General de Aeron\u00e1utica Civil (DGAC)<\/a>&nbsp;se estima&nbsp;<a href=\"https:\/\/twitter.com\/guatemala_dgac\/status\/1300654168638660608\"><strong>abrir las operaciones del Aeropuerto Internacional La Aurora para viajes comerciales a partir del 18 de septiembre,&nbsp;<\/strong><\/a>esto significar\u00eda tambi\u00e9n la apertura de fronteras.&nbsp;<a href=\"https:\/\/twitter.com\/guatemala_dgac\">Mayor informaci\u00f3n aqu\u00ed<\/a>.<\/p>\n<p>El Salvador ha establecido nuevas fechas para la reapertura de su econom\u00eda.&nbsp;La&nbsp;<a href=\"https:\/\/twitter.com\/CEPASV\">Comisi\u00f3n Ejecutiva Portuaria Aut\u00f3noma (CEPA)<\/a>&nbsp;ha informado que&nbsp;<a href=\"https:\/\/twitter.com\/CEPASV\/status\/1301556352083525641\"><strong>ser\u00e1 hasta el 19 de septiembre para vuelos comerciales de pasajeros de salida y llegadas internacionales; y se espera que en octubre se est\u00e9 ejecutando al 100 % las actividades a\u00e9reas.<\/strong><\/a>&nbsp;La terminal a\u00e9rea abrir\u00e1 sus cielos para recibir a pasajeros y vuelos comerciales con estrictos protocolos de bioseguridad. Mientras tanto,&nbsp;el pa\u00eds sigue atendiendo vuelos de carga, humanitarios y de repatriaci\u00f3n de salvadore\u00f1os. Adem\u00e1s, la circulaci\u00f3n de vuelos locales en el territorio.<\/p>\n<p>Honduras inici\u00f3 operaciones en sus 4 aeropuertos el 17 de agosto&nbsp;para recibir viajes internacionales. La&nbsp;<a href=\"https:\/\/twitter.com\/aeronauticahn?lang=es\">Agencia Hondure\u00f1a de Aeronautica&nbsp; Civil<\/a>&nbsp;ha&nbsp;informado que toda la cadena de suministro del transporte a\u00e9reo est\u00e1 lista&nbsp;con las medidas de bioseguridad, salud, capacitaci\u00f3n e inversi\u00f3n para iniciar con la actividad comercial.&nbsp;<a href=\"https:\/\/twitter.com\/AeronauticaHn?ref_src=twsrc%5Egoogle%7Ctwcamp%5Eserp%7Ctwgr%5Eauthor\">M\u00e1s informaci\u00f3n aqu\u00ed.<\/a><\/p>\n<p>Por su parte, Nicaragua ha anunciado a trav\u00e9s del&nbsp;<a href=\"http:\/\/www.inac.gob.ni\/institucion\/#:~:text=El%20Instituto%20Nicarag%C3%BCense%20de%20Aeron%C3%A1utica,de%20Aviaci%C3%B3n%20Civil%20(AAC).\">Instituto Nicarag\u00fcense de Aviaci\u00f3n Civil (INAC)<\/a>&nbsp;la reapertura&nbsp;del Aeropuerto Internacional Augusto Sandino,&nbsp;<a href=\"http:\/\/www.inac.gob.ni\/\"><strong>prevista para el 5 de septiembre<\/strong><\/a>. Para ello se ha adoptado un protocolo que deber\u00e1n cumplir las aerol\u00edneas. Adem\u00e1s, de las medidas ya anunciadas por el Ministerio de Salud respecto al manejo de pasajeros y requisitos para ingresar al pa\u00eds.<\/p>\n<p>Costa Rica abri\u00f3 sus aeropuertos internacionales el 1 de agosto para vuelos desde pa\u00edses de la Uni\u00f3n Europea, Reino Unido y Canad\u00e1. Los turistas deber\u00e1n presentar una prueba negativa del covid-19 certificada al menos 48 horas antes del viaje, y contar con un seguro de viaje que les cubra una eventual cuarentena. Para garantizar la seguridad de los viajeros, la&nbsp;<a href=\"https:\/\/www.facebook.com\/Direcci%C3%B3n-General-de-Aviaci%C3%B3n-Civil-Costa-Rica-199127063466047\/\">Direcci\u00f3n General de Aviaci\u00f3n Civil<\/a>&nbsp;estar\u00e1 aplicando un protocolo sanitario muy estricto avalado por el Ministerio de Salud P\u00fablica del pa\u00eds.<\/p>\n<p>A partir del 1 de septiembre se permiti\u00f3 el ingreso al pa\u00eds de vuelos privados desde los Estados Unidos, dado que por su tama\u00f1o y naturaleza revisten un riesgo epidemiol\u00f3gico mucho menor y ser\u00e1&nbsp;<a href=\"https:\/\/www.facebook.com\/Direcci%C3%B3n-General-de-Aviaci%C3%B3n-Civil-Costa-Rica-199127063466047\/\">el 15 de septiembre que se habilitar\u00e1 tambi\u00e9n el ingreso de residentes de Pensilvania, Massachusetts y Colorado.<\/a><\/p>\n<p>El Consejo de Gabinete de Panam\u00e1 aprob\u00f3 la reapertura de varias actividades econ\u00f3micas a partir del 7 de septiembre, entre ellas la apertura de los vuelos nacionales&nbsp;<a href=\"https:\/\/twitter.com\/aacivilpty\/status\/1297227807626596354\">el 28 de septiembre y los internacionales a partir del 12 de octubre.<\/a>&nbsp;Se espera iniciar operaciones comerciales para recibir turistas provenientes de pa\u00edses con control de la pandemia. Por el momento, la&nbsp;<a href=\"https:\/\/twitter.com\/aacivilpty\">Autoridad Aeron\u00e1utica Civil de Panam\u00e1<\/a>&nbsp;ha informado que el pa\u00eds est\u00e1 recibiendo \u00fanicamente vuelos humanitarios de repatriaci\u00f3n, transporte de equipos y suministros m\u00e9dicos, de medicamentos, alimentos y otros insumos necesarios para el enfrentamiento de la pandemia.<\/p>\n<p>La Rep\u00fablica Dominicana abri\u00f3 sus aeropuertos al turismo internacional el&nbsp;<strong>1 de julio<\/strong>&nbsp;con una ocupaci\u00f3n del 30% en hoteles y otros espacios dedicados a la actividad tur\u00edstica. La isla espera ampliar la capacidad de ocupaci\u00f3n al 50% en agosto. Seg\u00fan el&nbsp;<a href=\"http:\/\/www.idac.gob.do\/\">Instituto Dominicano de Aviaci\u00f3n Civil<\/a>&nbsp;y el Ministerio de Turismo, la reapertura se ha realizado siguiendo las recomendaciones marcadas por la Comisi\u00f3n de Alto Nivel para la Prevenci\u00f3n y el Control del Coronavirus en el pa\u00eds con estrictos protocolos sanitarios para evitar el riesgo de contagios.<\/p>\n","protected":false},"excerpt":{"rendered":"<p>La posici\u00f3n estrat\u00e9gica de la regi\u00f3n la ha consolidado a lo largo de los a\u00f1os como una plataforma log\u00edstica de clase mundial para el traslado de cargas y pasajeros. Sus 29 aeropuertos han garantizado una regi\u00f3n m\u00e1s conectada y competitiva, sin embargo, desde marzo de 2020 su actividad se vio interrumpida a causa de la [&hellip;]<\/p>\n","protected":false},"author":5,"featured_media":11110,"comment_status":"open","ping_status":"closed","sticky":false,"template":"","format":"standard","meta":{"footnotes":""},"categories":[15],"tags":[],"class_list":{"0":"post-11102","1":"post","2":"type-post","3":"status-publish","4":"format-standard","5":"has-post-thumbnail","7":"category-internacional"},"yoast_head":"<!-- This site is optimized with the Yoast SEO plugin v27.3 - https:\/\/yoast.com\/product\/yoast-seo-wordpress\/ -->\n<title>Aeropuertos de Centroam\u00e9rica anuncian actualizaci\u00f3n de fechas para el reinicio de vuelos internacionales - Sala de prensa<\/title>\n<meta name=\"robots\" content=\"index, follow, max-snippet:-1, max-image-preview:large, max-video-preview:-1\" \/>\n<link rel=\"canonical\" href=\"https:\/\/www.visitcentroamerica.com\/sala-prensa\/internacional\/aeropuertos-centroamerica-anuncian-actualizacion-fechas-reinicio-vuelos-internacionales\/\" \/>\n<meta property=\"og:locale\" content=\"es_ES\" \/>\n<meta property=\"og:type\" content=\"article\" \/>\n<meta property=\"og:title\" content=\"Aeropuertos de Centroam\u00e9rica anuncian actualizaci\u00f3n de fechas para el reinicio de vuelos internacionales - Sala de prensa\" \/>\n<meta property=\"og:description\" content=\"La posici\u00f3n estrat\u00e9gica de la regi\u00f3n la ha consolidado a lo largo de los a\u00f1os como una plataforma log\u00edstica de clase mundial para el traslado de cargas y pasajeros. Sus 29 aeropuertos han garantizado una regi\u00f3n m\u00e1s conectada y competitiva, sin embargo, desde marzo de 2020 su actividad se vio interrumpida a causa de la [&hellip;]\" \/>\n<meta property=\"og:url\" content=\"https:\/\/www.visitcentroamerica.com\/sala-prensa\/internacional\/aeropuertos-centroamerica-anuncian-actualizacion-fechas-reinicio-vuelos-internacionales\/\" \/>\n<meta property=\"og:site_name\" content=\"Sala de prensa\" \/>\n<meta property=\"article:published_time\" content=\"2020-09-03T06:20:02+00:00\" \/>\n<meta property=\"article:modified_time\" content=\"2020-09-16T06:33:56+00:00\" \/>\n<meta property=\"og:image\" content=\"https:\/\/www.visitcentroamerica.com\/sala-prensa\/wp-content\/uploads\/2020\/09\/aeropuertos-vuelos-internacionales-centroamerica.jpg\" \/>\n\t<meta property=\"og:image:width\" content=\"1200\" \/>\n\t<meta property=\"og:image:height\" content=\"628\" \/>\n\t<meta property=\"og:image:type\" content=\"image\/jpeg\" \/>\n<meta name=\"author\" content=\"Denis Alvarado\" \/>\n<meta name=\"twitter:card\" content=\"summary_large_image\" \/>\n<meta name=\"twitter:label1\" content=\"Escrito por\" \/>\n\t<meta name=\"twitter:data1\" content=\"Denis Alvarado\" \/>\n\t<meta name=\"twitter:label2\" content=\"Tiempo de lectura\" \/>\n\t<meta name=\"twitter:data2\" content=\"4 minutos\" \/>\n<script type=\"application\/ld+json\" class=\"yoast-schema-graph\">{\"@context\":\"https:\\\/\\\/schema.org\",\"@graph\":[{\"@type\":\"Article\",\"@id\":\"https:\\\/\\\/www.visitcentroamerica.com\\\/sala-prensa\\\/internacional\\\/aeropuertos-centroamerica-anuncian-actualizacion-fechas-reinicio-vuelos-internacionales\\\/#article\",\"isPartOf\":{\"@id\":\"https:\\\/\\\/www.visitcentroamerica.com\\\/sala-prensa\\\/internacional\\\/aeropuertos-centroamerica-anuncian-actualizacion-fechas-reinicio-vuelos-internacionales\\\/\"},\"author\":{\"name\":\"Denis Alvarado\",\"@id\":\"https:\\\/\\\/www.visitcentroamerica.com\\\/sala-prensa\\\/#\\\/schema\\\/person\\\/0aa3bd0dbaabaead6089ee3dd0cd7ae5\"},\"headline\":\"Aeropuertos de Centroam\u00e9rica anuncian actualizaci\u00f3n de fechas para el reinicio de vuelos internacionales\",\"datePublished\":\"2020-09-03T06:20:02+00:00\",\"dateModified\":\"2020-09-16T06:33:56+00:00\",\"mainEntityOfPage\":{\"@id\":\"https:\\\/\\\/www.visitcentroamerica.com\\\/sala-prensa\\\/internacional\\\/aeropuertos-centroamerica-anuncian-actualizacion-fechas-reinicio-vuelos-internacionales\\\/\"},\"wordCount\":883,\"commentCount\":0,\"image\":{\"@id\":\"https:\\\/\\\/www.visitcentroamerica.com\\\/sala-prensa\\\/internacional\\\/aeropuertos-centroamerica-anuncian-actualizacion-fechas-reinicio-vuelos-internacionales\\\/#primaryimage\"},\"thumbnailUrl\":\"https:\\\/\\\/www.visitcentroamerica.com\\\/sala-prensa\\\/wp-content\\\/uploads\\\/2020\\\/09\\\/aeropuertos-vuelos-internacionales-centroamerica.jpg\",\"articleSection\":[\"Internacional\"],\"inLanguage\":\"es\",\"potentialAction\":[{\"@type\":\"CommentAction\",\"name\":\"Comment\",\"target\":[\"https:\\\/\\\/www.visitcentroamerica.com\\\/sala-prensa\\\/internacional\\\/aeropuertos-centroamerica-anuncian-actualizacion-fechas-reinicio-vuelos-internacionales\\\/#respond\"]}]},{\"@type\":\"WebPage\",\"@id\":\"https:\\\/\\\/www.visitcentroamerica.com\\\/sala-prensa\\\/internacional\\\/aeropuertos-centroamerica-anuncian-actualizacion-fechas-reinicio-vuelos-internacionales\\\/\",\"url\":\"https:\\\/\\\/www.visitcentroamerica.com\\\/sala-prensa\\\/internacional\\\/aeropuertos-centroamerica-anuncian-actualizacion-fechas-reinicio-vuelos-internacionales\\\/\",\"name\":\"Aeropuertos de Centroam\u00e9rica anuncian actualizaci\u00f3n de fechas para el reinicio de vuelos internacionales - Sala de prensa\",\"isPartOf\":{\"@id\":\"https:\\\/\\\/www.visitcentroamerica.com\\\/sala-prensa\\\/#website\"},\"primaryImageOfPage\":{\"@id\":\"https:\\\/\\\/www.visitcentroamerica.com\\\/sala-prensa\\\/internacional\\\/aeropuertos-centroamerica-anuncian-actualizacion-fechas-reinicio-vuelos-internacionales\\\/#primaryimage\"},\"image\":{\"@id\":\"https:\\\/\\\/www.visitcentroamerica.com\\\/sala-prensa\\\/internacional\\\/aeropuertos-centroamerica-anuncian-actualizacion-fechas-reinicio-vuelos-internacionales\\\/#primaryimage\"},\"thumbnailUrl\":\"https:\\\/\\\/www.visitcentroamerica.com\\\/sala-prensa\\\/wp-content\\\/uploads\\\/2020\\\/09\\\/aeropuertos-vuelos-internacionales-centroamerica.jpg\",\"datePublished\":\"2020-09-03T06:20:02+00:00\",\"dateModified\":\"2020-09-16T06:33:56+00:00\",\"author\":{\"@id\":\"https:\\\/\\\/www.visitcentroamerica.com\\\/sala-prensa\\\/#\\\/schema\\\/person\\\/0aa3bd0dbaabaead6089ee3dd0cd7ae5\"},\"breadcrumb\":{\"@id\":\"https:\\\/\\\/www.visitcentroamerica.com\\\/sala-prensa\\\/internacional\\\/aeropuertos-centroamerica-anuncian-actualizacion-fechas-reinicio-vuelos-internacionales\\\/#breadcrumb\"},\"inLanguage\":\"es\",\"potentialAction\":[{\"@type\":\"ReadAction\",\"target\":[\"https:\\\/\\\/www.visitcentroamerica.com\\\/sala-prensa\\\/internacional\\\/aeropuertos-centroamerica-anuncian-actualizacion-fechas-reinicio-vuelos-internacionales\\\/\"]}]},{\"@type\":\"ImageObject\",\"inLanguage\":\"es\",\"@id\":\"https:\\\/\\\/www.visitcentroamerica.com\\\/sala-prensa\\\/internacional\\\/aeropuertos-centroamerica-anuncian-actualizacion-fechas-reinicio-vuelos-internacionales\\\/#primaryimage\",\"url\":\"https:\\\/\\\/www.visitcentroamerica.com\\\/sala-prensa\\\/wp-content\\\/uploads\\\/2020\\\/09\\\/aeropuertos-vuelos-internacionales-centroamerica.jpg\",\"contentUrl\":\"https:\\\/\\\/www.visitcentroamerica.com\\\/sala-prensa\\\/wp-content\\\/uploads\\\/2020\\\/09\\\/aeropuertos-vuelos-internacionales-centroamerica.jpg\",\"width\":1200,\"height\":628,\"caption\":\"Aeropuertos - vuelos internacionales - Centroam\u00e9rica\"},{\"@type\":\"BreadcrumbList\",\"@id\":\"https:\\\/\\\/www.visitcentroamerica.com\\\/sala-prensa\\\/internacional\\\/aeropuertos-centroamerica-anuncian-actualizacion-fechas-reinicio-vuelos-internacionales\\\/#breadcrumb\",\"itemListElement\":[{\"@type\":\"ListItem\",\"position\":1,\"name\":\"Portada\",\"item\":\"https:\\\/\\\/www.visitcentroamerica.com\\\/sala-prensa\\\/\"},{\"@type\":\"ListItem\",\"position\":2,\"name\":\"Aeropuertos de Centroam\u00e9rica anuncian actualizaci\u00f3n de fechas para el reinicio de vuelos internacionales\"}]},{\"@type\":\"WebSite\",\"@id\":\"https:\\\/\\\/www.visitcentroamerica.com\\\/sala-prensa\\\/#website\",\"url\":\"https:\\\/\\\/www.visitcentroamerica.com\\\/sala-prensa\\\/\",\"name\":\"Sala de prensa\",\"description\":\"\",\"potentialAction\":[{\"@type\":\"SearchAction\",\"target\":{\"@type\":\"EntryPoint\",\"urlTemplate\":\"https:\\\/\\\/www.visitcentroamerica.com\\\/sala-prensa\\\/?s={search_term_string}\"},\"query-input\":{\"@type\":\"PropertyValueSpecification\",\"valueRequired\":true,\"valueName\":\"search_term_string\"}}],\"inLanguage\":\"es\"},{\"@type\":\"Person\",\"@id\":\"https:\\\/\\\/www.visitcentroamerica.com\\\/sala-prensa\\\/#\\\/schema\\\/person\\\/0aa3bd0dbaabaead6089ee3dd0cd7ae5\",\"name\":\"Denis Alvarado\",\"image\":{\"@type\":\"ImageObject\",\"inLanguage\":\"es\",\"@id\":\"https:\\\/\\\/secure.gravatar.com\\\/avatar\\\/c31f0697f6edb7c68d5dedc2ccbd548d2a9f73aa293e81c6a1425229ec4c9135?s=96&d=mm&r=g\",\"url\":\"https:\\\/\\\/secure.gravatar.com\\\/avatar\\\/c31f0697f6edb7c68d5dedc2ccbd548d2a9f73aa293e81c6a1425229ec4c9135?s=96&d=mm&r=g\",\"contentUrl\":\"https:\\\/\\\/secure.gravatar.com\\\/avatar\\\/c31f0697f6edb7c68d5dedc2ccbd548d2a9f73aa293e81c6a1425229ec4c9135?s=96&d=mm&r=g\",\"caption\":\"Denis Alvarado\"},\"url\":\"https:\\\/\\\/www.visitcentroamerica.com\\\/sala-prensa\\\/author\\\/denis\\\/\"}]}<\/script>\n<!-- \/ Yoast SEO plugin. -->","yoast_head_json":{"title":"Aeropuertos de Centroam\u00e9rica anuncian actualizaci\u00f3n de fechas para el reinicio de vuelos internacionales - Sala de prensa","robots":{"index":"index","follow":"follow","max-snippet":"max-snippet:-1","max-image-preview":"max-image-preview:large","max-video-preview":"max-video-preview:-1"},"canonical":"https:\/\/www.visitcentroamerica.com\/sala-prensa\/internacional\/aeropuertos-centroamerica-anuncian-actualizacion-fechas-reinicio-vuelos-internacionales\/","og_locale":"es_ES","og_type":"article","og_title":"Aeropuertos de Centroam\u00e9rica anuncian actualizaci\u00f3n de fechas para el reinicio de vuelos internacionales - Sala de prensa","og_description":"La posici\u00f3n estrat\u00e9gica de la regi\u00f3n la ha consolidado a lo largo de los a\u00f1os como una plataforma log\u00edstica de clase mundial para el traslado de cargas y pasajeros. Sus 29 aeropuertos han garantizado una regi\u00f3n m\u00e1s conectada y competitiva, sin embargo, desde marzo de 2020 su actividad se vio interrumpida a causa de la [&hellip;]","og_url":"https:\/\/www.visitcentroamerica.com\/sala-prensa\/internacional\/aeropuertos-centroamerica-anuncian-actualizacion-fechas-reinicio-vuelos-internacionales\/","og_site_name":"Sala de prensa","article_published_time":"2020-09-03T06:20:02+00:00","article_modified_time":"2020-09-16T06:33:56+00:00","og_image":[{"width":1200,"height":628,"url":"https:\/\/www.visitcentroamerica.com\/sala-prensa\/wp-content\/uploads\/2020\/09\/aeropuertos-vuelos-internacionales-centroamerica.jpg","type":"image\/jpeg"}],"author":"Denis Alvarado","twitter_card":"summary_large_image","twitter_misc":{"Escrito por":"Denis Alvarado","Tiempo de lectura":"4 minutos"},"schema":{"@context":"https:\/\/schema.org","@graph":[{"@type":"Article","@id":"https:\/\/www.visitcentroamerica.com\/sala-prensa\/internacional\/aeropuertos-centroamerica-anuncian-actualizacion-fechas-reinicio-vuelos-internacionales\/#article","isPartOf":{"@id":"https:\/\/www.visitcentroamerica.com\/sala-prensa\/internacional\/aeropuertos-centroamerica-anuncian-actualizacion-fechas-reinicio-vuelos-internacionales\/"},"author":{"name":"Denis Alvarado","@id":"https:\/\/www.visitcentroamerica.com\/sala-prensa\/#\/schema\/person\/0aa3bd0dbaabaead6089ee3dd0cd7ae5"},"headline":"Aeropuertos de Centroam\u00e9rica anuncian actualizaci\u00f3n de fechas para el reinicio de vuelos internacionales","datePublished":"2020-09-03T06:20:02+00:00","dateModified":"2020-09-16T06:33:56+00:00","mainEntityOfPage":{"@id":"https:\/\/www.visitcentroamerica.com\/sala-prensa\/internacional\/aeropuertos-centroamerica-anuncian-actualizacion-fechas-reinicio-vuelos-internacionales\/"},"wordCount":883,"commentCount":0,"image":{"@id":"https:\/\/www.visitcentroamerica.com\/sala-prensa\/internacional\/aeropuertos-centroamerica-anuncian-actualizacion-fechas-reinicio-vuelos-internacionales\/#primaryimage"},"thumbnailUrl":"https:\/\/www.visitcentroamerica.com\/sala-prensa\/wp-content\/uploads\/2020\/09\/aeropuertos-vuelos-internacionales-centroamerica.jpg","articleSection":["Internacional"],"inLanguage":"es","potentialAction":[{"@type":"CommentAction","name":"Comment","target":["https:\/\/www.visitcentroamerica.com\/sala-prensa\/internacional\/aeropuertos-centroamerica-anuncian-actualizacion-fechas-reinicio-vuelos-internacionales\/#respond"]}]},{"@type":"WebPage","@id":"https:\/\/www.visitcentroamerica.com\/sala-prensa\/internacional\/aeropuertos-centroamerica-anuncian-actualizacion-fechas-reinicio-vuelos-internacionales\/","url":"https:\/\/www.visitcentroamerica.com\/sala-prensa\/internacional\/aeropuertos-centroamerica-anuncian-actualizacion-fechas-reinicio-vuelos-internacionales\/","name":"Aeropuertos de Centroam\u00e9rica anuncian actualizaci\u00f3n de fechas para el reinicio de vuelos internacionales - Sala de prensa","isPartOf":{"@id":"https:\/\/www.visitcentroamerica.com\/sala-prensa\/#website"},"primaryImageOfPage":{"@id":"https:\/\/www.visitcentroamerica.com\/sala-prensa\/internacional\/aeropuertos-centroamerica-anuncian-actualizacion-fechas-reinicio-vuelos-internacionales\/#primaryimage"},"image":{"@id":"https:\/\/www.visitcentroamerica.com\/sala-prensa\/internacional\/aeropuertos-centroamerica-anuncian-actualizacion-fechas-reinicio-vuelos-internacionales\/#primaryimage"},"thumbnailUrl":"https:\/\/www.visitcentroamerica.com\/sala-prensa\/wp-content\/uploads\/2020\/09\/aeropuertos-vuelos-internacionales-centroamerica.jpg","datePublished":"2020-09-03T06:20:02+00:00","dateModified":"2020-09-16T06:33:56+00:00","author":{"@id":"https:\/\/www.visitcentroamerica.com\/sala-prensa\/#\/schema\/person\/0aa3bd0dbaabaead6089ee3dd0cd7ae5"},"breadcrumb":{"@id":"https:\/\/www.visitcentroamerica.com\/sala-prensa\/internacional\/aeropuertos-centroamerica-anuncian-actualizacion-fechas-reinicio-vuelos-internacionales\/#breadcrumb"},"inLanguage":"es","potentialAction":[{"@type":"ReadAction","target":["https:\/\/www.visitcentroamerica.com\/sala-prensa\/internacional\/aeropuertos-centroamerica-anuncian-actualizacion-fechas-reinicio-vuelos-internacionales\/"]}]},{"@type":"ImageObject","inLanguage":"es","@id":"https:\/\/www.visitcentroamerica.com\/sala-prensa\/internacional\/aeropuertos-centroamerica-anuncian-actualizacion-fechas-reinicio-vuelos-internacionales\/#primaryimage","url":"https:\/\/www.visitcentroamerica.com\/sala-prensa\/wp-content\/uploads\/2020\/09\/aeropuertos-vuelos-internacionales-centroamerica.jpg","contentUrl":"https:\/\/www.visitcentroamerica.com\/sala-prensa\/wp-content\/uploads\/2020\/09\/aeropuertos-vuelos-internacionales-centroamerica.jpg","width":1200,"height":628,"caption":"Aeropuertos - vuelos internacionales - Centroam\u00e9rica"},{"@type":"BreadcrumbList","@id":"https:\/\/www.visitcentroamerica.com\/sala-prensa\/internacional\/aeropuertos-centroamerica-anuncian-actualizacion-fechas-reinicio-vuelos-internacionales\/#breadcrumb","itemListElement":[{"@type":"ListItem","position":1,"name":"Portada","item":"https:\/\/www.visitcentroamerica.com\/sala-prensa\/"},{"@type":"ListItem","position":2,"name":"Aeropuertos de Centroam\u00e9rica anuncian actualizaci\u00f3n de fechas para el reinicio de vuelos internacionales"}]},{"@type":"WebSite","@id":"https:\/\/www.visitcentroamerica.com\/sala-prensa\/#website","url":"https:\/\/www.visitcentroamerica.com\/sala-prensa\/","name":"Sala de prensa","description":"","potentialAction":[{"@type":"SearchAction","target":{"@type":"EntryPoint","urlTemplate":"https:\/\/www.visitcentroamerica.com\/sala-prensa\/?s={search_term_string}"},"query-input":{"@type":"PropertyValueSpecification","valueRequired":true,"valueName":"search_term_string"}}],"inLanguage":"es"},{"@type":"Person","@id":"https:\/\/www.visitcentroamerica.com\/sala-prensa\/#\/schema\/person\/0aa3bd0dbaabaead6089ee3dd0cd7ae5","name":"Denis Alvarado","image":{"@type":"ImageObject","inLanguage":"es","@id":"https:\/\/secure.gravatar.com\/avatar\/c31f0697f6edb7c68d5dedc2ccbd548d2a9f73aa293e81c6a1425229ec4c9135?s=96&d=mm&r=g","url":"https:\/\/secure.gravatar.com\/avatar\/c31f0697f6edb7c68d5dedc2ccbd548d2a9f73aa293e81c6a1425229ec4c9135?s=96&d=mm&r=g","contentUrl":"https:\/\/secure.gravatar.com\/avatar\/c31f0697f6edb7c68d5dedc2ccbd548d2a9f73aa293e81c6a1425229ec4c9135?s=96&d=mm&r=g","caption":"Denis Alvarado"},"url":"https:\/\/www.visitcentroamerica.com\/sala-prensa\/author\/denis\/"}]}},"_links":{"self":[{"href":"https:\/\/www.visitcentroamerica.com\/sala-prensa\/wp-json\/wp\/v2\/posts\/11102","targetHints":{"allow":["GET"]}}],"collection":[{"href":"https:\/\/www.visitcentroamerica.com\/sala-prensa\/wp-json\/wp\/v2\/posts"}],"about":[{"href":"https:\/\/www.visitcentroamerica.com\/sala-prensa\/wp-json\/wp\/v2\/types\/post"}],"author":[{"embeddable":true,"href":"https:\/\/www.visitcentroamerica.com\/sala-prensa\/wp-json\/wp\/v2\/users\/5"}],"replies":[{"embeddable":true,"href":"https:\/\/www.visitcentroamerica.com\/sala-prensa\/wp-json\/wp\/v2\/comments?post=11102"}],"version-history":[{"count":2,"href":"https:\/\/www.visitcentroamerica.com\/sala-prensa\/wp-json\/wp\/v2\/posts\/11102\/revisions"}],"predecessor-version":[{"id":11112,"href":"https:\/\/www.visitcentroamerica.com\/sala-prensa\/wp-json\/wp\/v2\/posts\/11102\/revisions\/11112"}],"wp:featuredmedia":[{"embeddable":true,"href":"https:\/\/www.visitcentroamerica.com\/sala-prensa\/wp-json\/wp\/v2\/media\/11110"}],"wp:attachment":[{"href":"https:\/\/www.visitcentroamerica.com\/sala-prensa\/wp-json\/wp\/v2\/media?parent=11102"}],"wp:term":[{"taxonomy":"category","embeddable":true,"href":"https:\/\/www.visitcentroamerica.com\/sala-prensa\/wp-json\/wp\/v2\/categories?post=11102"},{"taxonomy":"post_tag","embeddable":true,"href":"https:\/\/www.visitcentroamerica.com\/sala-prensa\/wp-json\/wp\/v2\/tags?post=11102"}],"curies":[{"name":"wp","href":"https:\/\/api.w.org\/{rel}","templated":true}]}}