{"id":10965,"date":"2020-09-08T10:26:21","date_gmt":"2020-09-08T10:26:21","guid":{"rendered":"https:\/\/www.visitcentroamerica.com\/sala-prensa\/?p=10965"},"modified":"2020-08-21T10:45:07","modified_gmt":"2020-08-21T10:45:07","slug":"los-arrecifes-coral-centroamerica-los-mas-importantes-del-mundo","status":"publish","type":"post","link":"https:\/\/www.visitcentroamerica.com\/sala-prensa\/viajar\/los-arrecifes-coral-centroamerica-los-mas-importantes-del-mundo\/","title":{"rendered":"\u00bfPor qu\u00e9 los arrecifes de coral de Centroam\u00e9rica son de los m\u00e1s importantes del mundo?"},"content":{"rendered":"<p>Seguro que has o\u00eddo hablar de la Gran Barrera de Coral de Australia, pero \u00bfconoces los <strong>arrecifes de coral en Centroam\u00e9rica<\/strong>? No tienen nada que envidiar a los australianos, puesto que el que oficialmente conocemos como <a href=\"http:\/\/whc.unesco.org\/es\/list\/764\">Sistema de Reservas de la Barrera del Arrecife de Belice<\/a> es el segundo m\u00e1s grande y m\u00e1s importante del mundo. Un lugar \u00fanico donde podr\u00e1s disfrutar de la <strong>naturaleza en Centroam\u00e9rica<\/strong> con todo su esplendor, un espacio que el mism\u00edsimo Charles Darwin defini\u00f3 como \u201cel arrecife m\u00e1s notable de las Indias Occidentales\u201d y que te recomiendo no te pierdas en un <strong>viaje multidestino por el istmo centroamericano<\/strong>.<\/p>\n<p><img decoding=\"async\" class=\"alignnone size-full wp-image-10966\" src=\"https:\/\/www.visitcentroamerica.com\/sala-prensa\/wp-content\/uploads\/2020\/08\/coral-belice-centroamerica.jpg\" alt=\"Coral - Belice - Centroam\u00e9rica\" \nwidth=\"100%\" height=\"auto\" srcset=\"https:\/\/www.visitcentroamerica.com\/sala-prensa\/wp-content\/uploads\/2020\/08\/coral-belice-centroamerica.jpg 696w, https:\/\/www.visitcentroamerica.com\/sala-prensa\/wp-content\/uploads\/2020\/08\/coral-belice-centroamerica-300x172.jpg 300w, https:\/\/www.visitcentroamerica.com\/sala-prensa\/wp-content\/uploads\/2020\/08\/coral-belice-centroamerica-500x287.jpg 500w\" sizes=\"(max-width: 696px) 100vw, 696px\" \/><\/p>\n<h3 style=\"margin-bottom: 15px;\">Barreras de coral en Centroam\u00e9rica<\/h3>\n<p>Podemos dividir los corales en dos grupos. Por un lado, est\u00e1n los que generan los arrecifes; por otro lado, hay corales que segregan un esqueleto flexible en vez de uno de carbonato de calcio. Como resultado, tenemos las <strong>barreras de coral<\/strong>, todo un espect\u00e1culo de la naturaleza bajo agua. Si est\u00e1s pensando en hacer un viaje diferente, alejarte de la masificaci\u00f3n tur\u00edstica y pasar tus vacaciones en un entorno seguro, deber\u00edas visitar pa\u00edses como <strong>Belice u Honduras<\/strong> y dejarte sorprender por la belleza de estos <strong>arrecifes Patrimonio de la Humanidad<\/strong>.<\/p>\n<h3 style=\"margin-bottom: 15px;\">Por qu\u00e9 son tan importantes los arrecifes de coral de Centroam\u00e9rica<\/h3>\n<p>Por sus caracter\u00edsticas, nos encontramos con que los arrecifes coralinos son uno de los ecosistemas m\u00e1s ricos del planeta. Podemos encontrar cientos de especies viviendo en ellos, ya que se estima que son el h\u00e1bitat del <strong>25 % de especies marinas<\/strong>, y muchas de ellas son de consumo humano o pesquero. Pero m\u00e1s all\u00e1 de la biodiversidad estas estructuras tambi\u00e9n nos ayudan a<strong> proteger la costa<\/strong> de la erosi\u00f3n y la fuerza del oleaje.<\/p>\n<p>No podemos perder de vista que los arrecifes de coral ayudan a paliar los efectos del cambio clim\u00e1tico al reducir los gases de efecto invernadero. Parad\u00f3jicamente, el cambio clim\u00e1tico es una de las razones que ponen en peligro estos ecosistemas. El calentamiento de la temperatura del agua marina hace que los corales se blanqueen, lo que, unido a ciertas conductas humanas, pone en peligro los arrecifes. Los arrecifes de coral de Centroam\u00e9rica est\u00e1n incluidos en la lista de <strong>Patrimonio de la Humanidad<\/strong> de la Unesco, y en 2018 los vimos salir de la lista de patrimonio en riesgo.<\/p>\n<h3 style=\"margin-bottom: 15px;\">Naturaleza en Centroam\u00e9rica: los mejores arrecifes de coral<\/h3>\n<p>Si te gusta <strong>bucear<\/strong>, hacerlo en las barrearas de coral centroamericanas es una experiencia que nunca olvidar\u00e1s. Entre las especies que encontramos est\u00e1n el tibur\u00f3n lim\u00f3n o el tibur\u00f3n coralino, tortugas marinas, cangrejos, langostas, manat\u00edes e incluso una especie de cocodrilo marino originario de los Estados Unidos. Tenemos <strong>m\u00e1s de 700 kil\u00f3metros de barrera de coral<\/strong>, con puntos tan ic\u00f3nicos como el <strong>Gran Agujero Azul<\/strong> de Belice. Es una caverna marina circular de 300 metros de di\u00e1metro y 145 de profundidad que tienes que visitar s\u00ed o s\u00ed en tu viaje a Belice.<\/p>\n<p>Adem\u00e1s del Blue Hole, hay otras seis reservas y parques naturales solo en Belice, como\u00a0Bacalar Chico, Half Moon Caye, South Wate Caye, Glover&#8217;s Reef, Laughing Bird Caye y Sapodilla Cays. Un poco m\u00e1s al sur, ya en <strong>Honduras<\/strong>, nos encontramos las espectaculares <strong>Islas de la Bah\u00eda<\/strong>. Son una formaci\u00f3n sobre la barrera de coral mesoamericana, y de nuevo nos encontramos con un escenario ideal para disfrutar del buceo y la rica vista submarina en arrecifes como el de Roat\u00e1n.<\/p>\n<p>\u00bfQuieres sumergirte en los espectaculares <strong>arrecifes de Coral de Centroam\u00e9rica<\/strong> y conocer en primera persona las <strong>barreras de coral<\/strong>? <a href=\"https:\/\/www.visitcentroamerica.com\/packages\/selva-a-todo-lujo\/\"><strong>Visita nuestra web<\/strong><\/a> y descubre todo lo que puede ofrecerte la incre\u00edble <strong>naturaleza en Centroam\u00e9rica<\/strong> en un inolvidable <strong>viaje multidestino<\/strong>.<\/p>\n<p>Experiencias:<\/p>\n<p>&#8211;<a href=\"https:\/\/www.visitcentroamerica.com\/experiencias\/sol-y-playa\/\">Sol y playa<\/a><br \/>\n&#8211;<a href=\"https:\/\/www.visitcentroamerica.com\/experiencias\/patrimonio-la-humanidad\/\">Patrimonio de la Humanidad<\/a><\/p>\n","protected":false},"excerpt":{"rendered":"<p>Seguro que has o\u00eddo hablar de la Gran Barrera de Coral de Australia, pero \u00bfconoces los arrecifes de coral en Centroam\u00e9rica? No tienen nada que envidiar a los australianos, puesto que el que oficialmente conocemos como Sistema de Reservas de la Barrera del Arrecife de Belice es el segundo m\u00e1s grande y m\u00e1s importante del [&hellip;]<\/p>\n","protected":false},"author":5,"featured_media":10968,"comment_status":"open","ping_status":"closed","sticky":false,"template":"","format":"standard","meta":{"footnotes":""},"categories":[37,32,25],"tags":[],"class_list":{"0":"post-10965","1":"post","2":"type-post","3":"status-publish","4":"format-standard","5":"has-post-thumbnail","7":"category-buceo","8":"category-naturaleza","9":"category-viajar"},"yoast_head":"<!-- This site is optimized with the Yoast SEO plugin v27.3 - https:\/\/yoast.com\/product\/yoast-seo-wordpress\/ -->\n<title>Belice y Honduras: incre\u00edbles arrecifes de coral en Centroam\u00e9rica<\/title>\n<meta name=\"description\" content=\"Frente a las costas de Belice y Honduras se ubican dos de los m\u00e1s espectaculares arrecifes de coral de Centroam\u00e9rica, siendo uno de ellos, la segunda estructura coralina m\u00e1s grande del mundo.\" \/>\n<meta name=\"robots\" content=\"index, follow, max-snippet:-1, max-image-preview:large, max-video-preview:-1\" \/>\n<link rel=\"canonical\" href=\"https:\/\/www.visitcentroamerica.com\/sala-prensa\/viajar\/los-arrecifes-coral-centroamerica-los-mas-importantes-del-mundo\/\" \/>\n<meta property=\"og:locale\" content=\"es_ES\" \/>\n<meta property=\"og:type\" content=\"article\" \/>\n<meta property=\"og:title\" content=\"Belice y Honduras: incre\u00edbles arrecifes de coral en Centroam\u00e9rica\" \/>\n<meta property=\"og:description\" content=\"Frente a las costas de Belice y Honduras se ubican dos de los m\u00e1s espectaculares arrecifes de coral de Centroam\u00e9rica, siendo uno de ellos, la segunda estructura coralina m\u00e1s grande del mundo.\" \/>\n<meta property=\"og:url\" content=\"https:\/\/www.visitcentroamerica.com\/sala-prensa\/viajar\/los-arrecifes-coral-centroamerica-los-mas-importantes-del-mundo\/\" \/>\n<meta property=\"og:site_name\" content=\"Sala de prensa\" \/>\n<meta property=\"article:published_time\" content=\"2020-09-08T10:26:21+00:00\" \/>\n<meta property=\"og:image\" content=\"https:\/\/www.visitcentroamerica.com\/sala-prensa\/wp-content\/uploads\/2020\/08\/coral-centroamerica.jpg\" \/>\n\t<meta property=\"og:image:width\" content=\"600\" \/>\n\t<meta property=\"og:image:height\" content=\"600\" \/>\n\t<meta property=\"og:image:type\" content=\"image\/jpeg\" \/>\n<meta name=\"author\" content=\"Denis Alvarado\" \/>\n<meta name=\"twitter:card\" content=\"summary_large_image\" \/>\n<meta name=\"twitter:label1\" content=\"Escrito por\" \/>\n\t<meta name=\"twitter:data1\" content=\"Denis Alvarado\" \/>\n\t<meta name=\"twitter:label2\" content=\"Tiempo de lectura\" \/>\n\t<meta name=\"twitter:data2\" content=\"3 minutos\" \/>\n<script type=\"application\/ld+json\" class=\"yoast-schema-graph\">{\"@context\":\"https:\\\/\\\/schema.org\",\"@graph\":[{\"@type\":\"Article\",\"@id\":\"https:\\\/\\\/www.visitcentroamerica.com\\\/sala-prensa\\\/viajar\\\/los-arrecifes-coral-centroamerica-los-mas-importantes-del-mundo\\\/#article\",\"isPartOf\":{\"@id\":\"https:\\\/\\\/www.visitcentroamerica.com\\\/sala-prensa\\\/viajar\\\/los-arrecifes-coral-centroamerica-los-mas-importantes-del-mundo\\\/\"},\"author\":{\"name\":\"Denis Alvarado\",\"@id\":\"https:\\\/\\\/www.visitcentroamerica.com\\\/sala-prensa\\\/#\\\/schema\\\/person\\\/0aa3bd0dbaabaead6089ee3dd0cd7ae5\"},\"headline\":\"\u00bfPor qu\u00e9 los arrecifes de coral de Centroam\u00e9rica son de los m\u00e1s importantes del mundo?\",\"datePublished\":\"2020-09-08T10:26:21+00:00\",\"mainEntityOfPage\":{\"@id\":\"https:\\\/\\\/www.visitcentroamerica.com\\\/sala-prensa\\\/viajar\\\/los-arrecifes-coral-centroamerica-los-mas-importantes-del-mundo\\\/\"},\"wordCount\":668,\"commentCount\":0,\"image\":{\"@id\":\"https:\\\/\\\/www.visitcentroamerica.com\\\/sala-prensa\\\/viajar\\\/los-arrecifes-coral-centroamerica-los-mas-importantes-del-mundo\\\/#primaryimage\"},\"thumbnailUrl\":\"https:\\\/\\\/www.visitcentroamerica.com\\\/sala-prensa\\\/wp-content\\\/uploads\\\/2020\\\/08\\\/coral-centroamerica.jpg\",\"articleSection\":[\"Buceo\",\"Naturaleza\",\"Viajar\"],\"inLanguage\":\"es\",\"potentialAction\":[{\"@type\":\"CommentAction\",\"name\":\"Comment\",\"target\":[\"https:\\\/\\\/www.visitcentroamerica.com\\\/sala-prensa\\\/viajar\\\/los-arrecifes-coral-centroamerica-los-mas-importantes-del-mundo\\\/#respond\"]}]},{\"@type\":\"WebPage\",\"@id\":\"https:\\\/\\\/www.visitcentroamerica.com\\\/sala-prensa\\\/viajar\\\/los-arrecifes-coral-centroamerica-los-mas-importantes-del-mundo\\\/\",\"url\":\"https:\\\/\\\/www.visitcentroamerica.com\\\/sala-prensa\\\/viajar\\\/los-arrecifes-coral-centroamerica-los-mas-importantes-del-mundo\\\/\",\"name\":\"Belice y Honduras: incre\u00edbles arrecifes de coral en Centroam\u00e9rica\",\"isPartOf\":{\"@id\":\"https:\\\/\\\/www.visitcentroamerica.com\\\/sala-prensa\\\/#website\"},\"primaryImageOfPage\":{\"@id\":\"https:\\\/\\\/www.visitcentroamerica.com\\\/sala-prensa\\\/viajar\\\/los-arrecifes-coral-centroamerica-los-mas-importantes-del-mundo\\\/#primaryimage\"},\"image\":{\"@id\":\"https:\\\/\\\/www.visitcentroamerica.com\\\/sala-prensa\\\/viajar\\\/los-arrecifes-coral-centroamerica-los-mas-importantes-del-mundo\\\/#primaryimage\"},\"thumbnailUrl\":\"https:\\\/\\\/www.visitcentroamerica.com\\\/sala-prensa\\\/wp-content\\\/uploads\\\/2020\\\/08\\\/coral-centroamerica.jpg\",\"datePublished\":\"2020-09-08T10:26:21+00:00\",\"author\":{\"@id\":\"https:\\\/\\\/www.visitcentroamerica.com\\\/sala-prensa\\\/#\\\/schema\\\/person\\\/0aa3bd0dbaabaead6089ee3dd0cd7ae5\"},\"description\":\"Frente a las costas de Belice y Honduras se ubican dos de los m\u00e1s espectaculares arrecifes de coral de Centroam\u00e9rica, siendo uno de ellos, la segunda estructura coralina m\u00e1s grande del mundo.\",\"breadcrumb\":{\"@id\":\"https:\\\/\\\/www.visitcentroamerica.com\\\/sala-prensa\\\/viajar\\\/los-arrecifes-coral-centroamerica-los-mas-importantes-del-mundo\\\/#breadcrumb\"},\"inLanguage\":\"es\",\"potentialAction\":[{\"@type\":\"ReadAction\",\"target\":[\"https:\\\/\\\/www.visitcentroamerica.com\\\/sala-prensa\\\/viajar\\\/los-arrecifes-coral-centroamerica-los-mas-importantes-del-mundo\\\/\"]}]},{\"@type\":\"ImageObject\",\"inLanguage\":\"es\",\"@id\":\"https:\\\/\\\/www.visitcentroamerica.com\\\/sala-prensa\\\/viajar\\\/los-arrecifes-coral-centroamerica-los-mas-importantes-del-mundo\\\/#primaryimage\",\"url\":\"https:\\\/\\\/www.visitcentroamerica.com\\\/sala-prensa\\\/wp-content\\\/uploads\\\/2020\\\/08\\\/coral-centroamerica.jpg\",\"contentUrl\":\"https:\\\/\\\/www.visitcentroamerica.com\\\/sala-prensa\\\/wp-content\\\/uploads\\\/2020\\\/08\\\/coral-centroamerica.jpg\",\"width\":600,\"height\":600,\"caption\":\"Arrecifes coral - Centroam\u00e9rica\"},{\"@type\":\"BreadcrumbList\",\"@id\":\"https:\\\/\\\/www.visitcentroamerica.com\\\/sala-prensa\\\/viajar\\\/los-arrecifes-coral-centroamerica-los-mas-importantes-del-mundo\\\/#breadcrumb\",\"itemListElement\":[{\"@type\":\"ListItem\",\"position\":1,\"name\":\"Portada\",\"item\":\"https:\\\/\\\/www.visitcentroamerica.com\\\/sala-prensa\\\/\"},{\"@type\":\"ListItem\",\"position\":2,\"name\":\"\u00bfPor qu\u00e9 los arrecifes de coral de Centroam\u00e9rica son de los m\u00e1s importantes del mundo?\"}]},{\"@type\":\"WebSite\",\"@id\":\"https:\\\/\\\/www.visitcentroamerica.com\\\/sala-prensa\\\/#website\",\"url\":\"https:\\\/\\\/www.visitcentroamerica.com\\\/sala-prensa\\\/\",\"name\":\"Sala de prensa\",\"description\":\"\",\"potentialAction\":[{\"@type\":\"SearchAction\",\"target\":{\"@type\":\"EntryPoint\",\"urlTemplate\":\"https:\\\/\\\/www.visitcentroamerica.com\\\/sala-prensa\\\/?s={search_term_string}\"},\"query-input\":{\"@type\":\"PropertyValueSpecification\",\"valueRequired\":true,\"valueName\":\"search_term_string\"}}],\"inLanguage\":\"es\"},{\"@type\":\"Person\",\"@id\":\"https:\\\/\\\/www.visitcentroamerica.com\\\/sala-prensa\\\/#\\\/schema\\\/person\\\/0aa3bd0dbaabaead6089ee3dd0cd7ae5\",\"name\":\"Denis Alvarado\",\"image\":{\"@type\":\"ImageObject\",\"inLanguage\":\"es\",\"@id\":\"https:\\\/\\\/secure.gravatar.com\\\/avatar\\\/c31f0697f6edb7c68d5dedc2ccbd548d2a9f73aa293e81c6a1425229ec4c9135?s=96&d=mm&r=g\",\"url\":\"https:\\\/\\\/secure.gravatar.com\\\/avatar\\\/c31f0697f6edb7c68d5dedc2ccbd548d2a9f73aa293e81c6a1425229ec4c9135?s=96&d=mm&r=g\",\"contentUrl\":\"https:\\\/\\\/secure.gravatar.com\\\/avatar\\\/c31f0697f6edb7c68d5dedc2ccbd548d2a9f73aa293e81c6a1425229ec4c9135?s=96&d=mm&r=g\",\"caption\":\"Denis Alvarado\"},\"url\":\"https:\\\/\\\/www.visitcentroamerica.com\\\/sala-prensa\\\/author\\\/denis\\\/\"}]}<\/script>\n<!-- \/ Yoast SEO plugin. -->","yoast_head_json":{"title":"Belice y Honduras: incre\u00edbles arrecifes de coral en Centroam\u00e9rica","description":"Frente a las costas de Belice y Honduras se ubican dos de los m\u00e1s espectaculares arrecifes de coral de Centroam\u00e9rica, siendo uno de ellos, la segunda estructura coralina m\u00e1s grande del mundo.","robots":{"index":"index","follow":"follow","max-snippet":"max-snippet:-1","max-image-preview":"max-image-preview:large","max-video-preview":"max-video-preview:-1"},"canonical":"https:\/\/www.visitcentroamerica.com\/sala-prensa\/viajar\/los-arrecifes-coral-centroamerica-los-mas-importantes-del-mundo\/","og_locale":"es_ES","og_type":"article","og_title":"Belice y Honduras: incre\u00edbles arrecifes de coral en Centroam\u00e9rica","og_description":"Frente a las costas de Belice y Honduras se ubican dos de los m\u00e1s espectaculares arrecifes de coral de Centroam\u00e9rica, siendo uno de ellos, la segunda estructura coralina m\u00e1s grande del mundo.","og_url":"https:\/\/www.visitcentroamerica.com\/sala-prensa\/viajar\/los-arrecifes-coral-centroamerica-los-mas-importantes-del-mundo\/","og_site_name":"Sala de prensa","article_published_time":"2020-09-08T10:26:21+00:00","og_image":[{"width":600,"height":600,"url":"https:\/\/www.visitcentroamerica.com\/sala-prensa\/wp-content\/uploads\/2020\/08\/coral-centroamerica.jpg","type":"image\/jpeg"}],"author":"Denis Alvarado","twitter_card":"summary_large_image","twitter_misc":{"Escrito por":"Denis Alvarado","Tiempo de lectura":"3 minutos"},"schema":{"@context":"https:\/\/schema.org","@graph":[{"@type":"Article","@id":"https:\/\/www.visitcentroamerica.com\/sala-prensa\/viajar\/los-arrecifes-coral-centroamerica-los-mas-importantes-del-mundo\/#article","isPartOf":{"@id":"https:\/\/www.visitcentroamerica.com\/sala-prensa\/viajar\/los-arrecifes-coral-centroamerica-los-mas-importantes-del-mundo\/"},"author":{"name":"Denis Alvarado","@id":"https:\/\/www.visitcentroamerica.com\/sala-prensa\/#\/schema\/person\/0aa3bd0dbaabaead6089ee3dd0cd7ae5"},"headline":"\u00bfPor qu\u00e9 los arrecifes de coral de Centroam\u00e9rica son de los m\u00e1s importantes del mundo?","datePublished":"2020-09-08T10:26:21+00:00","mainEntityOfPage":{"@id":"https:\/\/www.visitcentroamerica.com\/sala-prensa\/viajar\/los-arrecifes-coral-centroamerica-los-mas-importantes-del-mundo\/"},"wordCount":668,"commentCount":0,"image":{"@id":"https:\/\/www.visitcentroamerica.com\/sala-prensa\/viajar\/los-arrecifes-coral-centroamerica-los-mas-importantes-del-mundo\/#primaryimage"},"thumbnailUrl":"https:\/\/www.visitcentroamerica.com\/sala-prensa\/wp-content\/uploads\/2020\/08\/coral-centroamerica.jpg","articleSection":["Buceo","Naturaleza","Viajar"],"inLanguage":"es","potentialAction":[{"@type":"CommentAction","name":"Comment","target":["https:\/\/www.visitcentroamerica.com\/sala-prensa\/viajar\/los-arrecifes-coral-centroamerica-los-mas-importantes-del-mundo\/#respond"]}]},{"@type":"WebPage","@id":"https:\/\/www.visitcentroamerica.com\/sala-prensa\/viajar\/los-arrecifes-coral-centroamerica-los-mas-importantes-del-mundo\/","url":"https:\/\/www.visitcentroamerica.com\/sala-prensa\/viajar\/los-arrecifes-coral-centroamerica-los-mas-importantes-del-mundo\/","name":"Belice y Honduras: incre\u00edbles arrecifes de coral en Centroam\u00e9rica","isPartOf":{"@id":"https:\/\/www.visitcentroamerica.com\/sala-prensa\/#website"},"primaryImageOfPage":{"@id":"https:\/\/www.visitcentroamerica.com\/sala-prensa\/viajar\/los-arrecifes-coral-centroamerica-los-mas-importantes-del-mundo\/#primaryimage"},"image":{"@id":"https:\/\/www.visitcentroamerica.com\/sala-prensa\/viajar\/los-arrecifes-coral-centroamerica-los-mas-importantes-del-mundo\/#primaryimage"},"thumbnailUrl":"https:\/\/www.visitcentroamerica.com\/sala-prensa\/wp-content\/uploads\/2020\/08\/coral-centroamerica.jpg","datePublished":"2020-09-08T10:26:21+00:00","author":{"@id":"https:\/\/www.visitcentroamerica.com\/sala-prensa\/#\/schema\/person\/0aa3bd0dbaabaead6089ee3dd0cd7ae5"},"description":"Frente a las costas de Belice y Honduras se ubican dos de los m\u00e1s espectaculares arrecifes de coral de Centroam\u00e9rica, siendo uno de ellos, la segunda estructura coralina m\u00e1s grande del mundo.","breadcrumb":{"@id":"https:\/\/www.visitcentroamerica.com\/sala-prensa\/viajar\/los-arrecifes-coral-centroamerica-los-mas-importantes-del-mundo\/#breadcrumb"},"inLanguage":"es","potentialAction":[{"@type":"ReadAction","target":["https:\/\/www.visitcentroamerica.com\/sala-prensa\/viajar\/los-arrecifes-coral-centroamerica-los-mas-importantes-del-mundo\/"]}]},{"@type":"ImageObject","inLanguage":"es","@id":"https:\/\/www.visitcentroamerica.com\/sala-prensa\/viajar\/los-arrecifes-coral-centroamerica-los-mas-importantes-del-mundo\/#primaryimage","url":"https:\/\/www.visitcentroamerica.com\/sala-prensa\/wp-content\/uploads\/2020\/08\/coral-centroamerica.jpg","contentUrl":"https:\/\/www.visitcentroamerica.com\/sala-prensa\/wp-content\/uploads\/2020\/08\/coral-centroamerica.jpg","width":600,"height":600,"caption":"Arrecifes coral - Centroam\u00e9rica"},{"@type":"BreadcrumbList","@id":"https:\/\/www.visitcentroamerica.com\/sala-prensa\/viajar\/los-arrecifes-coral-centroamerica-los-mas-importantes-del-mundo\/#breadcrumb","itemListElement":[{"@type":"ListItem","position":1,"name":"Portada","item":"https:\/\/www.visitcentroamerica.com\/sala-prensa\/"},{"@type":"ListItem","position":2,"name":"\u00bfPor qu\u00e9 los arrecifes de coral de Centroam\u00e9rica son de los m\u00e1s importantes del mundo?"}]},{"@type":"WebSite","@id":"https:\/\/www.visitcentroamerica.com\/sala-prensa\/#website","url":"https:\/\/www.visitcentroamerica.com\/sala-prensa\/","name":"Sala de prensa","description":"","potentialAction":[{"@type":"SearchAction","target":{"@type":"EntryPoint","urlTemplate":"https:\/\/www.visitcentroamerica.com\/sala-prensa\/?s={search_term_string}"},"query-input":{"@type":"PropertyValueSpecification","valueRequired":true,"valueName":"search_term_string"}}],"inLanguage":"es"},{"@type":"Person","@id":"https:\/\/www.visitcentroamerica.com\/sala-prensa\/#\/schema\/person\/0aa3bd0dbaabaead6089ee3dd0cd7ae5","name":"Denis Alvarado","image":{"@type":"ImageObject","inLanguage":"es","@id":"https:\/\/secure.gravatar.com\/avatar\/c31f0697f6edb7c68d5dedc2ccbd548d2a9f73aa293e81c6a1425229ec4c9135?s=96&d=mm&r=g","url":"https:\/\/secure.gravatar.com\/avatar\/c31f0697f6edb7c68d5dedc2ccbd548d2a9f73aa293e81c6a1425229ec4c9135?s=96&d=mm&r=g","contentUrl":"https:\/\/secure.gravatar.com\/avatar\/c31f0697f6edb7c68d5dedc2ccbd548d2a9f73aa293e81c6a1425229ec4c9135?s=96&d=mm&r=g","caption":"Denis Alvarado"},"url":"https:\/\/www.visitcentroamerica.com\/sala-prensa\/author\/denis\/"}]}},"_links":{"self":[{"href":"https:\/\/www.visitcentroamerica.com\/sala-prensa\/wp-json\/wp\/v2\/posts\/10965","targetHints":{"allow":["GET"]}}],"collection":[{"href":"https:\/\/www.visitcentroamerica.com\/sala-prensa\/wp-json\/wp\/v2\/posts"}],"about":[{"href":"https:\/\/www.visitcentroamerica.com\/sala-prensa\/wp-json\/wp\/v2\/types\/post"}],"author":[{"embeddable":true,"href":"https:\/\/www.visitcentroamerica.com\/sala-prensa\/wp-json\/wp\/v2\/users\/5"}],"replies":[{"embeddable":true,"href":"https:\/\/www.visitcentroamerica.com\/sala-prensa\/wp-json\/wp\/v2\/comments?post=10965"}],"version-history":[{"count":2,"href":"https:\/\/www.visitcentroamerica.com\/sala-prensa\/wp-json\/wp\/v2\/posts\/10965\/revisions"}],"predecessor-version":[{"id":10971,"href":"https:\/\/www.visitcentroamerica.com\/sala-prensa\/wp-json\/wp\/v2\/posts\/10965\/revisions\/10971"}],"wp:featuredmedia":[{"embeddable":true,"href":"https:\/\/www.visitcentroamerica.com\/sala-prensa\/wp-json\/wp\/v2\/media\/10968"}],"wp:attachment":[{"href":"https:\/\/www.visitcentroamerica.com\/sala-prensa\/wp-json\/wp\/v2\/media?parent=10965"}],"wp:term":[{"taxonomy":"category","embeddable":true,"href":"https:\/\/www.visitcentroamerica.com\/sala-prensa\/wp-json\/wp\/v2\/categories?post=10965"},{"taxonomy":"post_tag","embeddable":true,"href":"https:\/\/www.visitcentroamerica.com\/sala-prensa\/wp-json\/wp\/v2\/tags?post=10965"}],"curies":[{"name":"wp","href":"https:\/\/api.w.org\/{rel}","templated":true}]}}