{"id":10746,"date":"2020-07-30T08:14:57","date_gmt":"2020-07-30T08:14:57","guid":{"rendered":"https:\/\/www.visitcentroamerica.com\/sala-prensa\/?p=10746"},"modified":"2020-07-30T08:15:41","modified_gmt":"2020-07-30T08:15:41","slug":"la-fauna-en-centroamerica-y-republica-dominicana-en-vivirenelmundo-com-y-travelnature-nl","status":"publish","type":"post","link":"https:\/\/www.visitcentroamerica.com\/sala-prensa\/internacional\/la-fauna-en-centroamerica-y-republica-dominicana-en-vivirenelmundo-com-y-travelnature-nl\/","title":{"rendered":"La fauna en Centroam\u00e9rica y Rep\u00fablica Dominicana, en vivirenelmundo.com y travelnature.nl"},"content":{"rendered":"\n<p>Centroam\u00e9rica y Rep\u00fablica Dominicana son una provocaci\u00f3n a nuestros sentidos. Concentran una gran cantidad de la biodiversidad del mundo, pese a no representar m\u00e1s del 1% del territorio.<\/p>\n\n\n\n<p>Por ello, en Centroam\u00e9rica tenemos iniciativas y proyectos de desarrollo para la protecci\u00f3n y preservaci\u00f3n de la biodiversidad, recursos h\u00eddricos y ecosistemas. Adem\u00e1s, sabemos que la naturaleza es un recurso muy importante en nuestro sector tur\u00edstico, tanto por la flora y la fauna, como por el encuentro con comunidades rurales y agr\u00edcolas.<\/p>\n\n\n\n<p>El blog holandes travelnature.nl y el espa\u00f1ol  vivirenelmundo.com se han echo eco de una de las grandes joyas de Centroam\u00e9rica y Rep\u00fablica Dominicana: la fauna.<\/p>\n\n\n\n<p>As\u00ed, en sus art\u00edculos enumeran a algunas de las especies m\u00e1s caracter\u00edsticas y \u00fanicas de Panam\u00e1, Rep\u00fablica Dominicana, Honduras y Belice.<\/p>\n\n\n\n<p>Si quieres saber m\u00e1s, pincha en los siguientes links.<\/p>\n\n\n\n<figure class=\"wp-block-embed-wordpress wp-block-embed is-type-wp-embed is-provider-travelnature-nl\"><div class=\"wp-block-embed__wrapper\">\nhttp:\/\/www.travelnature.nl\/centraal-amerika-en-de-dominicaanse-republiek-een-van-de-beste-bestemmingen-ter-wereld-voor-dierenspotters\/\n<\/div><\/figure>\n\n\n\n<figure class=\"wp-block-embed-wordpress wp-block-embed is-type-wp-embed is-provider-vivir-en-el-mundo\"><div class=\"wp-block-embed__wrapper\">\n<blockquote class=\"wp-embedded-content\" data-secret=\"jlZMTekUQr\"><a href=\"https:\/\/vivirenelmundo.com\/centroamerica-y-republica-dominicana-ofrecen-algunas-de-las-especies-mas-exuberantes-del-planeta\/\">Centroam\u00e9rica y Rep\u00fablica Dominicana ofrecen algunas de las especies m\u00e1s exuberantes del planeta<\/a><\/blockquote><iframe loading=\"lazy\" class=\"wp-embedded-content\" sandbox=\"allow-scripts\" security=\"restricted\" style=\"position: absolute; clip: rect(1px, 1px, 1px, 1px);\" title=\"\u00abCentroam\u00e9rica y Rep\u00fablica Dominicana ofrecen algunas de las especies m\u00e1s exuberantes del planeta\u00bb \u2014 Vivir en el Mundo\" src=\"https:\/\/vivirenelmundo.com\/centroamerica-y-republica-dominicana-ofrecen-algunas-de-las-especies-mas-exuberantes-del-planeta\/embed\/#?secret=jlZMTekUQr\" data-secret=\"jlZMTekUQr\" width=\"600\" height=\"338\" frameborder=\"0\" marginwidth=\"0\" marginheight=\"0\" scrolling=\"no\"><\/iframe>\n<\/div><\/figure>\n\n\n\n<p><\/p>\n","protected":false},"excerpt":{"rendered":"<p>Centroam\u00e9rica y Rep\u00fablica Dominicana son una provocaci\u00f3n a nuestros sentidos. Concentran una gran cantidad de la biodiversidad del mundo, pese a no representar m\u00e1s del 1% del territorio. Por ello, en Centroam\u00e9rica tenemos iniciativas y proyectos de desarrollo para la protecci\u00f3n y preservaci\u00f3n de la biodiversidad, recursos h\u00eddricos y ecosistemas. Adem\u00e1s, sabemos que la naturaleza [&hellip;]<\/p>\n","protected":false},"author":5,"featured_media":10747,"comment_status":"open","ping_status":"closed","sticky":false,"template":"","format":"standard","meta":{"footnotes":""},"categories":[19,15],"tags":[],"class_list":{"0":"post-10746","1":"post","2":"type-post","3":"status-publish","4":"format-standard","5":"has-post-thumbnail","7":"category-europa","8":"category-internacional"},"yoast_head":"<!-- This site is optimized with the Yoast SEO plugin v27.3 - https:\/\/yoast.com\/product\/yoast-seo-wordpress\/ -->\n<title>Centroam\u00e9rica y Rep\u00fablica dominicana en blogs europeos<\/title>\n<meta name=\"description\" content=\"Blogs Europeos de Turismo se hacen eco, en esta noticia, de la biodiversidad de Centroam\u00e9rica y Rep\u00fablica Dominicana a trav\u00e9s de su fauna.\" \/>\n<meta name=\"robots\" content=\"index, follow, max-snippet:-1, max-image-preview:large, max-video-preview:-1\" \/>\n<link rel=\"canonical\" href=\"https:\/\/www.visitcentroamerica.com\/sala-prensa\/internacional\/la-fauna-en-centroamerica-y-republica-dominicana-en-vivirenelmundo-com-y-travelnature-nl\/\" \/>\n<meta property=\"og:locale\" content=\"es_ES\" \/>\n<meta property=\"og:type\" content=\"article\" \/>\n<meta property=\"og:title\" content=\"Centroam\u00e9rica y Rep\u00fablica dominicana en blogs europeos\" \/>\n<meta property=\"og:description\" content=\"Blogs Europeos de Turismo se hacen eco, en esta noticia, de la biodiversidad de Centroam\u00e9rica y Rep\u00fablica Dominicana a trav\u00e9s de su fauna.\" \/>\n<meta property=\"og:url\" content=\"https:\/\/www.visitcentroamerica.com\/sala-prensa\/internacional\/la-fauna-en-centroamerica-y-republica-dominicana-en-vivirenelmundo-com-y-travelnature-nl\/\" \/>\n<meta property=\"og:site_name\" content=\"Sala de prensa\" \/>\n<meta property=\"article:published_time\" content=\"2020-07-30T08:14:57+00:00\" \/>\n<meta property=\"article:modified_time\" content=\"2020-07-30T08:15:41+00:00\" \/>\n<meta property=\"og:image\" content=\"https:\/\/www.visitcentroamerica.com\/sala-prensa\/wp-content\/uploads\/2020\/07\/belize_barrier6-e1596096977812.jpg\" \/>\n\t<meta property=\"og:image:width\" content=\"1756\" \/>\n\t<meta property=\"og:image:height\" content=\"1000\" \/>\n\t<meta property=\"og:image:type\" content=\"image\/jpeg\" \/>\n<meta name=\"author\" content=\"Denis Alvarado\" \/>\n<meta name=\"twitter:card\" content=\"summary_large_image\" \/>\n<meta name=\"twitter:label1\" content=\"Escrito por\" \/>\n\t<meta name=\"twitter:data1\" content=\"Denis Alvarado\" \/>\n\t<meta name=\"twitter:label2\" content=\"Tiempo de lectura\" \/>\n\t<meta name=\"twitter:data2\" content=\"1 minuto\" \/>\n<script type=\"application\/ld+json\" class=\"yoast-schema-graph\">{\"@context\":\"https:\\\/\\\/schema.org\",\"@graph\":[{\"@type\":\"Article\",\"@id\":\"https:\\\/\\\/www.visitcentroamerica.com\\\/sala-prensa\\\/internacional\\\/la-fauna-en-centroamerica-y-republica-dominicana-en-vivirenelmundo-com-y-travelnature-nl\\\/#article\",\"isPartOf\":{\"@id\":\"https:\\\/\\\/www.visitcentroamerica.com\\\/sala-prensa\\\/internacional\\\/la-fauna-en-centroamerica-y-republica-dominicana-en-vivirenelmundo-com-y-travelnature-nl\\\/\"},\"author\":{\"name\":\"Denis Alvarado\",\"@id\":\"https:\\\/\\\/www.visitcentroamerica.com\\\/sala-prensa\\\/#\\\/schema\\\/person\\\/0aa3bd0dbaabaead6089ee3dd0cd7ae5\"},\"headline\":\"La fauna en Centroam\u00e9rica y Rep\u00fablica Dominicana, en vivirenelmundo.com y travelnature.nl\",\"datePublished\":\"2020-07-30T08:14:57+00:00\",\"dateModified\":\"2020-07-30T08:15:41+00:00\",\"mainEntityOfPage\":{\"@id\":\"https:\\\/\\\/www.visitcentroamerica.com\\\/sala-prensa\\\/internacional\\\/la-fauna-en-centroamerica-y-republica-dominicana-en-vivirenelmundo-com-y-travelnature-nl\\\/\"},\"wordCount\":179,\"commentCount\":0,\"image\":{\"@id\":\"https:\\\/\\\/www.visitcentroamerica.com\\\/sala-prensa\\\/internacional\\\/la-fauna-en-centroamerica-y-republica-dominicana-en-vivirenelmundo-com-y-travelnature-nl\\\/#primaryimage\"},\"thumbnailUrl\":\"https:\\\/\\\/www.visitcentroamerica.com\\\/sala-prensa\\\/wp-content\\\/uploads\\\/2020\\\/07\\\/belize_barrier6-e1596096977812.jpg\",\"articleSection\":[\"Europa\",\"Internacional\"],\"inLanguage\":\"es\",\"potentialAction\":[{\"@type\":\"CommentAction\",\"name\":\"Comment\",\"target\":[\"https:\\\/\\\/www.visitcentroamerica.com\\\/sala-prensa\\\/internacional\\\/la-fauna-en-centroamerica-y-republica-dominicana-en-vivirenelmundo-com-y-travelnature-nl\\\/#respond\"]}]},{\"@type\":\"WebPage\",\"@id\":\"https:\\\/\\\/www.visitcentroamerica.com\\\/sala-prensa\\\/internacional\\\/la-fauna-en-centroamerica-y-republica-dominicana-en-vivirenelmundo-com-y-travelnature-nl\\\/\",\"url\":\"https:\\\/\\\/www.visitcentroamerica.com\\\/sala-prensa\\\/internacional\\\/la-fauna-en-centroamerica-y-republica-dominicana-en-vivirenelmundo-com-y-travelnature-nl\\\/\",\"name\":\"Centroam\u00e9rica y Rep\u00fablica dominicana en blogs europeos\",\"isPartOf\":{\"@id\":\"https:\\\/\\\/www.visitcentroamerica.com\\\/sala-prensa\\\/#website\"},\"primaryImageOfPage\":{\"@id\":\"https:\\\/\\\/www.visitcentroamerica.com\\\/sala-prensa\\\/internacional\\\/la-fauna-en-centroamerica-y-republica-dominicana-en-vivirenelmundo-com-y-travelnature-nl\\\/#primaryimage\"},\"image\":{\"@id\":\"https:\\\/\\\/www.visitcentroamerica.com\\\/sala-prensa\\\/internacional\\\/la-fauna-en-centroamerica-y-republica-dominicana-en-vivirenelmundo-com-y-travelnature-nl\\\/#primaryimage\"},\"thumbnailUrl\":\"https:\\\/\\\/www.visitcentroamerica.com\\\/sala-prensa\\\/wp-content\\\/uploads\\\/2020\\\/07\\\/belize_barrier6-e1596096977812.jpg\",\"datePublished\":\"2020-07-30T08:14:57+00:00\",\"dateModified\":\"2020-07-30T08:15:41+00:00\",\"author\":{\"@id\":\"https:\\\/\\\/www.visitcentroamerica.com\\\/sala-prensa\\\/#\\\/schema\\\/person\\\/0aa3bd0dbaabaead6089ee3dd0cd7ae5\"},\"description\":\"Blogs Europeos de Turismo se hacen eco, en esta noticia, de la biodiversidad de Centroam\u00e9rica y Rep\u00fablica Dominicana a trav\u00e9s de su fauna.\",\"breadcrumb\":{\"@id\":\"https:\\\/\\\/www.visitcentroamerica.com\\\/sala-prensa\\\/internacional\\\/la-fauna-en-centroamerica-y-republica-dominicana-en-vivirenelmundo-com-y-travelnature-nl\\\/#breadcrumb\"},\"inLanguage\":\"es\",\"potentialAction\":[{\"@type\":\"ReadAction\",\"target\":[\"https:\\\/\\\/www.visitcentroamerica.com\\\/sala-prensa\\\/internacional\\\/la-fauna-en-centroamerica-y-republica-dominicana-en-vivirenelmundo-com-y-travelnature-nl\\\/\"]}]},{\"@type\":\"ImageObject\",\"inLanguage\":\"es\",\"@id\":\"https:\\\/\\\/www.visitcentroamerica.com\\\/sala-prensa\\\/internacional\\\/la-fauna-en-centroamerica-y-republica-dominicana-en-vivirenelmundo-com-y-travelnature-nl\\\/#primaryimage\",\"url\":\"https:\\\/\\\/www.visitcentroamerica.com\\\/sala-prensa\\\/wp-content\\\/uploads\\\/2020\\\/07\\\/belize_barrier6-e1596096977812.jpg\",\"contentUrl\":\"https:\\\/\\\/www.visitcentroamerica.com\\\/sala-prensa\\\/wp-content\\\/uploads\\\/2020\\\/07\\\/belize_barrier6-e1596096977812.jpg\",\"width\":1756,\"height\":1000,\"caption\":\"Fauna en Centroam\u00e9rica\"},{\"@type\":\"BreadcrumbList\",\"@id\":\"https:\\\/\\\/www.visitcentroamerica.com\\\/sala-prensa\\\/internacional\\\/la-fauna-en-centroamerica-y-republica-dominicana-en-vivirenelmundo-com-y-travelnature-nl\\\/#breadcrumb\",\"itemListElement\":[{\"@type\":\"ListItem\",\"position\":1,\"name\":\"Portada\",\"item\":\"https:\\\/\\\/www.visitcentroamerica.com\\\/sala-prensa\\\/\"},{\"@type\":\"ListItem\",\"position\":2,\"name\":\"La fauna en Centroam\u00e9rica y Rep\u00fablica Dominicana, en vivirenelmundo.com y travelnature.nl\"}]},{\"@type\":\"WebSite\",\"@id\":\"https:\\\/\\\/www.visitcentroamerica.com\\\/sala-prensa\\\/#website\",\"url\":\"https:\\\/\\\/www.visitcentroamerica.com\\\/sala-prensa\\\/\",\"name\":\"Sala de prensa\",\"description\":\"\",\"potentialAction\":[{\"@type\":\"SearchAction\",\"target\":{\"@type\":\"EntryPoint\",\"urlTemplate\":\"https:\\\/\\\/www.visitcentroamerica.com\\\/sala-prensa\\\/?s={search_term_string}\"},\"query-input\":{\"@type\":\"PropertyValueSpecification\",\"valueRequired\":true,\"valueName\":\"search_term_string\"}}],\"inLanguage\":\"es\"},{\"@type\":\"Person\",\"@id\":\"https:\\\/\\\/www.visitcentroamerica.com\\\/sala-prensa\\\/#\\\/schema\\\/person\\\/0aa3bd0dbaabaead6089ee3dd0cd7ae5\",\"name\":\"Denis Alvarado\",\"image\":{\"@type\":\"ImageObject\",\"inLanguage\":\"es\",\"@id\":\"https:\\\/\\\/secure.gravatar.com\\\/avatar\\\/c31f0697f6edb7c68d5dedc2ccbd548d2a9f73aa293e81c6a1425229ec4c9135?s=96&d=mm&r=g\",\"url\":\"https:\\\/\\\/secure.gravatar.com\\\/avatar\\\/c31f0697f6edb7c68d5dedc2ccbd548d2a9f73aa293e81c6a1425229ec4c9135?s=96&d=mm&r=g\",\"contentUrl\":\"https:\\\/\\\/secure.gravatar.com\\\/avatar\\\/c31f0697f6edb7c68d5dedc2ccbd548d2a9f73aa293e81c6a1425229ec4c9135?s=96&d=mm&r=g\",\"caption\":\"Denis Alvarado\"},\"url\":\"https:\\\/\\\/www.visitcentroamerica.com\\\/sala-prensa\\\/author\\\/denis\\\/\"}]}<\/script>\n<!-- \/ Yoast SEO plugin. -->","yoast_head_json":{"title":"Centroam\u00e9rica y Rep\u00fablica dominicana en blogs europeos","description":"Blogs Europeos de Turismo se hacen eco, en esta noticia, de la biodiversidad de Centroam\u00e9rica y Rep\u00fablica Dominicana a trav\u00e9s de su fauna.","robots":{"index":"index","follow":"follow","max-snippet":"max-snippet:-1","max-image-preview":"max-image-preview:large","max-video-preview":"max-video-preview:-1"},"canonical":"https:\/\/www.visitcentroamerica.com\/sala-prensa\/internacional\/la-fauna-en-centroamerica-y-republica-dominicana-en-vivirenelmundo-com-y-travelnature-nl\/","og_locale":"es_ES","og_type":"article","og_title":"Centroam\u00e9rica y Rep\u00fablica dominicana en blogs europeos","og_description":"Blogs Europeos de Turismo se hacen eco, en esta noticia, de la biodiversidad de Centroam\u00e9rica y Rep\u00fablica Dominicana a trav\u00e9s de su fauna.","og_url":"https:\/\/www.visitcentroamerica.com\/sala-prensa\/internacional\/la-fauna-en-centroamerica-y-republica-dominicana-en-vivirenelmundo-com-y-travelnature-nl\/","og_site_name":"Sala de prensa","article_published_time":"2020-07-30T08:14:57+00:00","article_modified_time":"2020-07-30T08:15:41+00:00","og_image":[{"width":1756,"height":1000,"url":"https:\/\/www.visitcentroamerica.com\/sala-prensa\/wp-content\/uploads\/2020\/07\/belize_barrier6-e1596096977812.jpg","type":"image\/jpeg"}],"author":"Denis Alvarado","twitter_card":"summary_large_image","twitter_misc":{"Escrito por":"Denis Alvarado","Tiempo de lectura":"1 minuto"},"schema":{"@context":"https:\/\/schema.org","@graph":[{"@type":"Article","@id":"https:\/\/www.visitcentroamerica.com\/sala-prensa\/internacional\/la-fauna-en-centroamerica-y-republica-dominicana-en-vivirenelmundo-com-y-travelnature-nl\/#article","isPartOf":{"@id":"https:\/\/www.visitcentroamerica.com\/sala-prensa\/internacional\/la-fauna-en-centroamerica-y-republica-dominicana-en-vivirenelmundo-com-y-travelnature-nl\/"},"author":{"name":"Denis Alvarado","@id":"https:\/\/www.visitcentroamerica.com\/sala-prensa\/#\/schema\/person\/0aa3bd0dbaabaead6089ee3dd0cd7ae5"},"headline":"La fauna en Centroam\u00e9rica y Rep\u00fablica Dominicana, en vivirenelmundo.com y travelnature.nl","datePublished":"2020-07-30T08:14:57+00:00","dateModified":"2020-07-30T08:15:41+00:00","mainEntityOfPage":{"@id":"https:\/\/www.visitcentroamerica.com\/sala-prensa\/internacional\/la-fauna-en-centroamerica-y-republica-dominicana-en-vivirenelmundo-com-y-travelnature-nl\/"},"wordCount":179,"commentCount":0,"image":{"@id":"https:\/\/www.visitcentroamerica.com\/sala-prensa\/internacional\/la-fauna-en-centroamerica-y-republica-dominicana-en-vivirenelmundo-com-y-travelnature-nl\/#primaryimage"},"thumbnailUrl":"https:\/\/www.visitcentroamerica.com\/sala-prensa\/wp-content\/uploads\/2020\/07\/belize_barrier6-e1596096977812.jpg","articleSection":["Europa","Internacional"],"inLanguage":"es","potentialAction":[{"@type":"CommentAction","name":"Comment","target":["https:\/\/www.visitcentroamerica.com\/sala-prensa\/internacional\/la-fauna-en-centroamerica-y-republica-dominicana-en-vivirenelmundo-com-y-travelnature-nl\/#respond"]}]},{"@type":"WebPage","@id":"https:\/\/www.visitcentroamerica.com\/sala-prensa\/internacional\/la-fauna-en-centroamerica-y-republica-dominicana-en-vivirenelmundo-com-y-travelnature-nl\/","url":"https:\/\/www.visitcentroamerica.com\/sala-prensa\/internacional\/la-fauna-en-centroamerica-y-republica-dominicana-en-vivirenelmundo-com-y-travelnature-nl\/","name":"Centroam\u00e9rica y Rep\u00fablica dominicana en blogs europeos","isPartOf":{"@id":"https:\/\/www.visitcentroamerica.com\/sala-prensa\/#website"},"primaryImageOfPage":{"@id":"https:\/\/www.visitcentroamerica.com\/sala-prensa\/internacional\/la-fauna-en-centroamerica-y-republica-dominicana-en-vivirenelmundo-com-y-travelnature-nl\/#primaryimage"},"image":{"@id":"https:\/\/www.visitcentroamerica.com\/sala-prensa\/internacional\/la-fauna-en-centroamerica-y-republica-dominicana-en-vivirenelmundo-com-y-travelnature-nl\/#primaryimage"},"thumbnailUrl":"https:\/\/www.visitcentroamerica.com\/sala-prensa\/wp-content\/uploads\/2020\/07\/belize_barrier6-e1596096977812.jpg","datePublished":"2020-07-30T08:14:57+00:00","dateModified":"2020-07-30T08:15:41+00:00","author":{"@id":"https:\/\/www.visitcentroamerica.com\/sala-prensa\/#\/schema\/person\/0aa3bd0dbaabaead6089ee3dd0cd7ae5"},"description":"Blogs Europeos de Turismo se hacen eco, en esta noticia, de la biodiversidad de Centroam\u00e9rica y Rep\u00fablica Dominicana a trav\u00e9s de su fauna.","breadcrumb":{"@id":"https:\/\/www.visitcentroamerica.com\/sala-prensa\/internacional\/la-fauna-en-centroamerica-y-republica-dominicana-en-vivirenelmundo-com-y-travelnature-nl\/#breadcrumb"},"inLanguage":"es","potentialAction":[{"@type":"ReadAction","target":["https:\/\/www.visitcentroamerica.com\/sala-prensa\/internacional\/la-fauna-en-centroamerica-y-republica-dominicana-en-vivirenelmundo-com-y-travelnature-nl\/"]}]},{"@type":"ImageObject","inLanguage":"es","@id":"https:\/\/www.visitcentroamerica.com\/sala-prensa\/internacional\/la-fauna-en-centroamerica-y-republica-dominicana-en-vivirenelmundo-com-y-travelnature-nl\/#primaryimage","url":"https:\/\/www.visitcentroamerica.com\/sala-prensa\/wp-content\/uploads\/2020\/07\/belize_barrier6-e1596096977812.jpg","contentUrl":"https:\/\/www.visitcentroamerica.com\/sala-prensa\/wp-content\/uploads\/2020\/07\/belize_barrier6-e1596096977812.jpg","width":1756,"height":1000,"caption":"Fauna en Centroam\u00e9rica"},{"@type":"BreadcrumbList","@id":"https:\/\/www.visitcentroamerica.com\/sala-prensa\/internacional\/la-fauna-en-centroamerica-y-republica-dominicana-en-vivirenelmundo-com-y-travelnature-nl\/#breadcrumb","itemListElement":[{"@type":"ListItem","position":1,"name":"Portada","item":"https:\/\/www.visitcentroamerica.com\/sala-prensa\/"},{"@type":"ListItem","position":2,"name":"La fauna en Centroam\u00e9rica y Rep\u00fablica Dominicana, en vivirenelmundo.com y travelnature.nl"}]},{"@type":"WebSite","@id":"https:\/\/www.visitcentroamerica.com\/sala-prensa\/#website","url":"https:\/\/www.visitcentroamerica.com\/sala-prensa\/","name":"Sala de prensa","description":"","potentialAction":[{"@type":"SearchAction","target":{"@type":"EntryPoint","urlTemplate":"https:\/\/www.visitcentroamerica.com\/sala-prensa\/?s={search_term_string}"},"query-input":{"@type":"PropertyValueSpecification","valueRequired":true,"valueName":"search_term_string"}}],"inLanguage":"es"},{"@type":"Person","@id":"https:\/\/www.visitcentroamerica.com\/sala-prensa\/#\/schema\/person\/0aa3bd0dbaabaead6089ee3dd0cd7ae5","name":"Denis Alvarado","image":{"@type":"ImageObject","inLanguage":"es","@id":"https:\/\/secure.gravatar.com\/avatar\/c31f0697f6edb7c68d5dedc2ccbd548d2a9f73aa293e81c6a1425229ec4c9135?s=96&d=mm&r=g","url":"https:\/\/secure.gravatar.com\/avatar\/c31f0697f6edb7c68d5dedc2ccbd548d2a9f73aa293e81c6a1425229ec4c9135?s=96&d=mm&r=g","contentUrl":"https:\/\/secure.gravatar.com\/avatar\/c31f0697f6edb7c68d5dedc2ccbd548d2a9f73aa293e81c6a1425229ec4c9135?s=96&d=mm&r=g","caption":"Denis Alvarado"},"url":"https:\/\/www.visitcentroamerica.com\/sala-prensa\/author\/denis\/"}]}},"_links":{"self":[{"href":"https:\/\/www.visitcentroamerica.com\/sala-prensa\/wp-json\/wp\/v2\/posts\/10746","targetHints":{"allow":["GET"]}}],"collection":[{"href":"https:\/\/www.visitcentroamerica.com\/sala-prensa\/wp-json\/wp\/v2\/posts"}],"about":[{"href":"https:\/\/www.visitcentroamerica.com\/sala-prensa\/wp-json\/wp\/v2\/types\/post"}],"author":[{"embeddable":true,"href":"https:\/\/www.visitcentroamerica.com\/sala-prensa\/wp-json\/wp\/v2\/users\/5"}],"replies":[{"embeddable":true,"href":"https:\/\/www.visitcentroamerica.com\/sala-prensa\/wp-json\/wp\/v2\/comments?post=10746"}],"version-history":[{"count":3,"href":"https:\/\/www.visitcentroamerica.com\/sala-prensa\/wp-json\/wp\/v2\/posts\/10746\/revisions"}],"predecessor-version":[{"id":11311,"href":"https:\/\/www.visitcentroamerica.com\/sala-prensa\/wp-json\/wp\/v2\/posts\/10746\/revisions\/11311"}],"wp:featuredmedia":[{"embeddable":true,"href":"https:\/\/www.visitcentroamerica.com\/sala-prensa\/wp-json\/wp\/v2\/media\/10747"}],"wp:attachment":[{"href":"https:\/\/www.visitcentroamerica.com\/sala-prensa\/wp-json\/wp\/v2\/media?parent=10746"}],"wp:term":[{"taxonomy":"category","embeddable":true,"href":"https:\/\/www.visitcentroamerica.com\/sala-prensa\/wp-json\/wp\/v2\/categories?post=10746"},{"taxonomy":"post_tag","embeddable":true,"href":"https:\/\/www.visitcentroamerica.com\/sala-prensa\/wp-json\/wp\/v2\/tags?post=10746"}],"curies":[{"name":"wp","href":"https:\/\/api.w.org\/{rel}","templated":true}]}}