{"id":10634,"date":"2020-07-25T10:35:45","date_gmt":"2020-07-25T10:35:45","guid":{"rendered":"https:\/\/www.visitcentroamerica.com\/sala-prensa\/?p=10634"},"modified":"2020-10-09T11:11:01","modified_gmt":"2020-10-09T11:11:01","slug":"centroamerica-elegida-belleza-escenario-cinematografico","status":"publish","type":"post","link":"https:\/\/www.visitcentroamerica.com\/sala-prensa\/viajar\/centroamerica-elegida-belleza-escenario-cinematografico\/","title":{"rendered":"Centroam\u00e9rica es elegida por su belleza para ser escenario cinematogr\u00e1fico"},"content":{"rendered":"<p>\u00bfC\u00f3mo incrementar tus ganas de emprender\u00a0un\u00a0<strong>viaje multidestino <\/strong>por Centroam\u00e9rica? Viajando a Panam\u00e1, Costa Rica, Rep\u00fablica Dominicana, Guatemala y Honduras gracias a la ficci\u00f3n. El rodaje de series y\u00a0<strong>pel\u00edcula sen Centroam\u00e9rica<\/strong> hace posible que descubras sugerentes paisajes sin moverte del sof\u00e1. Te recomiendo hacerlo con estos t\u00edtulos.<\/p>\n<p><img decoding=\"async\" class=\"alignnone size-full wp-image-10637\" src=\"https:\/\/www.visitcentroamerica.com\/sala-prensa\/wp-content\/uploads\/2020\/07\/galeras-centroamerica.jpg\" alt=\"Galeras - Centroam\u00e9rica\" width=\"100%\" height=\"400\" srcset=\"https:\/\/www.visitcentroamerica.com\/sala-prensa\/wp-content\/uploads\/2020\/07\/galeras-centroamerica.jpg 696w, https:\/\/www.visitcentroamerica.com\/sala-prensa\/wp-content\/uploads\/2020\/07\/galeras-centroamerica-300x172.jpg 300w, https:\/\/www.visitcentroamerica.com\/sala-prensa\/wp-content\/uploads\/2020\/07\/galeras-centroamerica-600x345.jpg 600w, https:\/\/www.visitcentroamerica.com\/sala-prensa\/wp-content\/uploads\/2020\/07\/galeras-centroamerica-200x115.jpg 200w, https:\/\/www.visitcentroamerica.com\/sala-prensa\/wp-content\/uploads\/2020\/07\/galeras-centroamerica-500x287.jpg 500w\" sizes=\"(max-width: 696px) 100vw, 696px\" \/><\/p>\n<h3 style=\"margin-top: 30px;\">Ruta por Centroam\u00e9rica mediante\u00a0la pantalla<\/h3>\n<p>Comenzamos esta <strong>ruta por Centroam\u00e9rica<\/strong> con<em> Escuadr\u00f3n suicida<\/em> (2016), donde ver\u00e1s a Cara Delevingne en la<strong> Cordillera Volc\u00e1nica Central costarricense<\/strong>. \u00bfQuieres asistir a\u00a0m\u00e1s escenas heroicas? Algunas secuencias\u00a0de\u00a0<em>Star Wars: El despertar de la fuerza<\/em> (2015) se desarrollan en Guatemala con el\u00a0actor de origen guatemalteco Oscar Isaac. \u00bfSab\u00edas que <strong>Tikal <\/strong>es\u00a0uno de los escenarios m\u00e1s incre\u00edbles de la saga?<\/p>\n<p>Poco despu\u00e9s, en 2017, se estren\u00f3 <em>Un lugar en el Caribe<\/em>,\u00a0de Juan Carlos Fanconi, que narra la vida de Gael Castillo, escritor que decide terminar su novela en la<strong> isla de Roat\u00e1n<\/strong> (Honduras).<\/p>\n<h3 style=\"margin-top: 30px;\">Rodajes en Centroam\u00e9rica de series<\/h3>\n<p>Otros <strong>rodajes en Centroam\u00e9rica<\/strong> interesantes son los que corresponden a la series. No te pierdas <a href=\"https:\/\/www.netflix.com\/es\/title\/80192098\">La casa de papel<\/a> (2018).<strong> Isla Pel\u00edcano (Panam\u00e1) <\/strong>es<strong>\u00a0<\/strong>el refugio de Tokio y R\u00edo. Tampoco,<a href=\"https:\/\/www.netflix.com\/es\/title\/80993062\"><em>The I-Land<\/em><\/a>,\u00a0filmada en localizaciones dominicanas como\u00a0<strong>Las Terrenas o Saman\u00e1<\/strong>.<\/p>\n<p>Del\u00e9itate con los paisajes de estas series y <strong>pel\u00edculas en Centroam\u00e9rica<\/strong>. \u00a1Y <strong><a href=\"https:\/\/www.visitcentroamerica.com\/packages\/centroamerica-la-carretera-panamericana\/\">visita nuestra\u00a0web<\/a><\/strong> para ampliar esa lista de hermosos parajes y no olvidarte nada durante tu<strong><em>\u00a0tour<\/em> multidestino<\/strong>!<\/p>\n","protected":false},"excerpt":{"rendered":"<p>\u00bfC\u00f3mo incrementar tus ganas de emprender\u00a0un\u00a0viaje multidestino por Centroam\u00e9rica? Viajando a Panam\u00e1, Costa Rica, Rep\u00fablica Dominicana, Guatemala y Honduras gracias a la ficci\u00f3n. El rodaje de series y\u00a0pel\u00edcula sen Centroam\u00e9rica hace posible que descubras sugerentes paisajes sin moverte del sof\u00e1. Te recomiendo hacerlo con estos t\u00edtulos. Ruta por Centroam\u00e9rica mediante\u00a0la pantalla Comenzamos esta ruta por [&hellip;]<\/p>\n","protected":false},"author":5,"featured_media":10635,"comment_status":"open","ping_status":"closed","sticky":false,"template":"","format":"standard","meta":{"footnotes":""},"categories":[25],"tags":[],"class_list":{"0":"post-10634","1":"post","2":"type-post","3":"status-publish","4":"format-standard","5":"has-post-thumbnail","7":"category-viajar"},"yoast_head":"<!-- This site is optimized with the Yoast SEO plugin v27.3 - https:\/\/yoast.com\/product\/yoast-seo-wordpress\/ -->\n<title>Conoce estos pa\u00edses por los rodajes de pel\u00edcula sen Centroam\u00e9rica<\/title>\n<meta name=\"description\" content=\"Los rodajes de series y pel\u00edculas en Centroam\u00e9rica como &#039;La Casa de Papel&#039; o &#039;Escuadr\u00f3n suicida&#039; muestran los encantos de pa\u00edses como Honduras o Guatemala\" \/>\n<meta name=\"robots\" content=\"index, follow, max-snippet:-1, max-image-preview:large, max-video-preview:-1\" \/>\n<link rel=\"canonical\" href=\"https:\/\/www.visitcentroamerica.com\/sala-prensa\/viajar\/centroamerica-elegida-belleza-escenario-cinematografico\/\" \/>\n<meta property=\"og:locale\" content=\"es_ES\" \/>\n<meta property=\"og:type\" content=\"article\" \/>\n<meta property=\"og:title\" content=\"Conoce estos pa\u00edses por los rodajes de pel\u00edcula sen Centroam\u00e9rica\" \/>\n<meta property=\"og:description\" content=\"Los rodajes de series y pel\u00edculas en Centroam\u00e9rica como &#039;La Casa de Papel&#039; o &#039;Escuadr\u00f3n suicida&#039; muestran los encantos de pa\u00edses como Honduras o Guatemala\" \/>\n<meta property=\"og:url\" content=\"https:\/\/www.visitcentroamerica.com\/sala-prensa\/viajar\/centroamerica-elegida-belleza-escenario-cinematografico\/\" \/>\n<meta property=\"og:site_name\" content=\"Sala de prensa\" \/>\n<meta property=\"article:published_time\" content=\"2020-07-25T10:35:45+00:00\" \/>\n<meta property=\"article:modified_time\" content=\"2020-10-09T11:11:01+00:00\" \/>\n<meta property=\"og:image\" content=\"https:\/\/www.visitcentroamerica.com\/sala-prensa\/wp-content\/uploads\/2020\/07\/galeras-destacada-centroamericajpg.jpg\" \/>\n\t<meta property=\"og:image:width\" content=\"600\" \/>\n\t<meta property=\"og:image:height\" content=\"600\" \/>\n\t<meta property=\"og:image:type\" content=\"image\/jpeg\" \/>\n<meta name=\"author\" content=\"Denis Alvarado\" \/>\n<meta name=\"twitter:card\" content=\"summary_large_image\" \/>\n<meta name=\"twitter:label1\" content=\"Escrito por\" \/>\n\t<meta name=\"twitter:data1\" content=\"Denis Alvarado\" \/>\n\t<meta name=\"twitter:label2\" content=\"Tiempo de lectura\" \/>\n\t<meta name=\"twitter:data2\" content=\"1 minuto\" \/>\n<script type=\"application\/ld+json\" class=\"yoast-schema-graph\">{\"@context\":\"https:\\\/\\\/schema.org\",\"@graph\":[{\"@type\":\"Article\",\"@id\":\"https:\\\/\\\/www.visitcentroamerica.com\\\/sala-prensa\\\/viajar\\\/centroamerica-elegida-belleza-escenario-cinematografico\\\/#article\",\"isPartOf\":{\"@id\":\"https:\\\/\\\/www.visitcentroamerica.com\\\/sala-prensa\\\/viajar\\\/centroamerica-elegida-belleza-escenario-cinematografico\\\/\"},\"author\":{\"name\":\"Denis Alvarado\",\"@id\":\"https:\\\/\\\/www.visitcentroamerica.com\\\/sala-prensa\\\/#\\\/schema\\\/person\\\/0aa3bd0dbaabaead6089ee3dd0cd7ae5\"},\"headline\":\"Centroam\u00e9rica es elegida por su belleza para ser escenario cinematogr\u00e1fico\",\"datePublished\":\"2020-07-25T10:35:45+00:00\",\"dateModified\":\"2020-10-09T11:11:01+00:00\",\"mainEntityOfPage\":{\"@id\":\"https:\\\/\\\/www.visitcentroamerica.com\\\/sala-prensa\\\/viajar\\\/centroamerica-elegida-belleza-escenario-cinematografico\\\/\"},\"wordCount\":261,\"commentCount\":0,\"image\":{\"@id\":\"https:\\\/\\\/www.visitcentroamerica.com\\\/sala-prensa\\\/viajar\\\/centroamerica-elegida-belleza-escenario-cinematografico\\\/#primaryimage\"},\"thumbnailUrl\":\"https:\\\/\\\/www.visitcentroamerica.com\\\/sala-prensa\\\/wp-content\\\/uploads\\\/2020\\\/07\\\/galeras-destacada-centroamericajpg.jpg\",\"articleSection\":[\"Viajar\"],\"inLanguage\":\"es\",\"potentialAction\":[{\"@type\":\"CommentAction\",\"name\":\"Comment\",\"target\":[\"https:\\\/\\\/www.visitcentroamerica.com\\\/sala-prensa\\\/viajar\\\/centroamerica-elegida-belleza-escenario-cinematografico\\\/#respond\"]}]},{\"@type\":\"WebPage\",\"@id\":\"https:\\\/\\\/www.visitcentroamerica.com\\\/sala-prensa\\\/viajar\\\/centroamerica-elegida-belleza-escenario-cinematografico\\\/\",\"url\":\"https:\\\/\\\/www.visitcentroamerica.com\\\/sala-prensa\\\/viajar\\\/centroamerica-elegida-belleza-escenario-cinematografico\\\/\",\"name\":\"Conoce estos pa\u00edses por los rodajes de pel\u00edcula sen Centroam\u00e9rica\",\"isPartOf\":{\"@id\":\"https:\\\/\\\/www.visitcentroamerica.com\\\/sala-prensa\\\/#website\"},\"primaryImageOfPage\":{\"@id\":\"https:\\\/\\\/www.visitcentroamerica.com\\\/sala-prensa\\\/viajar\\\/centroamerica-elegida-belleza-escenario-cinematografico\\\/#primaryimage\"},\"image\":{\"@id\":\"https:\\\/\\\/www.visitcentroamerica.com\\\/sala-prensa\\\/viajar\\\/centroamerica-elegida-belleza-escenario-cinematografico\\\/#primaryimage\"},\"thumbnailUrl\":\"https:\\\/\\\/www.visitcentroamerica.com\\\/sala-prensa\\\/wp-content\\\/uploads\\\/2020\\\/07\\\/galeras-destacada-centroamericajpg.jpg\",\"datePublished\":\"2020-07-25T10:35:45+00:00\",\"dateModified\":\"2020-10-09T11:11:01+00:00\",\"author\":{\"@id\":\"https:\\\/\\\/www.visitcentroamerica.com\\\/sala-prensa\\\/#\\\/schema\\\/person\\\/0aa3bd0dbaabaead6089ee3dd0cd7ae5\"},\"description\":\"Los rodajes de series y pel\u00edculas en Centroam\u00e9rica como 'La Casa de Papel' o 'Escuadr\u00f3n suicida' muestran los encantos de pa\u00edses como Honduras o Guatemala\",\"breadcrumb\":{\"@id\":\"https:\\\/\\\/www.visitcentroamerica.com\\\/sala-prensa\\\/viajar\\\/centroamerica-elegida-belleza-escenario-cinematografico\\\/#breadcrumb\"},\"inLanguage\":\"es\",\"potentialAction\":[{\"@type\":\"ReadAction\",\"target\":[\"https:\\\/\\\/www.visitcentroamerica.com\\\/sala-prensa\\\/viajar\\\/centroamerica-elegida-belleza-escenario-cinematografico\\\/\"]}]},{\"@type\":\"ImageObject\",\"inLanguage\":\"es\",\"@id\":\"https:\\\/\\\/www.visitcentroamerica.com\\\/sala-prensa\\\/viajar\\\/centroamerica-elegida-belleza-escenario-cinematografico\\\/#primaryimage\",\"url\":\"https:\\\/\\\/www.visitcentroamerica.com\\\/sala-prensa\\\/wp-content\\\/uploads\\\/2020\\\/07\\\/galeras-destacada-centroamericajpg.jpg\",\"contentUrl\":\"https:\\\/\\\/www.visitcentroamerica.com\\\/sala-prensa\\\/wp-content\\\/uploads\\\/2020\\\/07\\\/galeras-destacada-centroamericajpg.jpg\",\"width\":600,\"height\":600,\"caption\":\"Galeras - Centroam\u00e9rica\"},{\"@type\":\"BreadcrumbList\",\"@id\":\"https:\\\/\\\/www.visitcentroamerica.com\\\/sala-prensa\\\/viajar\\\/centroamerica-elegida-belleza-escenario-cinematografico\\\/#breadcrumb\",\"itemListElement\":[{\"@type\":\"ListItem\",\"position\":1,\"name\":\"Portada\",\"item\":\"https:\\\/\\\/www.visitcentroamerica.com\\\/sala-prensa\\\/\"},{\"@type\":\"ListItem\",\"position\":2,\"name\":\"Centroam\u00e9rica es elegida por su belleza para ser escenario cinematogr\u00e1fico\"}]},{\"@type\":\"WebSite\",\"@id\":\"https:\\\/\\\/www.visitcentroamerica.com\\\/sala-prensa\\\/#website\",\"url\":\"https:\\\/\\\/www.visitcentroamerica.com\\\/sala-prensa\\\/\",\"name\":\"Sala de prensa\",\"description\":\"\",\"potentialAction\":[{\"@type\":\"SearchAction\",\"target\":{\"@type\":\"EntryPoint\",\"urlTemplate\":\"https:\\\/\\\/www.visitcentroamerica.com\\\/sala-prensa\\\/?s={search_term_string}\"},\"query-input\":{\"@type\":\"PropertyValueSpecification\",\"valueRequired\":true,\"valueName\":\"search_term_string\"}}],\"inLanguage\":\"es\"},{\"@type\":\"Person\",\"@id\":\"https:\\\/\\\/www.visitcentroamerica.com\\\/sala-prensa\\\/#\\\/schema\\\/person\\\/0aa3bd0dbaabaead6089ee3dd0cd7ae5\",\"name\":\"Denis Alvarado\",\"image\":{\"@type\":\"ImageObject\",\"inLanguage\":\"es\",\"@id\":\"https:\\\/\\\/secure.gravatar.com\\\/avatar\\\/c31f0697f6edb7c68d5dedc2ccbd548d2a9f73aa293e81c6a1425229ec4c9135?s=96&d=mm&r=g\",\"url\":\"https:\\\/\\\/secure.gravatar.com\\\/avatar\\\/c31f0697f6edb7c68d5dedc2ccbd548d2a9f73aa293e81c6a1425229ec4c9135?s=96&d=mm&r=g\",\"contentUrl\":\"https:\\\/\\\/secure.gravatar.com\\\/avatar\\\/c31f0697f6edb7c68d5dedc2ccbd548d2a9f73aa293e81c6a1425229ec4c9135?s=96&d=mm&r=g\",\"caption\":\"Denis Alvarado\"},\"url\":\"https:\\\/\\\/www.visitcentroamerica.com\\\/sala-prensa\\\/author\\\/denis\\\/\"}]}<\/script>\n<!-- \/ Yoast SEO plugin. -->","yoast_head_json":{"title":"Conoce estos pa\u00edses por los rodajes de pel\u00edcula sen Centroam\u00e9rica","description":"Los rodajes de series y pel\u00edculas en Centroam\u00e9rica como 'La Casa de Papel' o 'Escuadr\u00f3n suicida' muestran los encantos de pa\u00edses como Honduras o Guatemala","robots":{"index":"index","follow":"follow","max-snippet":"max-snippet:-1","max-image-preview":"max-image-preview:large","max-video-preview":"max-video-preview:-1"},"canonical":"https:\/\/www.visitcentroamerica.com\/sala-prensa\/viajar\/centroamerica-elegida-belleza-escenario-cinematografico\/","og_locale":"es_ES","og_type":"article","og_title":"Conoce estos pa\u00edses por los rodajes de pel\u00edcula sen Centroam\u00e9rica","og_description":"Los rodajes de series y pel\u00edculas en Centroam\u00e9rica como 'La Casa de Papel' o 'Escuadr\u00f3n suicida' muestran los encantos de pa\u00edses como Honduras o Guatemala","og_url":"https:\/\/www.visitcentroamerica.com\/sala-prensa\/viajar\/centroamerica-elegida-belleza-escenario-cinematografico\/","og_site_name":"Sala de prensa","article_published_time":"2020-07-25T10:35:45+00:00","article_modified_time":"2020-10-09T11:11:01+00:00","og_image":[{"width":600,"height":600,"url":"https:\/\/www.visitcentroamerica.com\/sala-prensa\/wp-content\/uploads\/2020\/07\/galeras-destacada-centroamericajpg.jpg","type":"image\/jpeg"}],"author":"Denis Alvarado","twitter_card":"summary_large_image","twitter_misc":{"Escrito por":"Denis Alvarado","Tiempo de lectura":"1 minuto"},"schema":{"@context":"https:\/\/schema.org","@graph":[{"@type":"Article","@id":"https:\/\/www.visitcentroamerica.com\/sala-prensa\/viajar\/centroamerica-elegida-belleza-escenario-cinematografico\/#article","isPartOf":{"@id":"https:\/\/www.visitcentroamerica.com\/sala-prensa\/viajar\/centroamerica-elegida-belleza-escenario-cinematografico\/"},"author":{"name":"Denis Alvarado","@id":"https:\/\/www.visitcentroamerica.com\/sala-prensa\/#\/schema\/person\/0aa3bd0dbaabaead6089ee3dd0cd7ae5"},"headline":"Centroam\u00e9rica es elegida por su belleza para ser escenario cinematogr\u00e1fico","datePublished":"2020-07-25T10:35:45+00:00","dateModified":"2020-10-09T11:11:01+00:00","mainEntityOfPage":{"@id":"https:\/\/www.visitcentroamerica.com\/sala-prensa\/viajar\/centroamerica-elegida-belleza-escenario-cinematografico\/"},"wordCount":261,"commentCount":0,"image":{"@id":"https:\/\/www.visitcentroamerica.com\/sala-prensa\/viajar\/centroamerica-elegida-belleza-escenario-cinematografico\/#primaryimage"},"thumbnailUrl":"https:\/\/www.visitcentroamerica.com\/sala-prensa\/wp-content\/uploads\/2020\/07\/galeras-destacada-centroamericajpg.jpg","articleSection":["Viajar"],"inLanguage":"es","potentialAction":[{"@type":"CommentAction","name":"Comment","target":["https:\/\/www.visitcentroamerica.com\/sala-prensa\/viajar\/centroamerica-elegida-belleza-escenario-cinematografico\/#respond"]}]},{"@type":"WebPage","@id":"https:\/\/www.visitcentroamerica.com\/sala-prensa\/viajar\/centroamerica-elegida-belleza-escenario-cinematografico\/","url":"https:\/\/www.visitcentroamerica.com\/sala-prensa\/viajar\/centroamerica-elegida-belleza-escenario-cinematografico\/","name":"Conoce estos pa\u00edses por los rodajes de pel\u00edcula sen Centroam\u00e9rica","isPartOf":{"@id":"https:\/\/www.visitcentroamerica.com\/sala-prensa\/#website"},"primaryImageOfPage":{"@id":"https:\/\/www.visitcentroamerica.com\/sala-prensa\/viajar\/centroamerica-elegida-belleza-escenario-cinematografico\/#primaryimage"},"image":{"@id":"https:\/\/www.visitcentroamerica.com\/sala-prensa\/viajar\/centroamerica-elegida-belleza-escenario-cinematografico\/#primaryimage"},"thumbnailUrl":"https:\/\/www.visitcentroamerica.com\/sala-prensa\/wp-content\/uploads\/2020\/07\/galeras-destacada-centroamericajpg.jpg","datePublished":"2020-07-25T10:35:45+00:00","dateModified":"2020-10-09T11:11:01+00:00","author":{"@id":"https:\/\/www.visitcentroamerica.com\/sala-prensa\/#\/schema\/person\/0aa3bd0dbaabaead6089ee3dd0cd7ae5"},"description":"Los rodajes de series y pel\u00edculas en Centroam\u00e9rica como 'La Casa de Papel' o 'Escuadr\u00f3n suicida' muestran los encantos de pa\u00edses como Honduras o Guatemala","breadcrumb":{"@id":"https:\/\/www.visitcentroamerica.com\/sala-prensa\/viajar\/centroamerica-elegida-belleza-escenario-cinematografico\/#breadcrumb"},"inLanguage":"es","potentialAction":[{"@type":"ReadAction","target":["https:\/\/www.visitcentroamerica.com\/sala-prensa\/viajar\/centroamerica-elegida-belleza-escenario-cinematografico\/"]}]},{"@type":"ImageObject","inLanguage":"es","@id":"https:\/\/www.visitcentroamerica.com\/sala-prensa\/viajar\/centroamerica-elegida-belleza-escenario-cinematografico\/#primaryimage","url":"https:\/\/www.visitcentroamerica.com\/sala-prensa\/wp-content\/uploads\/2020\/07\/galeras-destacada-centroamericajpg.jpg","contentUrl":"https:\/\/www.visitcentroamerica.com\/sala-prensa\/wp-content\/uploads\/2020\/07\/galeras-destacada-centroamericajpg.jpg","width":600,"height":600,"caption":"Galeras - Centroam\u00e9rica"},{"@type":"BreadcrumbList","@id":"https:\/\/www.visitcentroamerica.com\/sala-prensa\/viajar\/centroamerica-elegida-belleza-escenario-cinematografico\/#breadcrumb","itemListElement":[{"@type":"ListItem","position":1,"name":"Portada","item":"https:\/\/www.visitcentroamerica.com\/sala-prensa\/"},{"@type":"ListItem","position":2,"name":"Centroam\u00e9rica es elegida por su belleza para ser escenario cinematogr\u00e1fico"}]},{"@type":"WebSite","@id":"https:\/\/www.visitcentroamerica.com\/sala-prensa\/#website","url":"https:\/\/www.visitcentroamerica.com\/sala-prensa\/","name":"Sala de prensa","description":"","potentialAction":[{"@type":"SearchAction","target":{"@type":"EntryPoint","urlTemplate":"https:\/\/www.visitcentroamerica.com\/sala-prensa\/?s={search_term_string}"},"query-input":{"@type":"PropertyValueSpecification","valueRequired":true,"valueName":"search_term_string"}}],"inLanguage":"es"},{"@type":"Person","@id":"https:\/\/www.visitcentroamerica.com\/sala-prensa\/#\/schema\/person\/0aa3bd0dbaabaead6089ee3dd0cd7ae5","name":"Denis Alvarado","image":{"@type":"ImageObject","inLanguage":"es","@id":"https:\/\/secure.gravatar.com\/avatar\/c31f0697f6edb7c68d5dedc2ccbd548d2a9f73aa293e81c6a1425229ec4c9135?s=96&d=mm&r=g","url":"https:\/\/secure.gravatar.com\/avatar\/c31f0697f6edb7c68d5dedc2ccbd548d2a9f73aa293e81c6a1425229ec4c9135?s=96&d=mm&r=g","contentUrl":"https:\/\/secure.gravatar.com\/avatar\/c31f0697f6edb7c68d5dedc2ccbd548d2a9f73aa293e81c6a1425229ec4c9135?s=96&d=mm&r=g","caption":"Denis Alvarado"},"url":"https:\/\/www.visitcentroamerica.com\/sala-prensa\/author\/denis\/"}]}},"_links":{"self":[{"href":"https:\/\/www.visitcentroamerica.com\/sala-prensa\/wp-json\/wp\/v2\/posts\/10634","targetHints":{"allow":["GET"]}}],"collection":[{"href":"https:\/\/www.visitcentroamerica.com\/sala-prensa\/wp-json\/wp\/v2\/posts"}],"about":[{"href":"https:\/\/www.visitcentroamerica.com\/sala-prensa\/wp-json\/wp\/v2\/types\/post"}],"author":[{"embeddable":true,"href":"https:\/\/www.visitcentroamerica.com\/sala-prensa\/wp-json\/wp\/v2\/users\/5"}],"replies":[{"embeddable":true,"href":"https:\/\/www.visitcentroamerica.com\/sala-prensa\/wp-json\/wp\/v2\/comments?post=10634"}],"version-history":[{"count":1,"href":"https:\/\/www.visitcentroamerica.com\/sala-prensa\/wp-json\/wp\/v2\/posts\/10634\/revisions"}],"predecessor-version":[{"id":10639,"href":"https:\/\/www.visitcentroamerica.com\/sala-prensa\/wp-json\/wp\/v2\/posts\/10634\/revisions\/10639"}],"wp:featuredmedia":[{"embeddable":true,"href":"https:\/\/www.visitcentroamerica.com\/sala-prensa\/wp-json\/wp\/v2\/media\/10635"}],"wp:attachment":[{"href":"https:\/\/www.visitcentroamerica.com\/sala-prensa\/wp-json\/wp\/v2\/media?parent=10634"}],"wp:term":[{"taxonomy":"category","embeddable":true,"href":"https:\/\/www.visitcentroamerica.com\/sala-prensa\/wp-json\/wp\/v2\/categories?post=10634"},{"taxonomy":"post_tag","embeddable":true,"href":"https:\/\/www.visitcentroamerica.com\/sala-prensa\/wp-json\/wp\/v2\/tags?post=10634"}],"curies":[{"name":"wp","href":"https:\/\/api.w.org\/{rel}","templated":true}]}}