{"id":8910,"date":"2019-11-16T10:27:56","date_gmt":"2019-11-16T10:27:56","guid":{"rendered":"https:\/\/www.visitcentroamerica.com\/?p=8910"},"modified":"2020-08-17T11:47:53","modified_gmt":"2020-08-17T11:47:53","slug":"ou-se-trouvent-les-meilleures-vagues-moins-connues-damerique-centrale","status":"publish","type":"post","link":"https:\/\/www.visitcentroamerica.com\/sala-prensa\/en\/travel\/ou-se-trouvent-les-meilleures-vagues-moins-connues-damerique-centrale\/","title":{"rendered":"O\u00f9 se trouvent les meilleures vagues, moins connues, d&#8217;Am\u00e9rique centrale?"},"content":{"rendered":"<p><strong>Vous recherchez des vagues en Am\u00e9rique centrale ?<\/strong> La c\u00f4te Pacifique est sans aucun doute la meilleure destination pour les surfeurs. Ne cherchez plus et notez les dix meilleurs endroits pour faire glisser votre planche sur des eaux turquoise. <strong>Trouver des vagues tubulaires en Am\u00e9rique centrale,<\/strong> c\u2019est simple !<br \/>\n<img decoding=\"async\" src=\"https:\/\/www.visitcentroamerica.com\/wp-content\/uploads\/2019\/11\/tunco-olas-menos-conocidas-mejores-centroamerica.jpg\" \/><br \/>\n<strong>Classement des meilleures vagues<\/strong>Je commence ce d\u00e9calogue rapide par Le Salvador, paradis du surf par excellence.\u00a0En r\u00e9alit\u00e9, il s\u2019agit du si\u00e8ge des comp\u00e9titions Reef Pro en Am\u00e9rique centrale.\u00a0Commencez votre p\u00e9riple par des destinations de surf moins connues dans le Hawaii de l\u2019Am\u00e9rique centrale. Notez ces d\u00e9cors aux vagues spectaculaires !<br \/>\n1.\u00a0<strong>El Tunco (Salvador)<\/strong>. Les vagues les plus sauvages, les plus puissantes et les plus belles pour les surfeurs exp\u00e9riment\u00e9s.<br \/>\n2. <strong>El Sunzal (Salvador). <\/strong>Le lieu des vagues les plus constantes du pays. Id\u00e9al aussi pour le <em>longboard<\/em>.<br \/>\n3.\u00a0<strong>Punta Mango (Salvador). <\/strong>Des droites rapides et des tubes solides.<br \/>\n4. <strong>Popoyo (Nicaragua). <\/strong>Le vent Papagayo reste pr\u00e9sent et les vagues offrent diverses possibilit\u00e9s.<br \/>\n5. <strong>The Boom (Nicaragua). <\/strong>Il est possible de surfer chaque matin avec des vents l\u00e9gers.<br \/>\n6. <strong>Sipacate (Guatemala). <\/strong>Petit village avec des vagues constantes d\u00e9ferlant sur sa plage.<br \/>\n7. <strong>Hermosa (Costa Rica).<\/strong> Avec des zones offrant des murs et des tubes \u00e9normes pour les surfeurs exp\u00e9riment\u00e9s.<br \/>\n8. <strong>Naranjo (Costa Rica).<\/strong> Combinaison de longues et petites vagues.<br \/>\n9. <strong>Santa Catalina (Panama).<\/strong> Des vagues de grande taille aux fonds rocheux.<br \/>\n10. <strong>Venao (Panama).<\/strong> Vagues de droite et de gauche.<br \/>\nLaissez monter l\u2019adr\u00e9naline dans ces d\u00e9cors. Continuez \u00e0 <strong>chercher des vagues en Am\u00e9rique centrale <\/strong>pour \u00e9tancher votre soif de surf. Visitez <a href=\"http:\/\/visitcentroamerica.com\/en\">notre site web<\/a> pour trouver d&#8217;autres destinations de surf.<\/p>\n","protected":false},"excerpt":{"rendered":"<p>Vous recherchez des vagues en Am\u00e9rique centrale ? La c\u00f4te Pacifique est sans aucun doute la meilleure destination pour les surfeurs. Ne cherchez plus et notez les dix meilleurs endroits pour faire glisser votre planche sur des eaux turquoise. Trouver des vagues tubulaires en Am\u00e9rique centrale, c\u2019est simple ! Classement des meilleures vaguesJe commence ce [&hellip;]<\/p>\n","protected":false},"author":5,"featured_media":9517,"comment_status":"closed","ping_status":"closed","sticky":false,"template":"","format":"standard","meta":{"footnotes":""},"categories":[73],"tags":[],"class_list":{"0":"post-8910","1":"post","2":"type-post","3":"status-publish","4":"format-standard","5":"has-post-thumbnail","7":"category-travel"},"yoast_head":"<!-- This site is optimized with the Yoast SEO plugin v27.3 - https:\/\/yoast.com\/product\/yoast-seo-wordpress\/ -->\n<title>\u00c0 la recherche de vagues dans des lieux moins connus d\u2019Am\u00e9rique centrale<\/title>\n<meta name=\"description\" content=\"Vous recherchez des vagues spectaculaires dans des d\u00e9cors de r\u00eave en Am\u00e9rique centrale ? Ici vous avez un d\u00e9calogue des endroits id\u00e9aux, en particulier au Salvador\" \/>\n<meta name=\"robots\" content=\"index, follow, max-snippet:-1, max-image-preview:large, max-video-preview:-1\" \/>\n<link rel=\"canonical\" href=\"https:\/\/www.visitcentroamerica.com\/sala-prensa\/en\/travel\/ou-se-trouvent-les-meilleures-vagues-moins-connues-damerique-centrale\/\" \/>\n<meta property=\"og:locale\" content=\"en_US\" \/>\n<meta property=\"og:type\" content=\"article\" \/>\n<meta property=\"og:title\" content=\"\u00c0 la recherche de vagues dans des lieux moins connus d\u2019Am\u00e9rique centrale\" \/>\n<meta property=\"og:description\" content=\"Vous recherchez des vagues spectaculaires dans des d\u00e9cors de r\u00eave en Am\u00e9rique centrale ? Ici vous avez un d\u00e9calogue des endroits id\u00e9aux, en particulier au Salvador\" \/>\n<meta property=\"og:url\" content=\"https:\/\/www.visitcentroamerica.com\/sala-prensa\/en\/travel\/ou-se-trouvent-les-meilleures-vagues-moins-connues-damerique-centrale\/\" \/>\n<meta property=\"og:site_name\" content=\"Sala de prensa\" \/>\n<meta property=\"article:published_time\" content=\"2019-11-16T10:27:56+00:00\" \/>\n<meta property=\"article:modified_time\" content=\"2020-08-17T11:47:53+00:00\" \/>\n<meta property=\"og:image\" content=\"https:\/\/www.visitcentroamerica.com\/sala-prensa\/wp-content\/uploads\/2019\/11\/tunco-mejores-olas-menos-conocidas-centroamerica.jpg\" \/>\n\t<meta property=\"og:image:width\" content=\"376\" \/>\n\t<meta property=\"og:image:height\" content=\"282\" \/>\n\t<meta property=\"og:image:type\" content=\"image\/jpeg\" \/>\n<meta name=\"author\" content=\"Denis Alvarado\" \/>\n<meta name=\"twitter:card\" content=\"summary_large_image\" \/>\n<meta name=\"twitter:label1\" content=\"Written by\" \/>\n\t<meta name=\"twitter:data1\" content=\"Denis Alvarado\" \/>\n\t<meta name=\"twitter:label2\" content=\"Est. reading time\" \/>\n\t<meta name=\"twitter:data2\" content=\"1 minute\" \/>\n<script type=\"application\/ld+json\" class=\"yoast-schema-graph\">{\"@context\":\"https:\\\/\\\/schema.org\",\"@graph\":[{\"@type\":\"Article\",\"@id\":\"https:\\\/\\\/www.visitcentroamerica.com\\\/sala-prensa\\\/en\\\/travel\\\/ou-se-trouvent-les-meilleures-vagues-moins-connues-damerique-centrale\\\/#article\",\"isPartOf\":{\"@id\":\"https:\\\/\\\/www.visitcentroamerica.com\\\/sala-prensa\\\/en\\\/travel\\\/ou-se-trouvent-les-meilleures-vagues-moins-connues-damerique-centrale\\\/\"},\"author\":{\"name\":\"Denis Alvarado\",\"@id\":\"https:\\\/\\\/www.visitcentroamerica.com\\\/sala-prensa\\\/en\\\/#\\\/schema\\\/person\\\/0aa3bd0dbaabaead6089ee3dd0cd7ae5\"},\"headline\":\"O\u00f9 se trouvent les meilleures vagues, moins connues, d&#8217;Am\u00e9rique centrale?\",\"datePublished\":\"2019-11-16T10:27:56+00:00\",\"dateModified\":\"2020-08-17T11:47:53+00:00\",\"mainEntityOfPage\":{\"@id\":\"https:\\\/\\\/www.visitcentroamerica.com\\\/sala-prensa\\\/en\\\/travel\\\/ou-se-trouvent-les-meilleures-vagues-moins-connues-damerique-centrale\\\/\"},\"wordCount\":297,\"image\":{\"@id\":\"https:\\\/\\\/www.visitcentroamerica.com\\\/sala-prensa\\\/en\\\/travel\\\/ou-se-trouvent-les-meilleures-vagues-moins-connues-damerique-centrale\\\/#primaryimage\"},\"thumbnailUrl\":\"https:\\\/\\\/www.visitcentroamerica.com\\\/sala-prensa\\\/wp-content\\\/uploads\\\/2019\\\/11\\\/tunco-mejores-olas-menos-conocidas-centroamerica.jpg\",\"articleSection\":[\"Travel\"],\"inLanguage\":\"en-US\"},{\"@type\":\"WebPage\",\"@id\":\"https:\\\/\\\/www.visitcentroamerica.com\\\/sala-prensa\\\/en\\\/travel\\\/ou-se-trouvent-les-meilleures-vagues-moins-connues-damerique-centrale\\\/\",\"url\":\"https:\\\/\\\/www.visitcentroamerica.com\\\/sala-prensa\\\/en\\\/travel\\\/ou-se-trouvent-les-meilleures-vagues-moins-connues-damerique-centrale\\\/\",\"name\":\"\u00c0 la recherche de vagues dans des lieux moins connus d\u2019Am\u00e9rique centrale\",\"isPartOf\":{\"@id\":\"https:\\\/\\\/www.visitcentroamerica.com\\\/sala-prensa\\\/en\\\/#website\"},\"primaryImageOfPage\":{\"@id\":\"https:\\\/\\\/www.visitcentroamerica.com\\\/sala-prensa\\\/en\\\/travel\\\/ou-se-trouvent-les-meilleures-vagues-moins-connues-damerique-centrale\\\/#primaryimage\"},\"image\":{\"@id\":\"https:\\\/\\\/www.visitcentroamerica.com\\\/sala-prensa\\\/en\\\/travel\\\/ou-se-trouvent-les-meilleures-vagues-moins-connues-damerique-centrale\\\/#primaryimage\"},\"thumbnailUrl\":\"https:\\\/\\\/www.visitcentroamerica.com\\\/sala-prensa\\\/wp-content\\\/uploads\\\/2019\\\/11\\\/tunco-mejores-olas-menos-conocidas-centroamerica.jpg\",\"datePublished\":\"2019-11-16T10:27:56+00:00\",\"dateModified\":\"2020-08-17T11:47:53+00:00\",\"author\":{\"@id\":\"https:\\\/\\\/www.visitcentroamerica.com\\\/sala-prensa\\\/en\\\/#\\\/schema\\\/person\\\/0aa3bd0dbaabaead6089ee3dd0cd7ae5\"},\"description\":\"Vous recherchez des vagues spectaculaires dans des d\u00e9cors de r\u00eave en Am\u00e9rique centrale ? Ici vous avez un d\u00e9calogue des endroits id\u00e9aux, en particulier au Salvador\",\"breadcrumb\":{\"@id\":\"https:\\\/\\\/www.visitcentroamerica.com\\\/sala-prensa\\\/en\\\/travel\\\/ou-se-trouvent-les-meilleures-vagues-moins-connues-damerique-centrale\\\/#breadcrumb\"},\"inLanguage\":\"en-US\",\"potentialAction\":[{\"@type\":\"ReadAction\",\"target\":[\"https:\\\/\\\/www.visitcentroamerica.com\\\/sala-prensa\\\/en\\\/travel\\\/ou-se-trouvent-les-meilleures-vagues-moins-connues-damerique-centrale\\\/\"]}]},{\"@type\":\"ImageObject\",\"inLanguage\":\"en-US\",\"@id\":\"https:\\\/\\\/www.visitcentroamerica.com\\\/sala-prensa\\\/en\\\/travel\\\/ou-se-trouvent-les-meilleures-vagues-moins-connues-damerique-centrale\\\/#primaryimage\",\"url\":\"https:\\\/\\\/www.visitcentroamerica.com\\\/sala-prensa\\\/wp-content\\\/uploads\\\/2019\\\/11\\\/tunco-mejores-olas-menos-conocidas-centroamerica.jpg\",\"contentUrl\":\"https:\\\/\\\/www.visitcentroamerica.com\\\/sala-prensa\\\/wp-content\\\/uploads\\\/2019\\\/11\\\/tunco-mejores-olas-menos-conocidas-centroamerica.jpg\",\"width\":376,\"height\":282,\"caption\":\"Tunco - Mejores olas poco conocidas - Centroam\u00e9rica\"},{\"@type\":\"BreadcrumbList\",\"@id\":\"https:\\\/\\\/www.visitcentroamerica.com\\\/sala-prensa\\\/en\\\/travel\\\/ou-se-trouvent-les-meilleures-vagues-moins-connues-damerique-centrale\\\/#breadcrumb\",\"itemListElement\":[{\"@type\":\"ListItem\",\"position\":1,\"name\":\"Portada\",\"item\":\"https:\\\/\\\/www.visitcentroamerica.com\\\/sala-prensa\\\/en\\\/\"},{\"@type\":\"ListItem\",\"position\":2,\"name\":\"O\u00f9 se trouvent les meilleures vagues, moins connues, d&#8217;Am\u00e9rique centrale?\"}]},{\"@type\":\"WebSite\",\"@id\":\"https:\\\/\\\/www.visitcentroamerica.com\\\/sala-prensa\\\/en\\\/#website\",\"url\":\"https:\\\/\\\/www.visitcentroamerica.com\\\/sala-prensa\\\/en\\\/\",\"name\":\"Sala de prensa\",\"description\":\"\",\"potentialAction\":[{\"@type\":\"SearchAction\",\"target\":{\"@type\":\"EntryPoint\",\"urlTemplate\":\"https:\\\/\\\/www.visitcentroamerica.com\\\/sala-prensa\\\/en\\\/?s={search_term_string}\"},\"query-input\":{\"@type\":\"PropertyValueSpecification\",\"valueRequired\":true,\"valueName\":\"search_term_string\"}}],\"inLanguage\":\"en-US\"},{\"@type\":\"Person\",\"@id\":\"https:\\\/\\\/www.visitcentroamerica.com\\\/sala-prensa\\\/en\\\/#\\\/schema\\\/person\\\/0aa3bd0dbaabaead6089ee3dd0cd7ae5\",\"name\":\"Denis Alvarado\",\"image\":{\"@type\":\"ImageObject\",\"inLanguage\":\"en-US\",\"@id\":\"https:\\\/\\\/secure.gravatar.com\\\/avatar\\\/c31f0697f6edb7c68d5dedc2ccbd548d2a9f73aa293e81c6a1425229ec4c9135?s=96&d=mm&r=g\",\"url\":\"https:\\\/\\\/secure.gravatar.com\\\/avatar\\\/c31f0697f6edb7c68d5dedc2ccbd548d2a9f73aa293e81c6a1425229ec4c9135?s=96&d=mm&r=g\",\"contentUrl\":\"https:\\\/\\\/secure.gravatar.com\\\/avatar\\\/c31f0697f6edb7c68d5dedc2ccbd548d2a9f73aa293e81c6a1425229ec4c9135?s=96&d=mm&r=g\",\"caption\":\"Denis Alvarado\"},\"url\":\"https:\\\/\\\/www.visitcentroamerica.com\\\/sala-prensa\\\/en\\\/author\\\/denis\\\/\"}]}<\/script>\n<!-- \/ Yoast SEO plugin. -->","yoast_head_json":{"title":"\u00c0 la recherche de vagues dans des lieux moins connus d\u2019Am\u00e9rique centrale","description":"Vous recherchez des vagues spectaculaires dans des d\u00e9cors de r\u00eave en Am\u00e9rique centrale ? Ici vous avez un d\u00e9calogue des endroits id\u00e9aux, en particulier au Salvador","robots":{"index":"index","follow":"follow","max-snippet":"max-snippet:-1","max-image-preview":"max-image-preview:large","max-video-preview":"max-video-preview:-1"},"canonical":"https:\/\/www.visitcentroamerica.com\/sala-prensa\/en\/travel\/ou-se-trouvent-les-meilleures-vagues-moins-connues-damerique-centrale\/","og_locale":"en_US","og_type":"article","og_title":"\u00c0 la recherche de vagues dans des lieux moins connus d\u2019Am\u00e9rique centrale","og_description":"Vous recherchez des vagues spectaculaires dans des d\u00e9cors de r\u00eave en Am\u00e9rique centrale ? Ici vous avez un d\u00e9calogue des endroits id\u00e9aux, en particulier au Salvador","og_url":"https:\/\/www.visitcentroamerica.com\/sala-prensa\/en\/travel\/ou-se-trouvent-les-meilleures-vagues-moins-connues-damerique-centrale\/","og_site_name":"Sala de prensa","article_published_time":"2019-11-16T10:27:56+00:00","article_modified_time":"2020-08-17T11:47:53+00:00","og_image":[{"width":376,"height":282,"url":"https:\/\/www.visitcentroamerica.com\/sala-prensa\/wp-content\/uploads\/2019\/11\/tunco-mejores-olas-menos-conocidas-centroamerica.jpg","type":"image\/jpeg"}],"author":"Denis Alvarado","twitter_card":"summary_large_image","twitter_misc":{"Written by":"Denis Alvarado","Est. reading time":"1 minute"},"schema":{"@context":"https:\/\/schema.org","@graph":[{"@type":"Article","@id":"https:\/\/www.visitcentroamerica.com\/sala-prensa\/en\/travel\/ou-se-trouvent-les-meilleures-vagues-moins-connues-damerique-centrale\/#article","isPartOf":{"@id":"https:\/\/www.visitcentroamerica.com\/sala-prensa\/en\/travel\/ou-se-trouvent-les-meilleures-vagues-moins-connues-damerique-centrale\/"},"author":{"name":"Denis Alvarado","@id":"https:\/\/www.visitcentroamerica.com\/sala-prensa\/en\/#\/schema\/person\/0aa3bd0dbaabaead6089ee3dd0cd7ae5"},"headline":"O\u00f9 se trouvent les meilleures vagues, moins connues, d&#8217;Am\u00e9rique centrale?","datePublished":"2019-11-16T10:27:56+00:00","dateModified":"2020-08-17T11:47:53+00:00","mainEntityOfPage":{"@id":"https:\/\/www.visitcentroamerica.com\/sala-prensa\/en\/travel\/ou-se-trouvent-les-meilleures-vagues-moins-connues-damerique-centrale\/"},"wordCount":297,"image":{"@id":"https:\/\/www.visitcentroamerica.com\/sala-prensa\/en\/travel\/ou-se-trouvent-les-meilleures-vagues-moins-connues-damerique-centrale\/#primaryimage"},"thumbnailUrl":"https:\/\/www.visitcentroamerica.com\/sala-prensa\/wp-content\/uploads\/2019\/11\/tunco-mejores-olas-menos-conocidas-centroamerica.jpg","articleSection":["Travel"],"inLanguage":"en-US"},{"@type":"WebPage","@id":"https:\/\/www.visitcentroamerica.com\/sala-prensa\/en\/travel\/ou-se-trouvent-les-meilleures-vagues-moins-connues-damerique-centrale\/","url":"https:\/\/www.visitcentroamerica.com\/sala-prensa\/en\/travel\/ou-se-trouvent-les-meilleures-vagues-moins-connues-damerique-centrale\/","name":"\u00c0 la recherche de vagues dans des lieux moins connus d\u2019Am\u00e9rique centrale","isPartOf":{"@id":"https:\/\/www.visitcentroamerica.com\/sala-prensa\/en\/#website"},"primaryImageOfPage":{"@id":"https:\/\/www.visitcentroamerica.com\/sala-prensa\/en\/travel\/ou-se-trouvent-les-meilleures-vagues-moins-connues-damerique-centrale\/#primaryimage"},"image":{"@id":"https:\/\/www.visitcentroamerica.com\/sala-prensa\/en\/travel\/ou-se-trouvent-les-meilleures-vagues-moins-connues-damerique-centrale\/#primaryimage"},"thumbnailUrl":"https:\/\/www.visitcentroamerica.com\/sala-prensa\/wp-content\/uploads\/2019\/11\/tunco-mejores-olas-menos-conocidas-centroamerica.jpg","datePublished":"2019-11-16T10:27:56+00:00","dateModified":"2020-08-17T11:47:53+00:00","author":{"@id":"https:\/\/www.visitcentroamerica.com\/sala-prensa\/en\/#\/schema\/person\/0aa3bd0dbaabaead6089ee3dd0cd7ae5"},"description":"Vous recherchez des vagues spectaculaires dans des d\u00e9cors de r\u00eave en Am\u00e9rique centrale ? Ici vous avez un d\u00e9calogue des endroits id\u00e9aux, en particulier au Salvador","breadcrumb":{"@id":"https:\/\/www.visitcentroamerica.com\/sala-prensa\/en\/travel\/ou-se-trouvent-les-meilleures-vagues-moins-connues-damerique-centrale\/#breadcrumb"},"inLanguage":"en-US","potentialAction":[{"@type":"ReadAction","target":["https:\/\/www.visitcentroamerica.com\/sala-prensa\/en\/travel\/ou-se-trouvent-les-meilleures-vagues-moins-connues-damerique-centrale\/"]}]},{"@type":"ImageObject","inLanguage":"en-US","@id":"https:\/\/www.visitcentroamerica.com\/sala-prensa\/en\/travel\/ou-se-trouvent-les-meilleures-vagues-moins-connues-damerique-centrale\/#primaryimage","url":"https:\/\/www.visitcentroamerica.com\/sala-prensa\/wp-content\/uploads\/2019\/11\/tunco-mejores-olas-menos-conocidas-centroamerica.jpg","contentUrl":"https:\/\/www.visitcentroamerica.com\/sala-prensa\/wp-content\/uploads\/2019\/11\/tunco-mejores-olas-menos-conocidas-centroamerica.jpg","width":376,"height":282,"caption":"Tunco - Mejores olas poco conocidas - Centroam\u00e9rica"},{"@type":"BreadcrumbList","@id":"https:\/\/www.visitcentroamerica.com\/sala-prensa\/en\/travel\/ou-se-trouvent-les-meilleures-vagues-moins-connues-damerique-centrale\/#breadcrumb","itemListElement":[{"@type":"ListItem","position":1,"name":"Portada","item":"https:\/\/www.visitcentroamerica.com\/sala-prensa\/en\/"},{"@type":"ListItem","position":2,"name":"O\u00f9 se trouvent les meilleures vagues, moins connues, d&#8217;Am\u00e9rique centrale?"}]},{"@type":"WebSite","@id":"https:\/\/www.visitcentroamerica.com\/sala-prensa\/en\/#website","url":"https:\/\/www.visitcentroamerica.com\/sala-prensa\/en\/","name":"Sala de prensa","description":"","potentialAction":[{"@type":"SearchAction","target":{"@type":"EntryPoint","urlTemplate":"https:\/\/www.visitcentroamerica.com\/sala-prensa\/en\/?s={search_term_string}"},"query-input":{"@type":"PropertyValueSpecification","valueRequired":true,"valueName":"search_term_string"}}],"inLanguage":"en-US"},{"@type":"Person","@id":"https:\/\/www.visitcentroamerica.com\/sala-prensa\/en\/#\/schema\/person\/0aa3bd0dbaabaead6089ee3dd0cd7ae5","name":"Denis Alvarado","image":{"@type":"ImageObject","inLanguage":"en-US","@id":"https:\/\/secure.gravatar.com\/avatar\/c31f0697f6edb7c68d5dedc2ccbd548d2a9f73aa293e81c6a1425229ec4c9135?s=96&d=mm&r=g","url":"https:\/\/secure.gravatar.com\/avatar\/c31f0697f6edb7c68d5dedc2ccbd548d2a9f73aa293e81c6a1425229ec4c9135?s=96&d=mm&r=g","contentUrl":"https:\/\/secure.gravatar.com\/avatar\/c31f0697f6edb7c68d5dedc2ccbd548d2a9f73aa293e81c6a1425229ec4c9135?s=96&d=mm&r=g","caption":"Denis Alvarado"},"url":"https:\/\/www.visitcentroamerica.com\/sala-prensa\/en\/author\/denis\/"}]}},"_links":{"self":[{"href":"https:\/\/www.visitcentroamerica.com\/sala-prensa\/en\/wp-json\/wp\/v2\/posts\/8910","targetHints":{"allow":["GET"]}}],"collection":[{"href":"https:\/\/www.visitcentroamerica.com\/sala-prensa\/en\/wp-json\/wp\/v2\/posts"}],"about":[{"href":"https:\/\/www.visitcentroamerica.com\/sala-prensa\/en\/wp-json\/wp\/v2\/types\/post"}],"author":[{"embeddable":true,"href":"https:\/\/www.visitcentroamerica.com\/sala-prensa\/en\/wp-json\/wp\/v2\/users\/5"}],"replies":[{"embeddable":true,"href":"https:\/\/www.visitcentroamerica.com\/sala-prensa\/en\/wp-json\/wp\/v2\/comments?post=8910"}],"version-history":[{"count":1,"href":"https:\/\/www.visitcentroamerica.com\/sala-prensa\/en\/wp-json\/wp\/v2\/posts\/8910\/revisions"}],"predecessor-version":[{"id":10896,"href":"https:\/\/www.visitcentroamerica.com\/sala-prensa\/en\/wp-json\/wp\/v2\/posts\/8910\/revisions\/10896"}],"wp:featuredmedia":[{"embeddable":true,"href":"https:\/\/www.visitcentroamerica.com\/sala-prensa\/en\/wp-json\/wp\/v2\/media\/9517"}],"wp:attachment":[{"href":"https:\/\/www.visitcentroamerica.com\/sala-prensa\/en\/wp-json\/wp\/v2\/media?parent=8910"}],"wp:term":[{"taxonomy":"category","embeddable":true,"href":"https:\/\/www.visitcentroamerica.com\/sala-prensa\/en\/wp-json\/wp\/v2\/categories?post=8910"},{"taxonomy":"post_tag","embeddable":true,"href":"https:\/\/www.visitcentroamerica.com\/sala-prensa\/en\/wp-json\/wp\/v2\/tags?post=8910"}],"curies":[{"name":"wp","href":"https:\/\/api.w.org\/{rel}","templated":true}]}}