{"id":8621,"date":"2019-08-30T10:00:30","date_gmt":"2019-08-30T10:00:30","guid":{"rendered":"https:\/\/www.visitcentroamerica.com\/?p=8621"},"modified":"2020-08-17T11:54:42","modified_gmt":"2020-08-17T11:54:42","slug":"beginnen-sie-den-tag-mit-energie-ich-wette-sie-haben-noch-nie-so-gefruhstuckt","status":"publish","type":"post","link":"https:\/\/www.visitcentroamerica.com\/sala-prensa\/en\/travel\/beginnen-sie-den-tag-mit-energie-ich-wette-sie-haben-noch-nie-so-gefruhstuckt\/","title":{"rendered":"Beginnen Sie den Tag mit Energie! Ich wette, Sie haben noch nie so gefr\u00fchst\u00fcckt!"},"content":{"rendered":"<p>Das Fr\u00fchst\u00fcck ist f\u00fcr Sie nicht nur eine Notwendigkeit, sonder auch eine Vergn\u00fcgen? Beginnen Sie den Tag mit Energie auf Ihrer Multi-Destinationsreise nach Guatemala und Panama. Probieren Sie das <strong>#fresheste<\/strong> Gericht mit den typischen Fr\u00fcchten dieser L\u00e4nder. Beachten Sie meine Empfehlungen, um das beste <strong>#Lunch<\/strong> zu erleben. Sind Sie bereit, um alle auf Instagram mit Ihrem Hashtag <strong>#Breakfast<\/strong> neidisch zu machen?<br \/>\n<img decoding=\"async\" src=\"https:\/\/www.visitcentroamerica.com\/wp-content\/uploads\/2019\/07\/arranca-dia-energia-desayuno-centroamerica-cuerpo.jpg\" \/><\/p>\n<h3 style=\"margin-bottom: 30px;\">Das typisch guatemaltekische Fr\u00fchst\u00fcck<\/h3>\n<p>Wollen wir mit Guatemala anfangen? Bestellen Sie R\u00fchrei mit Bohnen und gebratenen Kochbananen. Das ist das <strong>typische Chapin-Fr\u00fchst\u00fcck<\/strong>. Ich rate Ihnen, K\u00e4se oder Guacamole hinzuzuf\u00fcgen. Yucca mit Schweineschwarten ist auch keine schlechte Wahl! Und nat\u00fcrlich sollte in beiden F\u00e4lle <strong>der Kaffee<\/strong> nicht fehlen.<br \/>\n<strong>Ein #Lunch mit Geschichte<\/strong><br \/>\nUnd zum Mittagessen? Erleben Sie Ihren angenehmstes <strong>#Lunch<\/strong> mit <strong>Pepian<\/strong>. Diese Br\u00fche, die bereits bei Maya-Zeremonien serviert wurde, ist ein Kulturerbe und enth\u00e4lt H\u00fchnchen, K\u00f6rner und Reis.<\/p>\n<h3 style=\"margin-bottom: 30px;\">Das #fresheste Gericht in Panama<\/h3>\n<p>Buttergeb\u00e4ck mit gepresstem panamaischen K\u00e4se, Bl\u00e4tterteig mit K\u00e4se und Br\u00fchwurst, Carima\u00f1ola und Chorizo Table\u00f1o&#8230; In diesem Land wird <strong>deftig gefr\u00fchst\u00fcckt<\/strong>. Deshalb rate ich Ihnen einen saisonalen Fr\u00fcchteteller hinzuzuf\u00fcgen, um eine frische Note reinzubringen. W\u00e4hlen Sie Papaya, Wassermelone oder Ananas.<br \/>\nBeginnen Sie Ihre Tage in Guatemala und Panama auf die wohlschmeckendste und exotischste Art und Weise. \u00dcberraschen Sie Ihre Follower mit dem <em>Hashtag<\/em> <strong>#Breakfast<\/strong> . Besuchen Sie <a href=\"https:\/\/www.visitcentroamerica.com\/en\">unsere Website<\/a>, um die landestypischen Fr\u00fchst\u00fccksspeisen aus anderen mittelamerikanischen L\u00e4ndern zu entdecken.<\/p>\n","protected":false},"excerpt":{"rendered":"<p>Das Fr\u00fchst\u00fcck ist f\u00fcr Sie nicht nur eine Notwendigkeit, sonder auch eine Vergn\u00fcgen? Beginnen Sie den Tag mit Energie auf Ihrer Multi-Destinationsreise nach Guatemala und Panama. Probieren Sie das #fresheste Gericht mit den typischen Fr\u00fcchten dieser L\u00e4nder. Beachten Sie meine Empfehlungen, um das beste #Lunch zu erleben. Sind Sie bereit, um alle auf Instagram mit [&hellip;]<\/p>\n","protected":false},"author":5,"featured_media":9573,"comment_status":"closed","ping_status":"closed","sticky":false,"template":"","format":"standard","meta":{"footnotes":""},"categories":[73],"tags":[],"class_list":{"0":"post-8621","1":"post","2":"type-post","3":"status-publish","4":"format-standard","5":"has-post-thumbnail","7":"category-travel"},"yoast_head":"<!-- This site is optimized with the Yoast SEO plugin v27.3 - https:\/\/yoast.com\/product\/yoast-seo-wordpress\/ -->\n<title>Das exotischste und deftigste #breakfast in Guatemala und Panama<\/title>\n<meta name=\"description\" content=\"Bohnen, gebratene Kochbananen, Maniok- oder Bl\u00e4tterteiggeb\u00e4ck mit K\u00e4se sind einige der Optionen, um das beste Fr\u00fchst\u00fcck in Guatemala und Panama zu genie\u00dfen\" \/>\n<meta name=\"robots\" content=\"index, follow, max-snippet:-1, max-image-preview:large, max-video-preview:-1\" \/>\n<link rel=\"canonical\" href=\"https:\/\/www.visitcentroamerica.com\/sala-prensa\/en\/travel\/beginnen-sie-den-tag-mit-energie-ich-wette-sie-haben-noch-nie-so-gefruhstuckt\/\" \/>\n<meta property=\"og:locale\" content=\"en_US\" \/>\n<meta property=\"og:type\" content=\"article\" \/>\n<meta property=\"og:title\" content=\"Das exotischste und deftigste #breakfast in Guatemala und Panama\" \/>\n<meta property=\"og:description\" content=\"Bohnen, gebratene Kochbananen, Maniok- oder Bl\u00e4tterteiggeb\u00e4ck mit K\u00e4se sind einige der Optionen, um das beste Fr\u00fchst\u00fcck in Guatemala und Panama zu genie\u00dfen\" \/>\n<meta property=\"og:url\" content=\"https:\/\/www.visitcentroamerica.com\/sala-prensa\/en\/travel\/beginnen-sie-den-tag-mit-energie-ich-wette-sie-haben-noch-nie-so-gefruhstuckt\/\" \/>\n<meta property=\"og:site_name\" content=\"Sala de prensa\" \/>\n<meta property=\"article:published_time\" content=\"2019-08-30T10:00:30+00:00\" \/>\n<meta property=\"article:modified_time\" content=\"2020-08-17T11:54:42+00:00\" \/>\n<meta property=\"og:image\" content=\"https:\/\/www.visitcentroamerica.com\/sala-prensa\/wp-content\/uploads\/2019\/08\/arranca-dia-energia-desayuno-centroamerica-destacada.jpg\" \/>\n\t<meta property=\"og:image:width\" content=\"376\" \/>\n\t<meta property=\"og:image:height\" content=\"282\" \/>\n\t<meta property=\"og:image:type\" content=\"image\/jpeg\" \/>\n<meta name=\"author\" content=\"Denis Alvarado\" \/>\n<meta name=\"twitter:card\" content=\"summary_large_image\" \/>\n<meta name=\"twitter:label1\" content=\"Written by\" \/>\n\t<meta name=\"twitter:data1\" content=\"Denis Alvarado\" \/>\n\t<meta name=\"twitter:label2\" content=\"Est. reading time\" \/>\n\t<meta name=\"twitter:data2\" content=\"1 minute\" \/>\n<script type=\"application\/ld+json\" class=\"yoast-schema-graph\">{\"@context\":\"https:\\\/\\\/schema.org\",\"@graph\":[{\"@type\":\"Article\",\"@id\":\"https:\\\/\\\/www.visitcentroamerica.com\\\/sala-prensa\\\/en\\\/travel\\\/beginnen-sie-den-tag-mit-energie-ich-wette-sie-haben-noch-nie-so-gefruhstuckt\\\/#article\",\"isPartOf\":{\"@id\":\"https:\\\/\\\/www.visitcentroamerica.com\\\/sala-prensa\\\/en\\\/travel\\\/beginnen-sie-den-tag-mit-energie-ich-wette-sie-haben-noch-nie-so-gefruhstuckt\\\/\"},\"author\":{\"name\":\"Denis Alvarado\",\"@id\":\"https:\\\/\\\/www.visitcentroamerica.com\\\/sala-prensa\\\/en\\\/#\\\/schema\\\/person\\\/0aa3bd0dbaabaead6089ee3dd0cd7ae5\"},\"headline\":\"Beginnen Sie den Tag mit Energie! Ich wette, Sie haben noch nie so gefr\u00fchst\u00fcckt!\",\"datePublished\":\"2019-08-30T10:00:30+00:00\",\"dateModified\":\"2020-08-17T11:54:42+00:00\",\"mainEntityOfPage\":{\"@id\":\"https:\\\/\\\/www.visitcentroamerica.com\\\/sala-prensa\\\/en\\\/travel\\\/beginnen-sie-den-tag-mit-energie-ich-wette-sie-haben-noch-nie-so-gefruhstuckt\\\/\"},\"wordCount\":271,\"image\":{\"@id\":\"https:\\\/\\\/www.visitcentroamerica.com\\\/sala-prensa\\\/en\\\/travel\\\/beginnen-sie-den-tag-mit-energie-ich-wette-sie-haben-noch-nie-so-gefruhstuckt\\\/#primaryimage\"},\"thumbnailUrl\":\"https:\\\/\\\/www.visitcentroamerica.com\\\/sala-prensa\\\/wp-content\\\/uploads\\\/2019\\\/08\\\/arranca-dia-energia-desayuno-centroamerica-destacada.jpg\",\"articleSection\":[\"Travel\"],\"inLanguage\":\"en-US\"},{\"@type\":\"WebPage\",\"@id\":\"https:\\\/\\\/www.visitcentroamerica.com\\\/sala-prensa\\\/en\\\/travel\\\/beginnen-sie-den-tag-mit-energie-ich-wette-sie-haben-noch-nie-so-gefruhstuckt\\\/\",\"url\":\"https:\\\/\\\/www.visitcentroamerica.com\\\/sala-prensa\\\/en\\\/travel\\\/beginnen-sie-den-tag-mit-energie-ich-wette-sie-haben-noch-nie-so-gefruhstuckt\\\/\",\"name\":\"Das exotischste und deftigste #breakfast in Guatemala und Panama\",\"isPartOf\":{\"@id\":\"https:\\\/\\\/www.visitcentroamerica.com\\\/sala-prensa\\\/en\\\/#website\"},\"primaryImageOfPage\":{\"@id\":\"https:\\\/\\\/www.visitcentroamerica.com\\\/sala-prensa\\\/en\\\/travel\\\/beginnen-sie-den-tag-mit-energie-ich-wette-sie-haben-noch-nie-so-gefruhstuckt\\\/#primaryimage\"},\"image\":{\"@id\":\"https:\\\/\\\/www.visitcentroamerica.com\\\/sala-prensa\\\/en\\\/travel\\\/beginnen-sie-den-tag-mit-energie-ich-wette-sie-haben-noch-nie-so-gefruhstuckt\\\/#primaryimage\"},\"thumbnailUrl\":\"https:\\\/\\\/www.visitcentroamerica.com\\\/sala-prensa\\\/wp-content\\\/uploads\\\/2019\\\/08\\\/arranca-dia-energia-desayuno-centroamerica-destacada.jpg\",\"datePublished\":\"2019-08-30T10:00:30+00:00\",\"dateModified\":\"2020-08-17T11:54:42+00:00\",\"author\":{\"@id\":\"https:\\\/\\\/www.visitcentroamerica.com\\\/sala-prensa\\\/en\\\/#\\\/schema\\\/person\\\/0aa3bd0dbaabaead6089ee3dd0cd7ae5\"},\"description\":\"Bohnen, gebratene Kochbananen, Maniok- oder Bl\u00e4tterteiggeb\u00e4ck mit K\u00e4se sind einige der Optionen, um das beste Fr\u00fchst\u00fcck in Guatemala und Panama zu genie\u00dfen\",\"breadcrumb\":{\"@id\":\"https:\\\/\\\/www.visitcentroamerica.com\\\/sala-prensa\\\/en\\\/travel\\\/beginnen-sie-den-tag-mit-energie-ich-wette-sie-haben-noch-nie-so-gefruhstuckt\\\/#breadcrumb\"},\"inLanguage\":\"en-US\",\"potentialAction\":[{\"@type\":\"ReadAction\",\"target\":[\"https:\\\/\\\/www.visitcentroamerica.com\\\/sala-prensa\\\/en\\\/travel\\\/beginnen-sie-den-tag-mit-energie-ich-wette-sie-haben-noch-nie-so-gefruhstuckt\\\/\"]}]},{\"@type\":\"ImageObject\",\"inLanguage\":\"en-US\",\"@id\":\"https:\\\/\\\/www.visitcentroamerica.com\\\/sala-prensa\\\/en\\\/travel\\\/beginnen-sie-den-tag-mit-energie-ich-wette-sie-haben-noch-nie-so-gefruhstuckt\\\/#primaryimage\",\"url\":\"https:\\\/\\\/www.visitcentroamerica.com\\\/sala-prensa\\\/wp-content\\\/uploads\\\/2019\\\/08\\\/arranca-dia-energia-desayuno-centroamerica-destacada.jpg\",\"contentUrl\":\"https:\\\/\\\/www.visitcentroamerica.com\\\/sala-prensa\\\/wp-content\\\/uploads\\\/2019\\\/08\\\/arranca-dia-energia-desayuno-centroamerica-destacada.jpg\",\"width\":376,\"height\":282,\"caption\":\"Arranca el d\u00eda con energ\u00eda desayunando en Centroam\u00e9rica\"},{\"@type\":\"BreadcrumbList\",\"@id\":\"https:\\\/\\\/www.visitcentroamerica.com\\\/sala-prensa\\\/en\\\/travel\\\/beginnen-sie-den-tag-mit-energie-ich-wette-sie-haben-noch-nie-so-gefruhstuckt\\\/#breadcrumb\",\"itemListElement\":[{\"@type\":\"ListItem\",\"position\":1,\"name\":\"Portada\",\"item\":\"https:\\\/\\\/www.visitcentroamerica.com\\\/sala-prensa\\\/en\\\/\"},{\"@type\":\"ListItem\",\"position\":2,\"name\":\"Beginnen Sie den Tag mit Energie! Ich wette, Sie haben noch nie so gefr\u00fchst\u00fcckt!\"}]},{\"@type\":\"WebSite\",\"@id\":\"https:\\\/\\\/www.visitcentroamerica.com\\\/sala-prensa\\\/en\\\/#website\",\"url\":\"https:\\\/\\\/www.visitcentroamerica.com\\\/sala-prensa\\\/en\\\/\",\"name\":\"Sala de prensa\",\"description\":\"\",\"potentialAction\":[{\"@type\":\"SearchAction\",\"target\":{\"@type\":\"EntryPoint\",\"urlTemplate\":\"https:\\\/\\\/www.visitcentroamerica.com\\\/sala-prensa\\\/en\\\/?s={search_term_string}\"},\"query-input\":{\"@type\":\"PropertyValueSpecification\",\"valueRequired\":true,\"valueName\":\"search_term_string\"}}],\"inLanguage\":\"en-US\"},{\"@type\":\"Person\",\"@id\":\"https:\\\/\\\/www.visitcentroamerica.com\\\/sala-prensa\\\/en\\\/#\\\/schema\\\/person\\\/0aa3bd0dbaabaead6089ee3dd0cd7ae5\",\"name\":\"Denis Alvarado\",\"image\":{\"@type\":\"ImageObject\",\"inLanguage\":\"en-US\",\"@id\":\"https:\\\/\\\/secure.gravatar.com\\\/avatar\\\/c31f0697f6edb7c68d5dedc2ccbd548d2a9f73aa293e81c6a1425229ec4c9135?s=96&d=mm&r=g\",\"url\":\"https:\\\/\\\/secure.gravatar.com\\\/avatar\\\/c31f0697f6edb7c68d5dedc2ccbd548d2a9f73aa293e81c6a1425229ec4c9135?s=96&d=mm&r=g\",\"contentUrl\":\"https:\\\/\\\/secure.gravatar.com\\\/avatar\\\/c31f0697f6edb7c68d5dedc2ccbd548d2a9f73aa293e81c6a1425229ec4c9135?s=96&d=mm&r=g\",\"caption\":\"Denis Alvarado\"},\"url\":\"https:\\\/\\\/www.visitcentroamerica.com\\\/sala-prensa\\\/en\\\/author\\\/denis\\\/\"}]}<\/script>\n<!-- \/ Yoast SEO plugin. -->","yoast_head_json":{"title":"Das exotischste und deftigste #breakfast in Guatemala und Panama","description":"Bohnen, gebratene Kochbananen, Maniok- oder Bl\u00e4tterteiggeb\u00e4ck mit K\u00e4se sind einige der Optionen, um das beste Fr\u00fchst\u00fcck in Guatemala und Panama zu genie\u00dfen","robots":{"index":"index","follow":"follow","max-snippet":"max-snippet:-1","max-image-preview":"max-image-preview:large","max-video-preview":"max-video-preview:-1"},"canonical":"https:\/\/www.visitcentroamerica.com\/sala-prensa\/en\/travel\/beginnen-sie-den-tag-mit-energie-ich-wette-sie-haben-noch-nie-so-gefruhstuckt\/","og_locale":"en_US","og_type":"article","og_title":"Das exotischste und deftigste #breakfast in Guatemala und Panama","og_description":"Bohnen, gebratene Kochbananen, Maniok- oder Bl\u00e4tterteiggeb\u00e4ck mit K\u00e4se sind einige der Optionen, um das beste Fr\u00fchst\u00fcck in Guatemala und Panama zu genie\u00dfen","og_url":"https:\/\/www.visitcentroamerica.com\/sala-prensa\/en\/travel\/beginnen-sie-den-tag-mit-energie-ich-wette-sie-haben-noch-nie-so-gefruhstuckt\/","og_site_name":"Sala de prensa","article_published_time":"2019-08-30T10:00:30+00:00","article_modified_time":"2020-08-17T11:54:42+00:00","og_image":[{"width":376,"height":282,"url":"https:\/\/www.visitcentroamerica.com\/sala-prensa\/wp-content\/uploads\/2019\/08\/arranca-dia-energia-desayuno-centroamerica-destacada.jpg","type":"image\/jpeg"}],"author":"Denis Alvarado","twitter_card":"summary_large_image","twitter_misc":{"Written by":"Denis Alvarado","Est. reading time":"1 minute"},"schema":{"@context":"https:\/\/schema.org","@graph":[{"@type":"Article","@id":"https:\/\/www.visitcentroamerica.com\/sala-prensa\/en\/travel\/beginnen-sie-den-tag-mit-energie-ich-wette-sie-haben-noch-nie-so-gefruhstuckt\/#article","isPartOf":{"@id":"https:\/\/www.visitcentroamerica.com\/sala-prensa\/en\/travel\/beginnen-sie-den-tag-mit-energie-ich-wette-sie-haben-noch-nie-so-gefruhstuckt\/"},"author":{"name":"Denis Alvarado","@id":"https:\/\/www.visitcentroamerica.com\/sala-prensa\/en\/#\/schema\/person\/0aa3bd0dbaabaead6089ee3dd0cd7ae5"},"headline":"Beginnen Sie den Tag mit Energie! Ich wette, Sie haben noch nie so gefr\u00fchst\u00fcckt!","datePublished":"2019-08-30T10:00:30+00:00","dateModified":"2020-08-17T11:54:42+00:00","mainEntityOfPage":{"@id":"https:\/\/www.visitcentroamerica.com\/sala-prensa\/en\/travel\/beginnen-sie-den-tag-mit-energie-ich-wette-sie-haben-noch-nie-so-gefruhstuckt\/"},"wordCount":271,"image":{"@id":"https:\/\/www.visitcentroamerica.com\/sala-prensa\/en\/travel\/beginnen-sie-den-tag-mit-energie-ich-wette-sie-haben-noch-nie-so-gefruhstuckt\/#primaryimage"},"thumbnailUrl":"https:\/\/www.visitcentroamerica.com\/sala-prensa\/wp-content\/uploads\/2019\/08\/arranca-dia-energia-desayuno-centroamerica-destacada.jpg","articleSection":["Travel"],"inLanguage":"en-US"},{"@type":"WebPage","@id":"https:\/\/www.visitcentroamerica.com\/sala-prensa\/en\/travel\/beginnen-sie-den-tag-mit-energie-ich-wette-sie-haben-noch-nie-so-gefruhstuckt\/","url":"https:\/\/www.visitcentroamerica.com\/sala-prensa\/en\/travel\/beginnen-sie-den-tag-mit-energie-ich-wette-sie-haben-noch-nie-so-gefruhstuckt\/","name":"Das exotischste und deftigste #breakfast in Guatemala und Panama","isPartOf":{"@id":"https:\/\/www.visitcentroamerica.com\/sala-prensa\/en\/#website"},"primaryImageOfPage":{"@id":"https:\/\/www.visitcentroamerica.com\/sala-prensa\/en\/travel\/beginnen-sie-den-tag-mit-energie-ich-wette-sie-haben-noch-nie-so-gefruhstuckt\/#primaryimage"},"image":{"@id":"https:\/\/www.visitcentroamerica.com\/sala-prensa\/en\/travel\/beginnen-sie-den-tag-mit-energie-ich-wette-sie-haben-noch-nie-so-gefruhstuckt\/#primaryimage"},"thumbnailUrl":"https:\/\/www.visitcentroamerica.com\/sala-prensa\/wp-content\/uploads\/2019\/08\/arranca-dia-energia-desayuno-centroamerica-destacada.jpg","datePublished":"2019-08-30T10:00:30+00:00","dateModified":"2020-08-17T11:54:42+00:00","author":{"@id":"https:\/\/www.visitcentroamerica.com\/sala-prensa\/en\/#\/schema\/person\/0aa3bd0dbaabaead6089ee3dd0cd7ae5"},"description":"Bohnen, gebratene Kochbananen, Maniok- oder Bl\u00e4tterteiggeb\u00e4ck mit K\u00e4se sind einige der Optionen, um das beste Fr\u00fchst\u00fcck in Guatemala und Panama zu genie\u00dfen","breadcrumb":{"@id":"https:\/\/www.visitcentroamerica.com\/sala-prensa\/en\/travel\/beginnen-sie-den-tag-mit-energie-ich-wette-sie-haben-noch-nie-so-gefruhstuckt\/#breadcrumb"},"inLanguage":"en-US","potentialAction":[{"@type":"ReadAction","target":["https:\/\/www.visitcentroamerica.com\/sala-prensa\/en\/travel\/beginnen-sie-den-tag-mit-energie-ich-wette-sie-haben-noch-nie-so-gefruhstuckt\/"]}]},{"@type":"ImageObject","inLanguage":"en-US","@id":"https:\/\/www.visitcentroamerica.com\/sala-prensa\/en\/travel\/beginnen-sie-den-tag-mit-energie-ich-wette-sie-haben-noch-nie-so-gefruhstuckt\/#primaryimage","url":"https:\/\/www.visitcentroamerica.com\/sala-prensa\/wp-content\/uploads\/2019\/08\/arranca-dia-energia-desayuno-centroamerica-destacada.jpg","contentUrl":"https:\/\/www.visitcentroamerica.com\/sala-prensa\/wp-content\/uploads\/2019\/08\/arranca-dia-energia-desayuno-centroamerica-destacada.jpg","width":376,"height":282,"caption":"Arranca el d\u00eda con energ\u00eda desayunando en Centroam\u00e9rica"},{"@type":"BreadcrumbList","@id":"https:\/\/www.visitcentroamerica.com\/sala-prensa\/en\/travel\/beginnen-sie-den-tag-mit-energie-ich-wette-sie-haben-noch-nie-so-gefruhstuckt\/#breadcrumb","itemListElement":[{"@type":"ListItem","position":1,"name":"Portada","item":"https:\/\/www.visitcentroamerica.com\/sala-prensa\/en\/"},{"@type":"ListItem","position":2,"name":"Beginnen Sie den Tag mit Energie! Ich wette, Sie haben noch nie so gefr\u00fchst\u00fcckt!"}]},{"@type":"WebSite","@id":"https:\/\/www.visitcentroamerica.com\/sala-prensa\/en\/#website","url":"https:\/\/www.visitcentroamerica.com\/sala-prensa\/en\/","name":"Sala de prensa","description":"","potentialAction":[{"@type":"SearchAction","target":{"@type":"EntryPoint","urlTemplate":"https:\/\/www.visitcentroamerica.com\/sala-prensa\/en\/?s={search_term_string}"},"query-input":{"@type":"PropertyValueSpecification","valueRequired":true,"valueName":"search_term_string"}}],"inLanguage":"en-US"},{"@type":"Person","@id":"https:\/\/www.visitcentroamerica.com\/sala-prensa\/en\/#\/schema\/person\/0aa3bd0dbaabaead6089ee3dd0cd7ae5","name":"Denis Alvarado","image":{"@type":"ImageObject","inLanguage":"en-US","@id":"https:\/\/secure.gravatar.com\/avatar\/c31f0697f6edb7c68d5dedc2ccbd548d2a9f73aa293e81c6a1425229ec4c9135?s=96&d=mm&r=g","url":"https:\/\/secure.gravatar.com\/avatar\/c31f0697f6edb7c68d5dedc2ccbd548d2a9f73aa293e81c6a1425229ec4c9135?s=96&d=mm&r=g","contentUrl":"https:\/\/secure.gravatar.com\/avatar\/c31f0697f6edb7c68d5dedc2ccbd548d2a9f73aa293e81c6a1425229ec4c9135?s=96&d=mm&r=g","caption":"Denis Alvarado"},"url":"https:\/\/www.visitcentroamerica.com\/sala-prensa\/en\/author\/denis\/"}]}},"_links":{"self":[{"href":"https:\/\/www.visitcentroamerica.com\/sala-prensa\/en\/wp-json\/wp\/v2\/posts\/8621","targetHints":{"allow":["GET"]}}],"collection":[{"href":"https:\/\/www.visitcentroamerica.com\/sala-prensa\/en\/wp-json\/wp\/v2\/posts"}],"about":[{"href":"https:\/\/www.visitcentroamerica.com\/sala-prensa\/en\/wp-json\/wp\/v2\/types\/post"}],"author":[{"embeddable":true,"href":"https:\/\/www.visitcentroamerica.com\/sala-prensa\/en\/wp-json\/wp\/v2\/users\/5"}],"replies":[{"embeddable":true,"href":"https:\/\/www.visitcentroamerica.com\/sala-prensa\/en\/wp-json\/wp\/v2\/comments?post=8621"}],"version-history":[{"count":1,"href":"https:\/\/www.visitcentroamerica.com\/sala-prensa\/en\/wp-json\/wp\/v2\/posts\/8621\/revisions"}],"predecessor-version":[{"id":10906,"href":"https:\/\/www.visitcentroamerica.com\/sala-prensa\/en\/wp-json\/wp\/v2\/posts\/8621\/revisions\/10906"}],"wp:featuredmedia":[{"embeddable":true,"href":"https:\/\/www.visitcentroamerica.com\/sala-prensa\/en\/wp-json\/wp\/v2\/media\/9573"}],"wp:attachment":[{"href":"https:\/\/www.visitcentroamerica.com\/sala-prensa\/en\/wp-json\/wp\/v2\/media?parent=8621"}],"wp:term":[{"taxonomy":"category","embeddable":true,"href":"https:\/\/www.visitcentroamerica.com\/sala-prensa\/en\/wp-json\/wp\/v2\/categories?post=8621"},{"taxonomy":"post_tag","embeddable":true,"href":"https:\/\/www.visitcentroamerica.com\/sala-prensa\/en\/wp-json\/wp\/v2\/tags?post=8621"}],"curies":[{"name":"wp","href":"https:\/\/api.w.org\/{rel}","templated":true}]}}