{"id":7729,"date":"2018-11-12T07:25:23","date_gmt":"2018-11-12T07:25:23","guid":{"rendered":"http:\/\/www.visitcentroamerica.com\/uncategorized\/conoces-libro-capaz-despejar-los-secretos-mayas-descubre-popol-vuh-tesoro-la-humanidad\/"},"modified":"2020-08-17T12:46:39","modified_gmt":"2020-08-17T12:46:39","slug":"avez-vous-deja-entendu-parler-du-livre-regroupant-tous-les-secrets-du-peuple-maya-decouvrez-le-popol-vuh-tresor-lhumanite","status":"publish","type":"post","link":"https:\/\/www.visitcentroamerica.com\/sala-prensa\/en\/travel\/avez-vous-deja-entendu-parler-du-livre-regroupant-tous-les-secrets-du-peuple-maya-decouvrez-le-popol-vuh-tresor-lhumanite\/","title":{"rendered":"Avez-vous d\u00e9j\u00e0 entendu parler du livre regroupant tous les secrets du peuple maya ? D\u00e9couvrez le Popol Vuh, un tr\u00e9sor de l\u2019humanit\u00e9 !"},"content":{"rendered":"<div class=\"wpb-content-wrapper\"><div id=\"tdi_1\" class=\"tdc-row\"><div class=\"vc_row tdi_2  wpb_row td-pb-row\" >\n<style scoped>\n\/* custom css - generated by TagDiv Composer *\/\n\n\/* custom css - generated by TagDiv Composer *\/\n.tdi_2,\r\n                .tdi_2 .tdc-columns{\r\n                    min-height: 0;\r\n                }.tdi_2,\r\n\t\t\t\t.tdi_2 .tdc-columns{\r\n\t\t\t\t    display: block;\r\n\t\t\t\t}.tdi_2 .tdc-columns{\r\n\t\t\t\t    width: 100%;\r\n\t\t\t\t}.tdi_2:before,\r\n\t\t\t\t.tdi_2:after{\r\n\t\t\t\t    display: table;\r\n\t\t\t\t}\n<\/style><div class=\"vc_column tdi_4  wpb_column vc_column_container tdc-column td-pb-span12\">\n<style scoped>\n\/* custom css - generated by TagDiv Composer *\/\n\n\/* custom css - generated by TagDiv Composer *\/\n.tdi_4{\r\n                    vertical-align: baseline;\r\n                }.tdi_4 > .wpb_wrapper,\r\n\t\t\t\t.tdi_4 > .wpb_wrapper > .tdc-elements{\r\n\t\t\t\t    display: block;\r\n\t\t\t\t}.tdi_4 > .wpb_wrapper > .tdc-elements{\r\n\t\t\t\t    width: 100%;\r\n\t\t\t\t}.tdi_4 > .wpb_wrapper > .vc_row_inner{\r\n\t\t\t\t    width: auto;\r\n\t\t\t\t}.tdi_4 > .wpb_wrapper{\r\n\t\t\t\t    width: auto;\r\n\t\t\t\t    height: auto;\r\n\t\t\t\t}\n<\/style><div class=\"wpb_wrapper\" >[vc_column_text]Vous \u00eates passionn\u00e9 par l&#8217;imaginaire maya ? Je vous invite \u00e0 d\u00e9couvrir le texte <strong>litt\u00e9raire <\/strong>indig\u00e8ne le plus r\u00e9v\u00e9lateur, le <strong>Popol Vuh<\/strong>, et son r\u00e9cit mythologique sur la cr\u00e9ation du monde. Ajoutez \u00e0 votre itin\u00e9raire le <a href=\"http:\/\/www.visitcentroamerica.com\/en\/visitar\/ruins-of-copan\/\"><strong>parc arch\u00e9ologique de Cop\u00e1n<\/strong><\/a>, la source d\u2019information la plus explicative de cette civilisation. Dirigez-vous vers le Guatemala et le Honduras ! D\u00e9cryptez les fascinants hi\u00e9roglyphes m\u00e9so-am\u00e9ricains !<br \/>\n<strong>Le tr\u00e9sor litt\u00e9raire du peuple quich\u00e9<\/strong><br \/>\nCette population autochtone du Guatemala poss\u00e8de son livre sacr\u00e9 : le <strong>Popol Vuh<\/strong>. Les nobles y d\u00e9crivirent en 1550 les exploits des <strong>dieux jumeaux, Hunahp\u00fa et Xbalanqu\u00e9<\/strong>. Dans ce bijou litt\u00e9raire figurent les aventures du peuple jusqu&#8217;\u00e0 la conqu\u00eate espagnole. Fascinant, non ?<br \/>\n<strong>Art pr\u00e9hispanique au mus\u00e9e<\/strong><br \/>\nLe texte original n&#8217;est plus, mais il existe une transcription datant du XVIIIe si\u00e8cle. Je vous conseille de partir \u00e0 la d\u00e9couverte de l&#8217;esprit de cette communaut\u00e9 dans le mus\u00e9e <strong>Popol Vuh<\/strong> (au sein de la ville de Guatemala). Des <strong>vestiges du pass\u00e9 pr\u00e9colombien y sont expos\u00e9s<\/strong>, tels que de la c\u00e9ramique fun\u00e9raire et d\u2019autres instruments.<br \/>\n<strong>Les vestiges de Cop\u00e1n, radiographie maya empreinte de magie<\/strong><br \/>\nSitu\u00e9 \u00e0 l&#8217;ouest du Honduras, le parc arch\u00e9ologique de Cop\u00e1n t\u00e9moigne du pass\u00e9 maya avec des vestiges des VI, VII et VIIIe si\u00e8cles. Je vous recommande de visiter <strong>les tombes et les tunnels<\/strong>, d\u2019observer <strong>les roches sculpt\u00e9es<\/strong> en forme de crapauds et de vous rendre aux mus\u00e9es d&#8217;arch\u00e9ologie et de sculpture.<br \/>\nApr\u00e8s avoir d\u00e9couvert les r\u00e9cits du <strong>Popol Vuh<\/strong>, vous aurez besoin de vous immerger dans la culture maya. Rendez-vous sur <a href=\"http:\/\/www.visitcentroamerica.com\/en\"><strong>notre site web<\/strong><\/a> pour d\u2019autres itin\u00e9raires qui vous rapprocheront de cette passionnante civilisation. Ne manquez pas ses histoires emplies de symboles ![\/vc_column_text]<\/div><\/div><\/div><\/div><div id=\"tdi_5\" class=\"tdc-row\"><div class=\"vc_row vc_custom_1544011709231 tdi_6  wpb_row td-pb-row\" >\n<style scoped>\n\/* custom css - generated by TagDiv Composer *\/\n\n\/* tdc_composer_block - inline css att *\/\n.vc_custom_1544011709231{margin-top: 30px !important;margin-bottom: 30px !important;}\n\/* custom css - generated by TagDiv Composer *\/\n.tdi_6,\r\n                .tdi_6 .tdc-columns{\r\n                    min-height: 0;\r\n                }.tdi_6,\r\n\t\t\t\t.tdi_6 .tdc-columns{\r\n\t\t\t\t    display: block;\r\n\t\t\t\t}.tdi_6 .tdc-columns{\r\n\t\t\t\t    width: 100%;\r\n\t\t\t\t}.tdi_6:before,\r\n\t\t\t\t.tdi_6:after{\r\n\t\t\t\t    display: table;\r\n\t\t\t\t}\n<\/style><div class=\"vc_column tdi_8  wpb_column vc_column_container tdc-column td-pb-span12\">\n<style scoped>\n\/* custom css - generated by TagDiv Composer *\/\n\n\/* custom css - generated by TagDiv Composer *\/\n.tdi_8{\r\n                    vertical-align: baseline;\r\n                }.tdi_8 > .wpb_wrapper,\r\n\t\t\t\t.tdi_8 > .wpb_wrapper > .tdc-elements{\r\n\t\t\t\t    display: block;\r\n\t\t\t\t}.tdi_8 > .wpb_wrapper > .tdc-elements{\r\n\t\t\t\t    width: 100%;\r\n\t\t\t\t}.tdi_8 > .wpb_wrapper > .vc_row_inner{\r\n\t\t\t\t    width: auto;\r\n\t\t\t\t}.tdi_8 > .wpb_wrapper{\r\n\t\t\t\t    width: auto;\r\n\t\t\t\t    height: auto;\r\n\t\t\t\t}\n<\/style><div class=\"wpb_wrapper\" >[vc_single_image image=&#8221;7149&#8243; img_size=&#8221;full&#8221;]<\/div><\/div><\/div><\/div>\n<\/div>","protected":false},"excerpt":{"rendered":"[vc_column_text]Vous \u00eates passionn\u00e9 par l'imaginaire maya ? Je vous invite \u00e0 d\u00e9couvrir le texte litt\u00e9raire indig\u00e8ne le plus r\u00e9v\u00e9lateur, le Popol Vuh, et son r\u00e9cit mythologique sur la cr\u00e9ation du monde. Ajoutez \u00e0 votre itin\u00e9raire le parc arch\u00e9ologique de Cop\u00e1n, la source d\u2019information la plus explicative de cette civilisation. Dirigez-vous vers le Guatemala et le [...]","protected":false},"author":5,"featured_media":9932,"comment_status":"open","ping_status":"closed","sticky":false,"template":"","format":"standard","meta":{"footnotes":""},"categories":[73],"tags":[],"class_list":{"0":"post-7729","1":"post","2":"type-post","3":"status-publish","4":"format-standard","5":"has-post-thumbnail","7":"category-travel"},"yoast_head":"<!-- This site is optimized with the Yoast SEO plugin v27.3 - https:\/\/yoast.com\/product\/yoast-seo-wordpress\/ -->\n<title>Le mus\u00e9e Popol Vuh et le parc de Cop\u00e1n, deux des sc\u00e8nes mayas \u00e0 ne manquer sous aucun pr\u00e9texte<\/title>\n<meta name=\"description\" content=\"D\u00e9couvrez l&#039;authenticit\u00e9 de la civilisation maya en visitant le mus\u00e9e Popol Vuh et le parc arch\u00e9ologique de Cop\u00e1n, sc\u00e8nes pr\u00e9-colombiennes incontournables\" \/>\n<meta name=\"robots\" content=\"index, follow, max-snippet:-1, max-image-preview:large, max-video-preview:-1\" \/>\n<link rel=\"canonical\" href=\"https:\/\/www.visitcentroamerica.com\/sala-prensa\/en\/travel\/avez-vous-deja-entendu-parler-du-livre-regroupant-tous-les-secrets-du-peuple-maya-decouvrez-le-popol-vuh-tresor-lhumanite\/\" \/>\n<meta property=\"og:locale\" content=\"en_US\" \/>\n<meta property=\"og:type\" content=\"article\" \/>\n<meta property=\"og:title\" content=\"Le mus\u00e9e Popol Vuh et le parc de Cop\u00e1n, deux des sc\u00e8nes mayas \u00e0 ne manquer sous aucun pr\u00e9texte\" \/>\n<meta property=\"og:description\" content=\"D\u00e9couvrez l&#039;authenticit\u00e9 de la civilisation maya en visitant le mus\u00e9e Popol Vuh et le parc arch\u00e9ologique de Cop\u00e1n, sc\u00e8nes pr\u00e9-colombiennes incontournables\" \/>\n<meta property=\"og:url\" content=\"https:\/\/www.visitcentroamerica.com\/sala-prensa\/en\/travel\/avez-vous-deja-entendu-parler-du-livre-regroupant-tous-les-secrets-du-peuple-maya-decouvrez-le-popol-vuh-tresor-lhumanite\/\" \/>\n<meta property=\"og:site_name\" content=\"Sala de prensa\" \/>\n<meta property=\"article:published_time\" content=\"2018-11-12T07:25:23+00:00\" \/>\n<meta property=\"article:modified_time\" content=\"2020-08-17T12:46:39+00:00\" \/>\n<meta property=\"og:image\" content=\"https:\/\/www.visitcentroamerica.com\/sala-prensa\/wp-content\/uploads\/2018\/11\/parque-arqueologico-copan-1.jpg\" \/>\n\t<meta property=\"og:image:width\" content=\"376\" \/>\n\t<meta property=\"og:image:height\" content=\"282\" \/>\n\t<meta property=\"og:image:type\" content=\"image\/jpeg\" \/>\n<meta name=\"author\" content=\"Denis Alvarado\" \/>\n<meta name=\"twitter:card\" content=\"summary_large_image\" \/>\n<meta name=\"twitter:label1\" content=\"Written by\" \/>\n\t<meta name=\"twitter:data1\" content=\"Denis Alvarado\" \/>\n\t<meta name=\"twitter:label2\" content=\"Est. reading time\" \/>\n\t<meta name=\"twitter:data2\" content=\"2 minutes\" \/>\n<script type=\"application\/ld+json\" class=\"yoast-schema-graph\">{\"@context\":\"https:\\\/\\\/schema.org\",\"@graph\":[{\"@type\":\"Article\",\"@id\":\"https:\\\/\\\/www.visitcentroamerica.com\\\/sala-prensa\\\/en\\\/travel\\\/avez-vous-deja-entendu-parler-du-livre-regroupant-tous-les-secrets-du-peuple-maya-decouvrez-le-popol-vuh-tresor-lhumanite\\\/#article\",\"isPartOf\":{\"@id\":\"https:\\\/\\\/www.visitcentroamerica.com\\\/sala-prensa\\\/en\\\/travel\\\/avez-vous-deja-entendu-parler-du-livre-regroupant-tous-les-secrets-du-peuple-maya-decouvrez-le-popol-vuh-tresor-lhumanite\\\/\"},\"author\":{\"name\":\"Denis Alvarado\",\"@id\":\"https:\\\/\\\/www.visitcentroamerica.com\\\/sala-prensa\\\/en\\\/#\\\/schema\\\/person\\\/0aa3bd0dbaabaead6089ee3dd0cd7ae5\"},\"headline\":\"Avez-vous d\u00e9j\u00e0 entendu parler du livre regroupant tous les secrets du peuple maya ? D\u00e9couvrez le Popol Vuh, un tr\u00e9sor de l\u2019humanit\u00e9 !\",\"datePublished\":\"2018-11-12T07:25:23+00:00\",\"dateModified\":\"2020-08-17T12:46:39+00:00\",\"mainEntityOfPage\":{\"@id\":\"https:\\\/\\\/www.visitcentroamerica.com\\\/sala-prensa\\\/en\\\/travel\\\/avez-vous-deja-entendu-parler-du-livre-regroupant-tous-les-secrets-du-peuple-maya-decouvrez-le-popol-vuh-tresor-lhumanite\\\/\"},\"wordCount\":376,\"commentCount\":0,\"image\":{\"@id\":\"https:\\\/\\\/www.visitcentroamerica.com\\\/sala-prensa\\\/en\\\/travel\\\/avez-vous-deja-entendu-parler-du-livre-regroupant-tous-les-secrets-du-peuple-maya-decouvrez-le-popol-vuh-tresor-lhumanite\\\/#primaryimage\"},\"thumbnailUrl\":\"https:\\\/\\\/www.visitcentroamerica.com\\\/sala-prensa\\\/wp-content\\\/uploads\\\/2018\\\/11\\\/parque-arqueologico-copan-1.jpg\",\"articleSection\":[\"Travel\"],\"inLanguage\":\"en-US\",\"potentialAction\":[{\"@type\":\"CommentAction\",\"name\":\"Comment\",\"target\":[\"https:\\\/\\\/www.visitcentroamerica.com\\\/sala-prensa\\\/en\\\/travel\\\/avez-vous-deja-entendu-parler-du-livre-regroupant-tous-les-secrets-du-peuple-maya-decouvrez-le-popol-vuh-tresor-lhumanite\\\/#respond\"]}]},{\"@type\":\"WebPage\",\"@id\":\"https:\\\/\\\/www.visitcentroamerica.com\\\/sala-prensa\\\/en\\\/travel\\\/avez-vous-deja-entendu-parler-du-livre-regroupant-tous-les-secrets-du-peuple-maya-decouvrez-le-popol-vuh-tresor-lhumanite\\\/\",\"url\":\"https:\\\/\\\/www.visitcentroamerica.com\\\/sala-prensa\\\/en\\\/travel\\\/avez-vous-deja-entendu-parler-du-livre-regroupant-tous-les-secrets-du-peuple-maya-decouvrez-le-popol-vuh-tresor-lhumanite\\\/\",\"name\":\"Le mus\u00e9e Popol Vuh et le parc de Cop\u00e1n, deux des sc\u00e8nes mayas \u00e0 ne manquer sous aucun pr\u00e9texte\",\"isPartOf\":{\"@id\":\"https:\\\/\\\/www.visitcentroamerica.com\\\/sala-prensa\\\/en\\\/#website\"},\"primaryImageOfPage\":{\"@id\":\"https:\\\/\\\/www.visitcentroamerica.com\\\/sala-prensa\\\/en\\\/travel\\\/avez-vous-deja-entendu-parler-du-livre-regroupant-tous-les-secrets-du-peuple-maya-decouvrez-le-popol-vuh-tresor-lhumanite\\\/#primaryimage\"},\"image\":{\"@id\":\"https:\\\/\\\/www.visitcentroamerica.com\\\/sala-prensa\\\/en\\\/travel\\\/avez-vous-deja-entendu-parler-du-livre-regroupant-tous-les-secrets-du-peuple-maya-decouvrez-le-popol-vuh-tresor-lhumanite\\\/#primaryimage\"},\"thumbnailUrl\":\"https:\\\/\\\/www.visitcentroamerica.com\\\/sala-prensa\\\/wp-content\\\/uploads\\\/2018\\\/11\\\/parque-arqueologico-copan-1.jpg\",\"datePublished\":\"2018-11-12T07:25:23+00:00\",\"dateModified\":\"2020-08-17T12:46:39+00:00\",\"author\":{\"@id\":\"https:\\\/\\\/www.visitcentroamerica.com\\\/sala-prensa\\\/en\\\/#\\\/schema\\\/person\\\/0aa3bd0dbaabaead6089ee3dd0cd7ae5\"},\"description\":\"D\u00e9couvrez l'authenticit\u00e9 de la civilisation maya en visitant le mus\u00e9e Popol Vuh et le parc arch\u00e9ologique de Cop\u00e1n, sc\u00e8nes pr\u00e9-colombiennes incontournables\",\"breadcrumb\":{\"@id\":\"https:\\\/\\\/www.visitcentroamerica.com\\\/sala-prensa\\\/en\\\/travel\\\/avez-vous-deja-entendu-parler-du-livre-regroupant-tous-les-secrets-du-peuple-maya-decouvrez-le-popol-vuh-tresor-lhumanite\\\/#breadcrumb\"},\"inLanguage\":\"en-US\",\"potentialAction\":[{\"@type\":\"ReadAction\",\"target\":[\"https:\\\/\\\/www.visitcentroamerica.com\\\/sala-prensa\\\/en\\\/travel\\\/avez-vous-deja-entendu-parler-du-livre-regroupant-tous-les-secrets-du-peuple-maya-decouvrez-le-popol-vuh-tresor-lhumanite\\\/\"]}]},{\"@type\":\"ImageObject\",\"inLanguage\":\"en-US\",\"@id\":\"https:\\\/\\\/www.visitcentroamerica.com\\\/sala-prensa\\\/en\\\/travel\\\/avez-vous-deja-entendu-parler-du-livre-regroupant-tous-les-secrets-du-peuple-maya-decouvrez-le-popol-vuh-tresor-lhumanite\\\/#primaryimage\",\"url\":\"https:\\\/\\\/www.visitcentroamerica.com\\\/sala-prensa\\\/wp-content\\\/uploads\\\/2018\\\/11\\\/parque-arqueologico-copan-1.jpg\",\"contentUrl\":\"https:\\\/\\\/www.visitcentroamerica.com\\\/sala-prensa\\\/wp-content\\\/uploads\\\/2018\\\/11\\\/parque-arqueologico-copan-1.jpg\",\"width\":376,\"height\":282,\"caption\":\"Parque Arqueol\u00f3gico Cop\u00e1n\"},{\"@type\":\"BreadcrumbList\",\"@id\":\"https:\\\/\\\/www.visitcentroamerica.com\\\/sala-prensa\\\/en\\\/travel\\\/avez-vous-deja-entendu-parler-du-livre-regroupant-tous-les-secrets-du-peuple-maya-decouvrez-le-popol-vuh-tresor-lhumanite\\\/#breadcrumb\",\"itemListElement\":[{\"@type\":\"ListItem\",\"position\":1,\"name\":\"Portada\",\"item\":\"https:\\\/\\\/www.visitcentroamerica.com\\\/sala-prensa\\\/en\\\/\"},{\"@type\":\"ListItem\",\"position\":2,\"name\":\"Avez-vous d\u00e9j\u00e0 entendu parler du livre regroupant tous les secrets du peuple maya ? D\u00e9couvrez le Popol Vuh, un tr\u00e9sor de l\u2019humanit\u00e9 !\"}]},{\"@type\":\"WebSite\",\"@id\":\"https:\\\/\\\/www.visitcentroamerica.com\\\/sala-prensa\\\/en\\\/#website\",\"url\":\"https:\\\/\\\/www.visitcentroamerica.com\\\/sala-prensa\\\/en\\\/\",\"name\":\"Sala de prensa\",\"description\":\"\",\"potentialAction\":[{\"@type\":\"SearchAction\",\"target\":{\"@type\":\"EntryPoint\",\"urlTemplate\":\"https:\\\/\\\/www.visitcentroamerica.com\\\/sala-prensa\\\/en\\\/?s={search_term_string}\"},\"query-input\":{\"@type\":\"PropertyValueSpecification\",\"valueRequired\":true,\"valueName\":\"search_term_string\"}}],\"inLanguage\":\"en-US\"},{\"@type\":\"Person\",\"@id\":\"https:\\\/\\\/www.visitcentroamerica.com\\\/sala-prensa\\\/en\\\/#\\\/schema\\\/person\\\/0aa3bd0dbaabaead6089ee3dd0cd7ae5\",\"name\":\"Denis Alvarado\",\"image\":{\"@type\":\"ImageObject\",\"inLanguage\":\"en-US\",\"@id\":\"https:\\\/\\\/secure.gravatar.com\\\/avatar\\\/c31f0697f6edb7c68d5dedc2ccbd548d2a9f73aa293e81c6a1425229ec4c9135?s=96&d=mm&r=g\",\"url\":\"https:\\\/\\\/secure.gravatar.com\\\/avatar\\\/c31f0697f6edb7c68d5dedc2ccbd548d2a9f73aa293e81c6a1425229ec4c9135?s=96&d=mm&r=g\",\"contentUrl\":\"https:\\\/\\\/secure.gravatar.com\\\/avatar\\\/c31f0697f6edb7c68d5dedc2ccbd548d2a9f73aa293e81c6a1425229ec4c9135?s=96&d=mm&r=g\",\"caption\":\"Denis Alvarado\"},\"url\":\"https:\\\/\\\/www.visitcentroamerica.com\\\/sala-prensa\\\/en\\\/author\\\/denis\\\/\"}]}<\/script>\n<!-- \/ Yoast SEO plugin. -->","yoast_head_json":{"title":"Le mus\u00e9e Popol Vuh et le parc de Cop\u00e1n, deux des sc\u00e8nes mayas \u00e0 ne manquer sous aucun pr\u00e9texte","description":"D\u00e9couvrez l'authenticit\u00e9 de la civilisation maya en visitant le mus\u00e9e Popol Vuh et le parc arch\u00e9ologique de Cop\u00e1n, sc\u00e8nes pr\u00e9-colombiennes incontournables","robots":{"index":"index","follow":"follow","max-snippet":"max-snippet:-1","max-image-preview":"max-image-preview:large","max-video-preview":"max-video-preview:-1"},"canonical":"https:\/\/www.visitcentroamerica.com\/sala-prensa\/en\/travel\/avez-vous-deja-entendu-parler-du-livre-regroupant-tous-les-secrets-du-peuple-maya-decouvrez-le-popol-vuh-tresor-lhumanite\/","og_locale":"en_US","og_type":"article","og_title":"Le mus\u00e9e Popol Vuh et le parc de Cop\u00e1n, deux des sc\u00e8nes mayas \u00e0 ne manquer sous aucun pr\u00e9texte","og_description":"D\u00e9couvrez l'authenticit\u00e9 de la civilisation maya en visitant le mus\u00e9e Popol Vuh et le parc arch\u00e9ologique de Cop\u00e1n, sc\u00e8nes pr\u00e9-colombiennes incontournables","og_url":"https:\/\/www.visitcentroamerica.com\/sala-prensa\/en\/travel\/avez-vous-deja-entendu-parler-du-livre-regroupant-tous-les-secrets-du-peuple-maya-decouvrez-le-popol-vuh-tresor-lhumanite\/","og_site_name":"Sala de prensa","article_published_time":"2018-11-12T07:25:23+00:00","article_modified_time":"2020-08-17T12:46:39+00:00","og_image":[{"width":376,"height":282,"url":"https:\/\/www.visitcentroamerica.com\/sala-prensa\/wp-content\/uploads\/2018\/11\/parque-arqueologico-copan-1.jpg","type":"image\/jpeg"}],"author":"Denis Alvarado","twitter_card":"summary_large_image","twitter_misc":{"Written by":"Denis Alvarado","Est. reading time":"2 minutes"},"schema":{"@context":"https:\/\/schema.org","@graph":[{"@type":"Article","@id":"https:\/\/www.visitcentroamerica.com\/sala-prensa\/en\/travel\/avez-vous-deja-entendu-parler-du-livre-regroupant-tous-les-secrets-du-peuple-maya-decouvrez-le-popol-vuh-tresor-lhumanite\/#article","isPartOf":{"@id":"https:\/\/www.visitcentroamerica.com\/sala-prensa\/en\/travel\/avez-vous-deja-entendu-parler-du-livre-regroupant-tous-les-secrets-du-peuple-maya-decouvrez-le-popol-vuh-tresor-lhumanite\/"},"author":{"name":"Denis Alvarado","@id":"https:\/\/www.visitcentroamerica.com\/sala-prensa\/en\/#\/schema\/person\/0aa3bd0dbaabaead6089ee3dd0cd7ae5"},"headline":"Avez-vous d\u00e9j\u00e0 entendu parler du livre regroupant tous les secrets du peuple maya ? D\u00e9couvrez le Popol Vuh, un tr\u00e9sor de l\u2019humanit\u00e9 !","datePublished":"2018-11-12T07:25:23+00:00","dateModified":"2020-08-17T12:46:39+00:00","mainEntityOfPage":{"@id":"https:\/\/www.visitcentroamerica.com\/sala-prensa\/en\/travel\/avez-vous-deja-entendu-parler-du-livre-regroupant-tous-les-secrets-du-peuple-maya-decouvrez-le-popol-vuh-tresor-lhumanite\/"},"wordCount":376,"commentCount":0,"image":{"@id":"https:\/\/www.visitcentroamerica.com\/sala-prensa\/en\/travel\/avez-vous-deja-entendu-parler-du-livre-regroupant-tous-les-secrets-du-peuple-maya-decouvrez-le-popol-vuh-tresor-lhumanite\/#primaryimage"},"thumbnailUrl":"https:\/\/www.visitcentroamerica.com\/sala-prensa\/wp-content\/uploads\/2018\/11\/parque-arqueologico-copan-1.jpg","articleSection":["Travel"],"inLanguage":"en-US","potentialAction":[{"@type":"CommentAction","name":"Comment","target":["https:\/\/www.visitcentroamerica.com\/sala-prensa\/en\/travel\/avez-vous-deja-entendu-parler-du-livre-regroupant-tous-les-secrets-du-peuple-maya-decouvrez-le-popol-vuh-tresor-lhumanite\/#respond"]}]},{"@type":"WebPage","@id":"https:\/\/www.visitcentroamerica.com\/sala-prensa\/en\/travel\/avez-vous-deja-entendu-parler-du-livre-regroupant-tous-les-secrets-du-peuple-maya-decouvrez-le-popol-vuh-tresor-lhumanite\/","url":"https:\/\/www.visitcentroamerica.com\/sala-prensa\/en\/travel\/avez-vous-deja-entendu-parler-du-livre-regroupant-tous-les-secrets-du-peuple-maya-decouvrez-le-popol-vuh-tresor-lhumanite\/","name":"Le mus\u00e9e Popol Vuh et le parc de Cop\u00e1n, deux des sc\u00e8nes mayas \u00e0 ne manquer sous aucun pr\u00e9texte","isPartOf":{"@id":"https:\/\/www.visitcentroamerica.com\/sala-prensa\/en\/#website"},"primaryImageOfPage":{"@id":"https:\/\/www.visitcentroamerica.com\/sala-prensa\/en\/travel\/avez-vous-deja-entendu-parler-du-livre-regroupant-tous-les-secrets-du-peuple-maya-decouvrez-le-popol-vuh-tresor-lhumanite\/#primaryimage"},"image":{"@id":"https:\/\/www.visitcentroamerica.com\/sala-prensa\/en\/travel\/avez-vous-deja-entendu-parler-du-livre-regroupant-tous-les-secrets-du-peuple-maya-decouvrez-le-popol-vuh-tresor-lhumanite\/#primaryimage"},"thumbnailUrl":"https:\/\/www.visitcentroamerica.com\/sala-prensa\/wp-content\/uploads\/2018\/11\/parque-arqueologico-copan-1.jpg","datePublished":"2018-11-12T07:25:23+00:00","dateModified":"2020-08-17T12:46:39+00:00","author":{"@id":"https:\/\/www.visitcentroamerica.com\/sala-prensa\/en\/#\/schema\/person\/0aa3bd0dbaabaead6089ee3dd0cd7ae5"},"description":"D\u00e9couvrez l'authenticit\u00e9 de la civilisation maya en visitant le mus\u00e9e Popol Vuh et le parc arch\u00e9ologique de Cop\u00e1n, sc\u00e8nes pr\u00e9-colombiennes incontournables","breadcrumb":{"@id":"https:\/\/www.visitcentroamerica.com\/sala-prensa\/en\/travel\/avez-vous-deja-entendu-parler-du-livre-regroupant-tous-les-secrets-du-peuple-maya-decouvrez-le-popol-vuh-tresor-lhumanite\/#breadcrumb"},"inLanguage":"en-US","potentialAction":[{"@type":"ReadAction","target":["https:\/\/www.visitcentroamerica.com\/sala-prensa\/en\/travel\/avez-vous-deja-entendu-parler-du-livre-regroupant-tous-les-secrets-du-peuple-maya-decouvrez-le-popol-vuh-tresor-lhumanite\/"]}]},{"@type":"ImageObject","inLanguage":"en-US","@id":"https:\/\/www.visitcentroamerica.com\/sala-prensa\/en\/travel\/avez-vous-deja-entendu-parler-du-livre-regroupant-tous-les-secrets-du-peuple-maya-decouvrez-le-popol-vuh-tresor-lhumanite\/#primaryimage","url":"https:\/\/www.visitcentroamerica.com\/sala-prensa\/wp-content\/uploads\/2018\/11\/parque-arqueologico-copan-1.jpg","contentUrl":"https:\/\/www.visitcentroamerica.com\/sala-prensa\/wp-content\/uploads\/2018\/11\/parque-arqueologico-copan-1.jpg","width":376,"height":282,"caption":"Parque Arqueol\u00f3gico Cop\u00e1n"},{"@type":"BreadcrumbList","@id":"https:\/\/www.visitcentroamerica.com\/sala-prensa\/en\/travel\/avez-vous-deja-entendu-parler-du-livre-regroupant-tous-les-secrets-du-peuple-maya-decouvrez-le-popol-vuh-tresor-lhumanite\/#breadcrumb","itemListElement":[{"@type":"ListItem","position":1,"name":"Portada","item":"https:\/\/www.visitcentroamerica.com\/sala-prensa\/en\/"},{"@type":"ListItem","position":2,"name":"Avez-vous d\u00e9j\u00e0 entendu parler du livre regroupant tous les secrets du peuple maya ? D\u00e9couvrez le Popol Vuh, un tr\u00e9sor de l\u2019humanit\u00e9 !"}]},{"@type":"WebSite","@id":"https:\/\/www.visitcentroamerica.com\/sala-prensa\/en\/#website","url":"https:\/\/www.visitcentroamerica.com\/sala-prensa\/en\/","name":"Sala de prensa","description":"","potentialAction":[{"@type":"SearchAction","target":{"@type":"EntryPoint","urlTemplate":"https:\/\/www.visitcentroamerica.com\/sala-prensa\/en\/?s={search_term_string}"},"query-input":{"@type":"PropertyValueSpecification","valueRequired":true,"valueName":"search_term_string"}}],"inLanguage":"en-US"},{"@type":"Person","@id":"https:\/\/www.visitcentroamerica.com\/sala-prensa\/en\/#\/schema\/person\/0aa3bd0dbaabaead6089ee3dd0cd7ae5","name":"Denis Alvarado","image":{"@type":"ImageObject","inLanguage":"en-US","@id":"https:\/\/secure.gravatar.com\/avatar\/c31f0697f6edb7c68d5dedc2ccbd548d2a9f73aa293e81c6a1425229ec4c9135?s=96&d=mm&r=g","url":"https:\/\/secure.gravatar.com\/avatar\/c31f0697f6edb7c68d5dedc2ccbd548d2a9f73aa293e81c6a1425229ec4c9135?s=96&d=mm&r=g","contentUrl":"https:\/\/secure.gravatar.com\/avatar\/c31f0697f6edb7c68d5dedc2ccbd548d2a9f73aa293e81c6a1425229ec4c9135?s=96&d=mm&r=g","caption":"Denis Alvarado"},"url":"https:\/\/www.visitcentroamerica.com\/sala-prensa\/en\/author\/denis\/"}]}},"_links":{"self":[{"href":"https:\/\/www.visitcentroamerica.com\/sala-prensa\/en\/wp-json\/wp\/v2\/posts\/7729","targetHints":{"allow":["GET"]}}],"collection":[{"href":"https:\/\/www.visitcentroamerica.com\/sala-prensa\/en\/wp-json\/wp\/v2\/posts"}],"about":[{"href":"https:\/\/www.visitcentroamerica.com\/sala-prensa\/en\/wp-json\/wp\/v2\/types\/post"}],"author":[{"embeddable":true,"href":"https:\/\/www.visitcentroamerica.com\/sala-prensa\/en\/wp-json\/wp\/v2\/users\/5"}],"replies":[{"embeddable":true,"href":"https:\/\/www.visitcentroamerica.com\/sala-prensa\/en\/wp-json\/wp\/v2\/comments?post=7729"}],"version-history":[{"count":1,"href":"https:\/\/www.visitcentroamerica.com\/sala-prensa\/en\/wp-json\/wp\/v2\/posts\/7729\/revisions"}],"predecessor-version":[{"id":9454,"href":"https:\/\/www.visitcentroamerica.com\/sala-prensa\/en\/wp-json\/wp\/v2\/posts\/7729\/revisions\/9454"}],"wp:featuredmedia":[{"embeddable":true,"href":"https:\/\/www.visitcentroamerica.com\/sala-prensa\/en\/wp-json\/wp\/v2\/media\/9932"}],"wp:attachment":[{"href":"https:\/\/www.visitcentroamerica.com\/sala-prensa\/en\/wp-json\/wp\/v2\/media?parent=7729"}],"wp:term":[{"taxonomy":"category","embeddable":true,"href":"https:\/\/www.visitcentroamerica.com\/sala-prensa\/en\/wp-json\/wp\/v2\/categories?post=7729"},{"taxonomy":"post_tag","embeddable":true,"href":"https:\/\/www.visitcentroamerica.com\/sala-prensa\/en\/wp-json\/wp\/v2\/tags?post=7729"}],"curies":[{"name":"wp","href":"https:\/\/api.w.org\/{rel}","templated":true}]}}