{"id":15626,"date":"2024-06-26T11:33:28","date_gmt":"2024-06-26T09:33:28","guid":{"rendered":"https:\/\/www.visitcentroamerica.com\/sala-prensa\/?p=15626"},"modified":"2024-07-12T11:36:41","modified_gmt":"2024-07-12T09:36:41","slug":"air-europa-strengthens-connectivity-between-europe-and-the-dominican-republic-with-a-new-air-route","status":"publish","type":"post","link":"https:\/\/www.visitcentroamerica.com\/sala-prensa\/en\/lastest-news\/air-europa-strengthens-connectivity-between-europe-and-the-dominican-republic-with-a-new-air-route\/","title":{"rendered":"Air Europa strengthens connectivity between Europe and the Dominican Republic with a new air route."},"content":{"rendered":"<p><img loading=\"lazy\" decoding=\"async\" class=\"alignnone size-full wp-image-15623\" src=\"https:\/\/www.visitcentroamerica.com\/sala-prensa\/wp-content\/uploads\/2024\/07\/primer-vuelo-desde-europa-a-santiago.jpg\" alt=\"Primer vuelo desde Europa a Santiago\" width=\"1200\" height=\"600\" srcset=\"https:\/\/www.visitcentroamerica.com\/sala-prensa\/wp-content\/uploads\/2024\/07\/primer-vuelo-desde-europa-a-santiago.jpg 1200w, https:\/\/www.visitcentroamerica.com\/sala-prensa\/wp-content\/uploads\/2024\/07\/primer-vuelo-desde-europa-a-santiago-300x150.jpg 300w, https:\/\/www.visitcentroamerica.com\/sala-prensa\/wp-content\/uploads\/2024\/07\/primer-vuelo-desde-europa-a-santiago-1024x512.jpg 1024w, https:\/\/www.visitcentroamerica.com\/sala-prensa\/wp-content\/uploads\/2024\/07\/primer-vuelo-desde-europa-a-santiago-768x384.jpg 768w, https:\/\/www.visitcentroamerica.com\/sala-prensa\/wp-content\/uploads\/2024\/07\/primer-vuelo-desde-europa-a-santiago-696x348.jpg 696w, https:\/\/www.visitcentroamerica.com\/sala-prensa\/wp-content\/uploads\/2024\/07\/primer-vuelo-desde-europa-a-santiago-1068x534.jpg 1068w, https:\/\/www.visitcentroamerica.com\/sala-prensa\/wp-content\/uploads\/2024\/07\/primer-vuelo-desde-europa-a-santiago-840x420.jpg 840w, https:\/\/www.visitcentroamerica.com\/sala-prensa\/wp-content\/uploads\/2024\/07\/primer-vuelo-desde-europa-a-santiago-500x250.jpg 500w\" sizes=\"auto, (max-width: 1200px) 100vw, 1200px\" \/><\/p>\n<p>Air Europa ha inaugurado una significativa ruta a\u00e9rea que conecta Santiago de los Caballeros, en la Rep\u00fablica Dominicana, con Madrid, Espa\u00f1a. Con dos frecuencias semanales, los jueves y s\u00e1bados, esta conexi\u00f3n mejora notablemente la accesibilidad del turismo europeo hacia los destinos de la regi\u00f3n SICA, abriendo nuevas puertas para el intercambio cultural y econ\u00f3mico.<\/p>\n<p>The inaugural flight symbolises not only an air bridge between the two nations but also the airline&#8217;s commitment to the tourism and economic development of the Cibao region. In addition, Madrid consolidates its position as a key European hub, facilitating the flow of tourism and commercial and cultural exchanges in the area.<\/p>\n<p>Air Europa is expanding its network of destinations, consolidating its position as a leader in connections between Latin America and Europe. With this new addition, the airline now operates fourteen weekly flights to the Dominican Republic, including the Santo Domingo and Punta Cana routes, reinforcing its presence in the Caribbean.<\/p>\n<p>This direct link between Santiago de los Caballeros and Madrid shortens distances and marks a significant step towards greater integration between the Dominican Republic and Europe. It promises considerable benefits for tourists and the business sector in both regions.<\/p>\n","protected":false},"excerpt":{"rendered":"<p>Air Europa ha inaugurado una significativa ruta a\u00e9rea que conecta Santiago de los Caballeros, en la Rep\u00fablica Dominicana, con Madrid, Espa\u00f1a. Con dos frecuencias semanales, los jueves y s\u00e1bados, esta conexi\u00f3n mejora notablemente la accesibilidad del turismo europeo hacia los destinos de la regi\u00f3n SICA, abriendo nuevas puertas para el intercambio cultural y econ\u00f3mico. The [&hellip;]<\/p>\n","protected":false},"author":5,"featured_media":15624,"comment_status":"open","ping_status":"closed","sticky":false,"template":"","format":"standard","meta":{"footnotes":""},"categories":[83,68],"tags":[],"class_list":{"0":"post-15626","1":"post","2":"type-post","3":"status-publish","4":"format-standard","5":"has-post-thumbnail","7":"category-dominican-republic","8":"category-lastest-news"},"yoast_head":"<!-- This site is optimized with the Yoast SEO plugin v27.3 - https:\/\/yoast.com\/product\/yoast-seo-wordpress\/ -->\n<title>Air Europa strengthens connectivity between Europe and the Dominican Republic with a new air route. - Sala de prensa<\/title>\n<meta name=\"robots\" content=\"index, follow, max-snippet:-1, max-image-preview:large, max-video-preview:-1\" \/>\n<link rel=\"canonical\" href=\"https:\/\/www.visitcentroamerica.com\/sala-prensa\/en\/lastest-news\/air-europa-strengthens-connectivity-between-europe-and-the-dominican-republic-with-a-new-air-route\/\" \/>\n<meta property=\"og:locale\" content=\"en_US\" \/>\n<meta property=\"og:type\" content=\"article\" \/>\n<meta property=\"og:title\" content=\"Air Europa strengthens connectivity between Europe and the Dominican Republic with a new air route. - Sala de prensa\" \/>\n<meta property=\"og:description\" content=\"Air Europa ha inaugurado una significativa ruta a\u00e9rea que conecta Santiago de los Caballeros, en la Rep\u00fablica Dominicana, con Madrid, Espa\u00f1a. Con dos frecuencias semanales, los jueves y s\u00e1bados, esta conexi\u00f3n mejora notablemente la accesibilidad del turismo europeo hacia los destinos de la regi\u00f3n SICA, abriendo nuevas puertas para el intercambio cultural y econ\u00f3mico. The [&hellip;]\" \/>\n<meta property=\"og:url\" content=\"https:\/\/www.visitcentroamerica.com\/sala-prensa\/en\/lastest-news\/air-europa-strengthens-connectivity-between-europe-and-the-dominican-republic-with-a-new-air-route\/\" \/>\n<meta property=\"og:site_name\" content=\"Sala de prensa\" \/>\n<meta property=\"article:published_time\" content=\"2024-06-26T09:33:28+00:00\" \/>\n<meta property=\"article:modified_time\" content=\"2024-07-12T09:36:41+00:00\" \/>\n<meta property=\"og:image\" content=\"https:\/\/www.visitcentroamerica.com\/sala-prensa\/wp-content\/uploads\/2024\/07\/primer-vuelo-desde-europa-a-santiago.jpg\" \/>\n\t<meta property=\"og:image:width\" content=\"1200\" \/>\n\t<meta property=\"og:image:height\" content=\"600\" \/>\n\t<meta property=\"og:image:type\" content=\"image\/jpeg\" \/>\n<meta name=\"author\" content=\"Denis Alvarado\" \/>\n<meta name=\"twitter:card\" content=\"summary_large_image\" \/>\n<meta name=\"twitter:label1\" content=\"Written by\" \/>\n\t<meta name=\"twitter:data1\" content=\"Denis Alvarado\" \/>\n\t<meta name=\"twitter:label2\" content=\"Est. reading time\" \/>\n\t<meta name=\"twitter:data2\" content=\"2 minutes\" \/>\n<script type=\"application\/ld+json\" class=\"yoast-schema-graph\">{\"@context\":\"https:\\\/\\\/schema.org\",\"@graph\":[{\"@type\":\"Article\",\"@id\":\"https:\\\/\\\/www.visitcentroamerica.com\\\/sala-prensa\\\/en\\\/lastest-news\\\/air-europa-strengthens-connectivity-between-europe-and-the-dominican-republic-with-a-new-air-route\\\/#article\",\"isPartOf\":{\"@id\":\"https:\\\/\\\/www.visitcentroamerica.com\\\/sala-prensa\\\/en\\\/lastest-news\\\/air-europa-strengthens-connectivity-between-europe-and-the-dominican-republic-with-a-new-air-route\\\/\"},\"author\":{\"name\":\"Denis Alvarado\",\"@id\":\"https:\\\/\\\/www.visitcentroamerica.com\\\/sala-prensa\\\/en\\\/#\\\/schema\\\/person\\\/0aa3bd0dbaabaead6089ee3dd0cd7ae5\"},\"headline\":\"Air Europa strengthens connectivity between Europe and the Dominican Republic with a new air route.\",\"datePublished\":\"2024-06-26T09:33:28+00:00\",\"dateModified\":\"2024-07-12T09:36:41+00:00\",\"mainEntityOfPage\":{\"@id\":\"https:\\\/\\\/www.visitcentroamerica.com\\\/sala-prensa\\\/en\\\/lastest-news\\\/air-europa-strengthens-connectivity-between-europe-and-the-dominican-republic-with-a-new-air-route\\\/\"},\"wordCount\":218,\"commentCount\":0,\"image\":{\"@id\":\"https:\\\/\\\/www.visitcentroamerica.com\\\/sala-prensa\\\/en\\\/lastest-news\\\/air-europa-strengthens-connectivity-between-europe-and-the-dominican-republic-with-a-new-air-route\\\/#primaryimage\"},\"thumbnailUrl\":\"https:\\\/\\\/www.visitcentroamerica.com\\\/sala-prensa\\\/wp-content\\\/uploads\\\/2024\\\/07\\\/primer-vuelo-desde-europa-a-santiago.jpg\",\"articleSection\":[\"Dominican Republic\",\"Lastest news\"],\"inLanguage\":\"en-US\",\"potentialAction\":[{\"@type\":\"CommentAction\",\"name\":\"Comment\",\"target\":[\"https:\\\/\\\/www.visitcentroamerica.com\\\/sala-prensa\\\/en\\\/lastest-news\\\/air-europa-strengthens-connectivity-between-europe-and-the-dominican-republic-with-a-new-air-route\\\/#respond\"]}]},{\"@type\":\"WebPage\",\"@id\":\"https:\\\/\\\/www.visitcentroamerica.com\\\/sala-prensa\\\/en\\\/lastest-news\\\/air-europa-strengthens-connectivity-between-europe-and-the-dominican-republic-with-a-new-air-route\\\/\",\"url\":\"https:\\\/\\\/www.visitcentroamerica.com\\\/sala-prensa\\\/en\\\/lastest-news\\\/air-europa-strengthens-connectivity-between-europe-and-the-dominican-republic-with-a-new-air-route\\\/\",\"name\":\"Air Europa strengthens connectivity between Europe and the Dominican Republic with a new air route. - Sala de prensa\",\"isPartOf\":{\"@id\":\"https:\\\/\\\/www.visitcentroamerica.com\\\/sala-prensa\\\/en\\\/#website\"},\"primaryImageOfPage\":{\"@id\":\"https:\\\/\\\/www.visitcentroamerica.com\\\/sala-prensa\\\/en\\\/lastest-news\\\/air-europa-strengthens-connectivity-between-europe-and-the-dominican-republic-with-a-new-air-route\\\/#primaryimage\"},\"image\":{\"@id\":\"https:\\\/\\\/www.visitcentroamerica.com\\\/sala-prensa\\\/en\\\/lastest-news\\\/air-europa-strengthens-connectivity-between-europe-and-the-dominican-republic-with-a-new-air-route\\\/#primaryimage\"},\"thumbnailUrl\":\"https:\\\/\\\/www.visitcentroamerica.com\\\/sala-prensa\\\/wp-content\\\/uploads\\\/2024\\\/07\\\/primer-vuelo-desde-europa-a-santiago.jpg\",\"datePublished\":\"2024-06-26T09:33:28+00:00\",\"dateModified\":\"2024-07-12T09:36:41+00:00\",\"author\":{\"@id\":\"https:\\\/\\\/www.visitcentroamerica.com\\\/sala-prensa\\\/en\\\/#\\\/schema\\\/person\\\/0aa3bd0dbaabaead6089ee3dd0cd7ae5\"},\"breadcrumb\":{\"@id\":\"https:\\\/\\\/www.visitcentroamerica.com\\\/sala-prensa\\\/en\\\/lastest-news\\\/air-europa-strengthens-connectivity-between-europe-and-the-dominican-republic-with-a-new-air-route\\\/#breadcrumb\"},\"inLanguage\":\"en-US\",\"potentialAction\":[{\"@type\":\"ReadAction\",\"target\":[\"https:\\\/\\\/www.visitcentroamerica.com\\\/sala-prensa\\\/en\\\/lastest-news\\\/air-europa-strengthens-connectivity-between-europe-and-the-dominican-republic-with-a-new-air-route\\\/\"]}]},{\"@type\":\"ImageObject\",\"inLanguage\":\"en-US\",\"@id\":\"https:\\\/\\\/www.visitcentroamerica.com\\\/sala-prensa\\\/en\\\/lastest-news\\\/air-europa-strengthens-connectivity-between-europe-and-the-dominican-republic-with-a-new-air-route\\\/#primaryimage\",\"url\":\"https:\\\/\\\/www.visitcentroamerica.com\\\/sala-prensa\\\/wp-content\\\/uploads\\\/2024\\\/07\\\/primer-vuelo-desde-europa-a-santiago.jpg\",\"contentUrl\":\"https:\\\/\\\/www.visitcentroamerica.com\\\/sala-prensa\\\/wp-content\\\/uploads\\\/2024\\\/07\\\/primer-vuelo-desde-europa-a-santiago.jpg\",\"width\":1200,\"height\":600,\"caption\":\"Primer vuelo desde Europa a Santiago\"},{\"@type\":\"BreadcrumbList\",\"@id\":\"https:\\\/\\\/www.visitcentroamerica.com\\\/sala-prensa\\\/en\\\/lastest-news\\\/air-europa-strengthens-connectivity-between-europe-and-the-dominican-republic-with-a-new-air-route\\\/#breadcrumb\",\"itemListElement\":[{\"@type\":\"ListItem\",\"position\":1,\"name\":\"Portada\",\"item\":\"https:\\\/\\\/www.visitcentroamerica.com\\\/sala-prensa\\\/en\\\/\"},{\"@type\":\"ListItem\",\"position\":2,\"name\":\"Air Europa strengthens connectivity between Europe and the Dominican Republic with a new air route.\"}]},{\"@type\":\"WebSite\",\"@id\":\"https:\\\/\\\/www.visitcentroamerica.com\\\/sala-prensa\\\/en\\\/#website\",\"url\":\"https:\\\/\\\/www.visitcentroamerica.com\\\/sala-prensa\\\/en\\\/\",\"name\":\"Sala de prensa\",\"description\":\"\",\"potentialAction\":[{\"@type\":\"SearchAction\",\"target\":{\"@type\":\"EntryPoint\",\"urlTemplate\":\"https:\\\/\\\/www.visitcentroamerica.com\\\/sala-prensa\\\/en\\\/?s={search_term_string}\"},\"query-input\":{\"@type\":\"PropertyValueSpecification\",\"valueRequired\":true,\"valueName\":\"search_term_string\"}}],\"inLanguage\":\"en-US\"},{\"@type\":\"Person\",\"@id\":\"https:\\\/\\\/www.visitcentroamerica.com\\\/sala-prensa\\\/en\\\/#\\\/schema\\\/person\\\/0aa3bd0dbaabaead6089ee3dd0cd7ae5\",\"name\":\"Denis Alvarado\",\"image\":{\"@type\":\"ImageObject\",\"inLanguage\":\"en-US\",\"@id\":\"https:\\\/\\\/secure.gravatar.com\\\/avatar\\\/c31f0697f6edb7c68d5dedc2ccbd548d2a9f73aa293e81c6a1425229ec4c9135?s=96&d=mm&r=g\",\"url\":\"https:\\\/\\\/secure.gravatar.com\\\/avatar\\\/c31f0697f6edb7c68d5dedc2ccbd548d2a9f73aa293e81c6a1425229ec4c9135?s=96&d=mm&r=g\",\"contentUrl\":\"https:\\\/\\\/secure.gravatar.com\\\/avatar\\\/c31f0697f6edb7c68d5dedc2ccbd548d2a9f73aa293e81c6a1425229ec4c9135?s=96&d=mm&r=g\",\"caption\":\"Denis Alvarado\"},\"url\":\"https:\\\/\\\/www.visitcentroamerica.com\\\/sala-prensa\\\/en\\\/author\\\/denis\\\/\"}]}<\/script>\n<!-- \/ Yoast SEO plugin. -->","yoast_head_json":{"title":"Air Europa strengthens connectivity between Europe and the Dominican Republic with a new air route. - Sala de prensa","robots":{"index":"index","follow":"follow","max-snippet":"max-snippet:-1","max-image-preview":"max-image-preview:large","max-video-preview":"max-video-preview:-1"},"canonical":"https:\/\/www.visitcentroamerica.com\/sala-prensa\/en\/lastest-news\/air-europa-strengthens-connectivity-between-europe-and-the-dominican-republic-with-a-new-air-route\/","og_locale":"en_US","og_type":"article","og_title":"Air Europa strengthens connectivity between Europe and the Dominican Republic with a new air route. - Sala de prensa","og_description":"Air Europa ha inaugurado una significativa ruta a\u00e9rea que conecta Santiago de los Caballeros, en la Rep\u00fablica Dominicana, con Madrid, Espa\u00f1a. Con dos frecuencias semanales, los jueves y s\u00e1bados, esta conexi\u00f3n mejora notablemente la accesibilidad del turismo europeo hacia los destinos de la regi\u00f3n SICA, abriendo nuevas puertas para el intercambio cultural y econ\u00f3mico. The [&hellip;]","og_url":"https:\/\/www.visitcentroamerica.com\/sala-prensa\/en\/lastest-news\/air-europa-strengthens-connectivity-between-europe-and-the-dominican-republic-with-a-new-air-route\/","og_site_name":"Sala de prensa","article_published_time":"2024-06-26T09:33:28+00:00","article_modified_time":"2024-07-12T09:36:41+00:00","og_image":[{"width":1200,"height":600,"url":"https:\/\/www.visitcentroamerica.com\/sala-prensa\/wp-content\/uploads\/2024\/07\/primer-vuelo-desde-europa-a-santiago.jpg","type":"image\/jpeg"}],"author":"Denis Alvarado","twitter_card":"summary_large_image","twitter_misc":{"Written by":"Denis Alvarado","Est. reading time":"2 minutes"},"schema":{"@context":"https:\/\/schema.org","@graph":[{"@type":"Article","@id":"https:\/\/www.visitcentroamerica.com\/sala-prensa\/en\/lastest-news\/air-europa-strengthens-connectivity-between-europe-and-the-dominican-republic-with-a-new-air-route\/#article","isPartOf":{"@id":"https:\/\/www.visitcentroamerica.com\/sala-prensa\/en\/lastest-news\/air-europa-strengthens-connectivity-between-europe-and-the-dominican-republic-with-a-new-air-route\/"},"author":{"name":"Denis Alvarado","@id":"https:\/\/www.visitcentroamerica.com\/sala-prensa\/en\/#\/schema\/person\/0aa3bd0dbaabaead6089ee3dd0cd7ae5"},"headline":"Air Europa strengthens connectivity between Europe and the Dominican Republic with a new air route.","datePublished":"2024-06-26T09:33:28+00:00","dateModified":"2024-07-12T09:36:41+00:00","mainEntityOfPage":{"@id":"https:\/\/www.visitcentroamerica.com\/sala-prensa\/en\/lastest-news\/air-europa-strengthens-connectivity-between-europe-and-the-dominican-republic-with-a-new-air-route\/"},"wordCount":218,"commentCount":0,"image":{"@id":"https:\/\/www.visitcentroamerica.com\/sala-prensa\/en\/lastest-news\/air-europa-strengthens-connectivity-between-europe-and-the-dominican-republic-with-a-new-air-route\/#primaryimage"},"thumbnailUrl":"https:\/\/www.visitcentroamerica.com\/sala-prensa\/wp-content\/uploads\/2024\/07\/primer-vuelo-desde-europa-a-santiago.jpg","articleSection":["Dominican Republic","Lastest news"],"inLanguage":"en-US","potentialAction":[{"@type":"CommentAction","name":"Comment","target":["https:\/\/www.visitcentroamerica.com\/sala-prensa\/en\/lastest-news\/air-europa-strengthens-connectivity-between-europe-and-the-dominican-republic-with-a-new-air-route\/#respond"]}]},{"@type":"WebPage","@id":"https:\/\/www.visitcentroamerica.com\/sala-prensa\/en\/lastest-news\/air-europa-strengthens-connectivity-between-europe-and-the-dominican-republic-with-a-new-air-route\/","url":"https:\/\/www.visitcentroamerica.com\/sala-prensa\/en\/lastest-news\/air-europa-strengthens-connectivity-between-europe-and-the-dominican-republic-with-a-new-air-route\/","name":"Air Europa strengthens connectivity between Europe and the Dominican Republic with a new air route. - Sala de prensa","isPartOf":{"@id":"https:\/\/www.visitcentroamerica.com\/sala-prensa\/en\/#website"},"primaryImageOfPage":{"@id":"https:\/\/www.visitcentroamerica.com\/sala-prensa\/en\/lastest-news\/air-europa-strengthens-connectivity-between-europe-and-the-dominican-republic-with-a-new-air-route\/#primaryimage"},"image":{"@id":"https:\/\/www.visitcentroamerica.com\/sala-prensa\/en\/lastest-news\/air-europa-strengthens-connectivity-between-europe-and-the-dominican-republic-with-a-new-air-route\/#primaryimage"},"thumbnailUrl":"https:\/\/www.visitcentroamerica.com\/sala-prensa\/wp-content\/uploads\/2024\/07\/primer-vuelo-desde-europa-a-santiago.jpg","datePublished":"2024-06-26T09:33:28+00:00","dateModified":"2024-07-12T09:36:41+00:00","author":{"@id":"https:\/\/www.visitcentroamerica.com\/sala-prensa\/en\/#\/schema\/person\/0aa3bd0dbaabaead6089ee3dd0cd7ae5"},"breadcrumb":{"@id":"https:\/\/www.visitcentroamerica.com\/sala-prensa\/en\/lastest-news\/air-europa-strengthens-connectivity-between-europe-and-the-dominican-republic-with-a-new-air-route\/#breadcrumb"},"inLanguage":"en-US","potentialAction":[{"@type":"ReadAction","target":["https:\/\/www.visitcentroamerica.com\/sala-prensa\/en\/lastest-news\/air-europa-strengthens-connectivity-between-europe-and-the-dominican-republic-with-a-new-air-route\/"]}]},{"@type":"ImageObject","inLanguage":"en-US","@id":"https:\/\/www.visitcentroamerica.com\/sala-prensa\/en\/lastest-news\/air-europa-strengthens-connectivity-between-europe-and-the-dominican-republic-with-a-new-air-route\/#primaryimage","url":"https:\/\/www.visitcentroamerica.com\/sala-prensa\/wp-content\/uploads\/2024\/07\/primer-vuelo-desde-europa-a-santiago.jpg","contentUrl":"https:\/\/www.visitcentroamerica.com\/sala-prensa\/wp-content\/uploads\/2024\/07\/primer-vuelo-desde-europa-a-santiago.jpg","width":1200,"height":600,"caption":"Primer vuelo desde Europa a Santiago"},{"@type":"BreadcrumbList","@id":"https:\/\/www.visitcentroamerica.com\/sala-prensa\/en\/lastest-news\/air-europa-strengthens-connectivity-between-europe-and-the-dominican-republic-with-a-new-air-route\/#breadcrumb","itemListElement":[{"@type":"ListItem","position":1,"name":"Portada","item":"https:\/\/www.visitcentroamerica.com\/sala-prensa\/en\/"},{"@type":"ListItem","position":2,"name":"Air Europa strengthens connectivity between Europe and the Dominican Republic with a new air route."}]},{"@type":"WebSite","@id":"https:\/\/www.visitcentroamerica.com\/sala-prensa\/en\/#website","url":"https:\/\/www.visitcentroamerica.com\/sala-prensa\/en\/","name":"Sala de prensa","description":"","potentialAction":[{"@type":"SearchAction","target":{"@type":"EntryPoint","urlTemplate":"https:\/\/www.visitcentroamerica.com\/sala-prensa\/en\/?s={search_term_string}"},"query-input":{"@type":"PropertyValueSpecification","valueRequired":true,"valueName":"search_term_string"}}],"inLanguage":"en-US"},{"@type":"Person","@id":"https:\/\/www.visitcentroamerica.com\/sala-prensa\/en\/#\/schema\/person\/0aa3bd0dbaabaead6089ee3dd0cd7ae5","name":"Denis Alvarado","image":{"@type":"ImageObject","inLanguage":"en-US","@id":"https:\/\/secure.gravatar.com\/avatar\/c31f0697f6edb7c68d5dedc2ccbd548d2a9f73aa293e81c6a1425229ec4c9135?s=96&d=mm&r=g","url":"https:\/\/secure.gravatar.com\/avatar\/c31f0697f6edb7c68d5dedc2ccbd548d2a9f73aa293e81c6a1425229ec4c9135?s=96&d=mm&r=g","contentUrl":"https:\/\/secure.gravatar.com\/avatar\/c31f0697f6edb7c68d5dedc2ccbd548d2a9f73aa293e81c6a1425229ec4c9135?s=96&d=mm&r=g","caption":"Denis Alvarado"},"url":"https:\/\/www.visitcentroamerica.com\/sala-prensa\/en\/author\/denis\/"}]}},"_links":{"self":[{"href":"https:\/\/www.visitcentroamerica.com\/sala-prensa\/en\/wp-json\/wp\/v2\/posts\/15626","targetHints":{"allow":["GET"]}}],"collection":[{"href":"https:\/\/www.visitcentroamerica.com\/sala-prensa\/en\/wp-json\/wp\/v2\/posts"}],"about":[{"href":"https:\/\/www.visitcentroamerica.com\/sala-prensa\/en\/wp-json\/wp\/v2\/types\/post"}],"author":[{"embeddable":true,"href":"https:\/\/www.visitcentroamerica.com\/sala-prensa\/en\/wp-json\/wp\/v2\/users\/5"}],"replies":[{"embeddable":true,"href":"https:\/\/www.visitcentroamerica.com\/sala-prensa\/en\/wp-json\/wp\/v2\/comments?post=15626"}],"version-history":[{"count":1,"href":"https:\/\/www.visitcentroamerica.com\/sala-prensa\/en\/wp-json\/wp\/v2\/posts\/15626\/revisions"}],"predecessor-version":[{"id":15627,"href":"https:\/\/www.visitcentroamerica.com\/sala-prensa\/en\/wp-json\/wp\/v2\/posts\/15626\/revisions\/15627"}],"wp:featuredmedia":[{"embeddable":true,"href":"https:\/\/www.visitcentroamerica.com\/sala-prensa\/en\/wp-json\/wp\/v2\/media\/15624"}],"wp:attachment":[{"href":"https:\/\/www.visitcentroamerica.com\/sala-prensa\/en\/wp-json\/wp\/v2\/media?parent=15626"}],"wp:term":[{"taxonomy":"category","embeddable":true,"href":"https:\/\/www.visitcentroamerica.com\/sala-prensa\/en\/wp-json\/wp\/v2\/categories?post=15626"},{"taxonomy":"post_tag","embeddable":true,"href":"https:\/\/www.visitcentroamerica.com\/sala-prensa\/en\/wp-json\/wp\/v2\/tags?post=15626"}],"curies":[{"name":"wp","href":"https:\/\/api.w.org\/{rel}","templated":true}]}}