{"id":14630,"date":"2023-07-31T08:41:34","date_gmt":"2023-07-31T06:41:34","guid":{"rendered":"https:\/\/www.visitcentroamerica.com\/sala-prensa\/uncategorized\/centroamerica-y-republica-dominicana-ofrecen-un-turismo-alineado-con-el-desarrollo-economico-autoctono\/"},"modified":"2023-08-10T08:48:21","modified_gmt":"2023-08-10T06:48:21","slug":"central-america-and-dominican-republic-offer-tourism-aligned-with-indigenous-economic-development","status":"publish","type":"post","link":"https:\/\/www.visitcentroamerica.com\/sala-prensa\/en\/travel\/agrotourism\/central-america-and-dominican-republic-offer-tourism-aligned-with-indigenous-economic-development\/","title":{"rendered":"Central America and Dominican Republic offer tourism aligned with indigenous economic development"},"content":{"rendered":"<p>Environmental protection, gastronomy with ingredients from local producers or the preservation of the traditions of indigenous peoples are some of the pillars of sustainable tourism in the region.<\/p>\n<p>London, August 4, 2023- Tourism in Central America and the Dominican Republic is aligned with indigenous economic development. The offer for visitors has, among its focus, the protection of the environment of each country, cuisine prepared with ingredients grown by local producers, and the preservation of the culture and traditions of indigenous peoples. As Carolina Briones, Secretary General of the Central American Tourism Promotion Agency (CATA), points out, &#8220;We want to promote tourism that directly benefits the people of our region. Tourism is a fundamental sector not only for governments or large companies, but also for small businesses or farmers, to give two examples.<\/p>\n<p>For this reason, the countries of Central America and the Dominican Republic are promoting tourism that is in harmony with the environment. It is home to 12% of the world&#8217;s biodiversity, is the second most important bird watching area in the western hemisphere and is part of the second largest coral reef in the world. A unique tropical sanctuary, surrounded by the Pacific Ocean and the Caribbean Sea, it can be enjoyed by tourists with the utmost respect for nature and is pampered for future generations to inherit.<\/p>\n<p>&nbsp;<\/p>\n<p><img loading=\"lazy\" decoding=\"async\" class=\"alignnone size-full wp-image-14624\" src=\"https:\/\/www.visitcentroamerica.com\/sala-prensa\/wp-content\/uploads\/2023\/08\/laguna-lachua-guatemala.jpg\" alt=\"Laguna Lach\u00faa - Guatemala\" width=\"960\" height=\"643\" srcset=\"https:\/\/www.visitcentroamerica.com\/sala-prensa\/wp-content\/uploads\/2023\/08\/laguna-lachua-guatemala.jpg 960w, https:\/\/www.visitcentroamerica.com\/sala-prensa\/wp-content\/uploads\/2023\/08\/laguna-lachua-guatemala-300x201.jpg 300w, https:\/\/www.visitcentroamerica.com\/sala-prensa\/wp-content\/uploads\/2023\/08\/laguna-lachua-guatemala-768x514.jpg 768w, https:\/\/www.visitcentroamerica.com\/sala-prensa\/wp-content\/uploads\/2023\/08\/laguna-lachua-guatemala-696x466.jpg 696w, https:\/\/www.visitcentroamerica.com\/sala-prensa\/wp-content\/uploads\/2023\/08\/laguna-lachua-guatemala-627x420.jpg 627w, https:\/\/www.visitcentroamerica.com\/sala-prensa\/wp-content\/uploads\/2023\/08\/laguna-lachua-guatemala-500x335.jpg 500w\" sizes=\"auto, (max-width: 960px) 100vw, 960px\" \/><\/p>\n<p>Lachua Lagoon, Alta Verapaz, Guatemala<\/p>\n<p>In terms of gastronomic tourism, the region offers visitors a rich fusion of indigenous, African and Spanish cuisine, based on maize, an indigenous crop that forms part of the food base of the pre-Hispanic peoples of Mesoamerica who inhabited the region. In addition to maize, other products include yucca, black and red beans, peanuts, rice, chillies, avocado, cacao, pineapple, coconut, all grown by local producers, whose tourism is an important source of income.<\/p>\n<p><strong>Archaeology and ancestral heritage <\/strong><\/p>\n<p>Central America and the Dominican Republic are also home to various pre-Columbian lineages whose heritage has survived to the present day thanks to the zeal and care of the traditions and cultural expressions of their heirs, as well as the archaeological remains, which have been preserved untouched by time. The Lenca, Tolupanes, Maya Chortis, Payas, Tawahkas, Misquitos, Sumo, Rama, Ulwas, Marribio, Chorotega, Nagrandano, Nicarao, Sutiaba, Matagalpa, Chontal, Guatusos, Quitirris\u00ed, Malek\u00fa, Bribri, Talamancas, Ember\u00e1, Nagate and the artistic Kuna ethnic groups are found throughout the length and breadth of the Central American isthmus.<\/p>\n<p><img loading=\"lazy\" decoding=\"async\" class=\"alignnone size-full wp-image-14622\" src=\"https:\/\/www.visitcentroamerica.com\/sala-prensa\/wp-content\/uploads\/2023\/08\/mujer-kuna.jpg\" alt=\"Mujer Kuna bordando una mola tradicional.\" width=\"960\" height=\"714\" srcset=\"https:\/\/www.visitcentroamerica.com\/sala-prensa\/wp-content\/uploads\/2023\/08\/mujer-kuna.jpg 960w, https:\/\/www.visitcentroamerica.com\/sala-prensa\/wp-content\/uploads\/2023\/08\/mujer-kuna-300x223.jpg 300w, https:\/\/www.visitcentroamerica.com\/sala-prensa\/wp-content\/uploads\/2023\/08\/mujer-kuna-768x571.jpg 768w, https:\/\/www.visitcentroamerica.com\/sala-prensa\/wp-content\/uploads\/2023\/08\/mujer-kuna-696x518.jpg 696w, https:\/\/www.visitcentroamerica.com\/sala-prensa\/wp-content\/uploads\/2023\/08\/mujer-kuna-565x420.jpg 565w, https:\/\/www.visitcentroamerica.com\/sala-prensa\/wp-content\/uploads\/2023\/08\/mujer-kuna-80x60.jpg 80w, https:\/\/www.visitcentroamerica.com\/sala-prensa\/wp-content\/uploads\/2023\/08\/mujer-kuna-265x198.jpg 265w, https:\/\/www.visitcentroamerica.com\/sala-prensa\/wp-content\/uploads\/2023\/08\/mujer-kuna-500x372.jpg 500w\" sizes=\"auto, (max-width: 960px) 100vw, 960px\" \/><\/p>\n<p>Kuna woman embroidering a traditional mola.<\/p>\n<p>Belize, Guatemala, El Salvador, and Honduras are also home to nearly six million descendants of the ancient Mayan culture. In Central America, therefore, travellers can learn first-hand about the route traced by this amazing culture, which, ahead of its time, left behind signs and vestiges of its splendour.<\/p>\n<p>In this line, Guatemala marvels with the archaeological sites and parks El Mirador-R\u00edo Azul, Uaxactun, Tikal, Yaxha-Nahum-Naranjo, Quirigua and Takalik Abaj. Belize fascinates with its extraordinary and little-known millenary wealth of more than 1,400 Mayan sites, including Cerro Maya, Santa Rita, Altun Ha, Lamanai and Baton Creek. El Salvador captivates with the charm of the archaeological sites of San Andr\u00e9s, Cara Sucia, Tazumal, Cihuat\u00e1n, Joya de Cer\u00e9n, Casa Blanca, and Santa Leticia; while stately and magical Honduras envelops with the imposing and indecipherable ruins of Cop\u00e1n, Rastroj\u00f3n and El Puente, among others.<\/p>\n<p><strong>Local culture and traditions <\/strong><\/p>\n<p>In the Dominican Republic, Taino heritage is still very present throughout the country. The Taino-Arawak were the first inhabitants of the country who settled before the arrival of Christopher Columbus and the Spanish. Today, the spirit of the Taino is still very much alive in the national idiosyncrasy. From the legacy of this pre-Columbian culture, which can be discovered in different museums around the country, such as the Museum of the Dominican Man in Santo Domingo or the Altos de Chav\u00f3n Regional Archaeological Museum, to gastronomy, such as the delicious cassava.<\/p>\n<p><img loading=\"lazy\" decoding=\"async\" class=\"alignnone size-full wp-image-14620\" src=\"https:\/\/www.visitcentroamerica.com\/sala-prensa\/wp-content\/uploads\/2023\/08\/mascara-tradicional.jpg\" alt=\"M\u00e1scaras tradicionales de Nicaragua\" width=\"960\" height=\"635\" srcset=\"https:\/\/www.visitcentroamerica.com\/sala-prensa\/wp-content\/uploads\/2023\/08\/mascara-tradicional.jpg 960w, https:\/\/www.visitcentroamerica.com\/sala-prensa\/wp-content\/uploads\/2023\/08\/mascara-tradicional-300x198.jpg 300w, https:\/\/www.visitcentroamerica.com\/sala-prensa\/wp-content\/uploads\/2023\/08\/mascara-tradicional-768x508.jpg 768w, https:\/\/www.visitcentroamerica.com\/sala-prensa\/wp-content\/uploads\/2023\/08\/mascara-tradicional-696x460.jpg 696w, https:\/\/www.visitcentroamerica.com\/sala-prensa\/wp-content\/uploads\/2023\/08\/mascara-tradicional-635x420.jpg 635w, https:\/\/www.visitcentroamerica.com\/sala-prensa\/wp-content\/uploads\/2023\/08\/mascara-tradicional-500x331.jpg 500w\" sizes=\"auto, (max-width: 960px) 100vw, 960px\" \/><\/p>\n<p>Traditional masks from Nicaragua<\/p>\n<p>The bucolic and stately colonial towns, founded along the royal road that interconnected the native villages, also preserve Central America&#8217;s cultural heritage. In Panama, Panama La Vieja, founded in 1519, the old town, modern Panama City, Portobelo, the Anton Valley, whose population sits atop an extinct crater, and Chiriqui. In Nicaragua, Le\u00f3n and &#8216;La Gran Sultana&#8217;, as the city of Granada is known, both founded in 1524.<\/p>\n<p>Environment, gastronomy, culture, and traditions are some of the pillars of tourism in Central America an indigenous sustainable development.<\/p>\n","protected":false},"excerpt":{"rendered":"<p>Environmental protection, gastronomy with ingredients from local producers or the preservation of the traditions of indigenous peoples are some of the pillars of sustainable tourism in the region. London, August 4, 2023- Tourism in Central America and the Dominican Republic is aligned with indigenous economic development. The offer for visitors has, among its focus, the [&hellip;]<\/p>\n","protected":false},"author":5,"featured_media":14625,"comment_status":"open","ping_status":"closed","sticky":false,"template":"","format":"standard","meta":{"footnotes":""},"categories":[100,102,106,105,107],"tags":[],"class_list":{"0":"post-14630","1":"post","2":"type-post","3":"status-publish","4":"format-standard","5":"has-post-thumbnail","7":"category-agrotourism","8":"category-archaeology-and-history","9":"category-cultural-diversity","10":"category-culture","11":"category-ecotourism"},"yoast_head":"<!-- This site is optimized with the Yoast SEO plugin v27.3 - https:\/\/yoast.com\/product\/yoast-seo-wordpress\/ -->\n<title>Central America and Dominican Republic offer tourism aligned with indigenous economic development - Sala de prensa<\/title>\n<meta name=\"robots\" content=\"index, follow, max-snippet:-1, max-image-preview:large, max-video-preview:-1\" \/>\n<link rel=\"canonical\" href=\"https:\/\/www.visitcentroamerica.com\/sala-prensa\/en\/travel\/agrotourism\/central-america-and-dominican-republic-offer-tourism-aligned-with-indigenous-economic-development\/\" \/>\n<meta property=\"og:locale\" content=\"en_US\" \/>\n<meta property=\"og:type\" content=\"article\" \/>\n<meta property=\"og:title\" content=\"Central America and Dominican Republic offer tourism aligned with indigenous economic development - Sala de prensa\" \/>\n<meta property=\"og:description\" content=\"Environmental protection, gastronomy with ingredients from local producers or the preservation of the traditions of indigenous peoples are some of the pillars of sustainable tourism in the region. London, August 4, 2023- Tourism in Central America and the Dominican Republic is aligned with indigenous economic development. The offer for visitors has, among its focus, the [&hellip;]\" \/>\n<meta property=\"og:url\" content=\"https:\/\/www.visitcentroamerica.com\/sala-prensa\/en\/travel\/agrotourism\/central-america-and-dominican-republic-offer-tourism-aligned-with-indigenous-economic-development\/\" \/>\n<meta property=\"og:site_name\" content=\"Sala de prensa\" \/>\n<meta property=\"article:published_time\" content=\"2023-07-31T06:41:34+00:00\" \/>\n<meta property=\"article:modified_time\" content=\"2023-08-10T06:48:21+00:00\" \/>\n<meta property=\"og:image\" content=\"https:\/\/www.visitcentroamerica.com\/sala-prensa\/wp-content\/uploads\/2023\/08\/laguna-lachua-guatemala.jpg\" \/>\n\t<meta property=\"og:image:width\" content=\"960\" \/>\n\t<meta property=\"og:image:height\" content=\"643\" \/>\n\t<meta property=\"og:image:type\" content=\"image\/jpeg\" \/>\n<meta name=\"author\" content=\"Denis Alvarado\" \/>\n<meta name=\"twitter:card\" content=\"summary_large_image\" \/>\n<meta name=\"twitter:label1\" content=\"Written by\" \/>\n\t<meta name=\"twitter:data1\" content=\"Denis Alvarado\" \/>\n\t<meta name=\"twitter:label2\" content=\"Est. reading time\" \/>\n\t<meta name=\"twitter:data2\" content=\"4 minutes\" \/>\n<script type=\"application\/ld+json\" class=\"yoast-schema-graph\">{\"@context\":\"https:\\\/\\\/schema.org\",\"@graph\":[{\"@type\":\"Article\",\"@id\":\"https:\\\/\\\/www.visitcentroamerica.com\\\/sala-prensa\\\/en\\\/travel\\\/agrotourism\\\/central-america-and-dominican-republic-offer-tourism-aligned-with-indigenous-economic-development\\\/#article\",\"isPartOf\":{\"@id\":\"https:\\\/\\\/www.visitcentroamerica.com\\\/sala-prensa\\\/en\\\/travel\\\/agrotourism\\\/central-america-and-dominican-republic-offer-tourism-aligned-with-indigenous-economic-development\\\/\"},\"author\":{\"name\":\"Denis Alvarado\",\"@id\":\"https:\\\/\\\/www.visitcentroamerica.com\\\/sala-prensa\\\/en\\\/#\\\/schema\\\/person\\\/0aa3bd0dbaabaead6089ee3dd0cd7ae5\"},\"headline\":\"Central America and Dominican Republic offer tourism aligned with indigenous economic development\",\"datePublished\":\"2023-07-31T06:41:34+00:00\",\"dateModified\":\"2023-08-10T06:48:21+00:00\",\"mainEntityOfPage\":{\"@id\":\"https:\\\/\\\/www.visitcentroamerica.com\\\/sala-prensa\\\/en\\\/travel\\\/agrotourism\\\/central-america-and-dominican-republic-offer-tourism-aligned-with-indigenous-economic-development\\\/\"},\"wordCount\":743,\"commentCount\":0,\"image\":{\"@id\":\"https:\\\/\\\/www.visitcentroamerica.com\\\/sala-prensa\\\/en\\\/travel\\\/agrotourism\\\/central-america-and-dominican-republic-offer-tourism-aligned-with-indigenous-economic-development\\\/#primaryimage\"},\"thumbnailUrl\":\"https:\\\/\\\/www.visitcentroamerica.com\\\/sala-prensa\\\/wp-content\\\/uploads\\\/2023\\\/08\\\/laguna-lachua-guatemala.jpg\",\"articleSection\":[\"Agrotourism\",\"Archaeology and history\",\"Cultural diversity\",\"Culture\",\"Ecotourism\"],\"inLanguage\":\"en-US\",\"potentialAction\":[{\"@type\":\"CommentAction\",\"name\":\"Comment\",\"target\":[\"https:\\\/\\\/www.visitcentroamerica.com\\\/sala-prensa\\\/en\\\/travel\\\/agrotourism\\\/central-america-and-dominican-republic-offer-tourism-aligned-with-indigenous-economic-development\\\/#respond\"]}]},{\"@type\":\"WebPage\",\"@id\":\"https:\\\/\\\/www.visitcentroamerica.com\\\/sala-prensa\\\/en\\\/travel\\\/agrotourism\\\/central-america-and-dominican-republic-offer-tourism-aligned-with-indigenous-economic-development\\\/\",\"url\":\"https:\\\/\\\/www.visitcentroamerica.com\\\/sala-prensa\\\/en\\\/travel\\\/agrotourism\\\/central-america-and-dominican-republic-offer-tourism-aligned-with-indigenous-economic-development\\\/\",\"name\":\"Central America and Dominican Republic offer tourism aligned with indigenous economic development - Sala de prensa\",\"isPartOf\":{\"@id\":\"https:\\\/\\\/www.visitcentroamerica.com\\\/sala-prensa\\\/en\\\/#website\"},\"primaryImageOfPage\":{\"@id\":\"https:\\\/\\\/www.visitcentroamerica.com\\\/sala-prensa\\\/en\\\/travel\\\/agrotourism\\\/central-america-and-dominican-republic-offer-tourism-aligned-with-indigenous-economic-development\\\/#primaryimage\"},\"image\":{\"@id\":\"https:\\\/\\\/www.visitcentroamerica.com\\\/sala-prensa\\\/en\\\/travel\\\/agrotourism\\\/central-america-and-dominican-republic-offer-tourism-aligned-with-indigenous-economic-development\\\/#primaryimage\"},\"thumbnailUrl\":\"https:\\\/\\\/www.visitcentroamerica.com\\\/sala-prensa\\\/wp-content\\\/uploads\\\/2023\\\/08\\\/laguna-lachua-guatemala.jpg\",\"datePublished\":\"2023-07-31T06:41:34+00:00\",\"dateModified\":\"2023-08-10T06:48:21+00:00\",\"author\":{\"@id\":\"https:\\\/\\\/www.visitcentroamerica.com\\\/sala-prensa\\\/en\\\/#\\\/schema\\\/person\\\/0aa3bd0dbaabaead6089ee3dd0cd7ae5\"},\"breadcrumb\":{\"@id\":\"https:\\\/\\\/www.visitcentroamerica.com\\\/sala-prensa\\\/en\\\/travel\\\/agrotourism\\\/central-america-and-dominican-republic-offer-tourism-aligned-with-indigenous-economic-development\\\/#breadcrumb\"},\"inLanguage\":\"en-US\",\"potentialAction\":[{\"@type\":\"ReadAction\",\"target\":[\"https:\\\/\\\/www.visitcentroamerica.com\\\/sala-prensa\\\/en\\\/travel\\\/agrotourism\\\/central-america-and-dominican-republic-offer-tourism-aligned-with-indigenous-economic-development\\\/\"]}]},{\"@type\":\"ImageObject\",\"inLanguage\":\"en-US\",\"@id\":\"https:\\\/\\\/www.visitcentroamerica.com\\\/sala-prensa\\\/en\\\/travel\\\/agrotourism\\\/central-america-and-dominican-republic-offer-tourism-aligned-with-indigenous-economic-development\\\/#primaryimage\",\"url\":\"https:\\\/\\\/www.visitcentroamerica.com\\\/sala-prensa\\\/wp-content\\\/uploads\\\/2023\\\/08\\\/laguna-lachua-guatemala.jpg\",\"contentUrl\":\"https:\\\/\\\/www.visitcentroamerica.com\\\/sala-prensa\\\/wp-content\\\/uploads\\\/2023\\\/08\\\/laguna-lachua-guatemala.jpg\",\"width\":960,\"height\":643,\"caption\":\"Laguna Lach\u00faa - Guatemala\"},{\"@type\":\"BreadcrumbList\",\"@id\":\"https:\\\/\\\/www.visitcentroamerica.com\\\/sala-prensa\\\/en\\\/travel\\\/agrotourism\\\/central-america-and-dominican-republic-offer-tourism-aligned-with-indigenous-economic-development\\\/#breadcrumb\",\"itemListElement\":[{\"@type\":\"ListItem\",\"position\":1,\"name\":\"Portada\",\"item\":\"https:\\\/\\\/www.visitcentroamerica.com\\\/sala-prensa\\\/en\\\/\"},{\"@type\":\"ListItem\",\"position\":2,\"name\":\"Central America and Dominican Republic offer tourism aligned with indigenous economic development\"}]},{\"@type\":\"WebSite\",\"@id\":\"https:\\\/\\\/www.visitcentroamerica.com\\\/sala-prensa\\\/en\\\/#website\",\"url\":\"https:\\\/\\\/www.visitcentroamerica.com\\\/sala-prensa\\\/en\\\/\",\"name\":\"Sala de prensa\",\"description\":\"\",\"potentialAction\":[{\"@type\":\"SearchAction\",\"target\":{\"@type\":\"EntryPoint\",\"urlTemplate\":\"https:\\\/\\\/www.visitcentroamerica.com\\\/sala-prensa\\\/en\\\/?s={search_term_string}\"},\"query-input\":{\"@type\":\"PropertyValueSpecification\",\"valueRequired\":true,\"valueName\":\"search_term_string\"}}],\"inLanguage\":\"en-US\"},{\"@type\":\"Person\",\"@id\":\"https:\\\/\\\/www.visitcentroamerica.com\\\/sala-prensa\\\/en\\\/#\\\/schema\\\/person\\\/0aa3bd0dbaabaead6089ee3dd0cd7ae5\",\"name\":\"Denis Alvarado\",\"image\":{\"@type\":\"ImageObject\",\"inLanguage\":\"en-US\",\"@id\":\"https:\\\/\\\/secure.gravatar.com\\\/avatar\\\/c31f0697f6edb7c68d5dedc2ccbd548d2a9f73aa293e81c6a1425229ec4c9135?s=96&d=mm&r=g\",\"url\":\"https:\\\/\\\/secure.gravatar.com\\\/avatar\\\/c31f0697f6edb7c68d5dedc2ccbd548d2a9f73aa293e81c6a1425229ec4c9135?s=96&d=mm&r=g\",\"contentUrl\":\"https:\\\/\\\/secure.gravatar.com\\\/avatar\\\/c31f0697f6edb7c68d5dedc2ccbd548d2a9f73aa293e81c6a1425229ec4c9135?s=96&d=mm&r=g\",\"caption\":\"Denis Alvarado\"},\"url\":\"https:\\\/\\\/www.visitcentroamerica.com\\\/sala-prensa\\\/en\\\/author\\\/denis\\\/\"}]}<\/script>\n<!-- \/ Yoast SEO plugin. -->","yoast_head_json":{"title":"Central America and Dominican Republic offer tourism aligned with indigenous economic development - Sala de prensa","robots":{"index":"index","follow":"follow","max-snippet":"max-snippet:-1","max-image-preview":"max-image-preview:large","max-video-preview":"max-video-preview:-1"},"canonical":"https:\/\/www.visitcentroamerica.com\/sala-prensa\/en\/travel\/agrotourism\/central-america-and-dominican-republic-offer-tourism-aligned-with-indigenous-economic-development\/","og_locale":"en_US","og_type":"article","og_title":"Central America and Dominican Republic offer tourism aligned with indigenous economic development - Sala de prensa","og_description":"Environmental protection, gastronomy with ingredients from local producers or the preservation of the traditions of indigenous peoples are some of the pillars of sustainable tourism in the region. London, August 4, 2023- Tourism in Central America and the Dominican Republic is aligned with indigenous economic development. The offer for visitors has, among its focus, the [&hellip;]","og_url":"https:\/\/www.visitcentroamerica.com\/sala-prensa\/en\/travel\/agrotourism\/central-america-and-dominican-republic-offer-tourism-aligned-with-indigenous-economic-development\/","og_site_name":"Sala de prensa","article_published_time":"2023-07-31T06:41:34+00:00","article_modified_time":"2023-08-10T06:48:21+00:00","og_image":[{"width":960,"height":643,"url":"https:\/\/www.visitcentroamerica.com\/sala-prensa\/wp-content\/uploads\/2023\/08\/laguna-lachua-guatemala.jpg","type":"image\/jpeg"}],"author":"Denis Alvarado","twitter_card":"summary_large_image","twitter_misc":{"Written by":"Denis Alvarado","Est. reading time":"4 minutes"},"schema":{"@context":"https:\/\/schema.org","@graph":[{"@type":"Article","@id":"https:\/\/www.visitcentroamerica.com\/sala-prensa\/en\/travel\/agrotourism\/central-america-and-dominican-republic-offer-tourism-aligned-with-indigenous-economic-development\/#article","isPartOf":{"@id":"https:\/\/www.visitcentroamerica.com\/sala-prensa\/en\/travel\/agrotourism\/central-america-and-dominican-republic-offer-tourism-aligned-with-indigenous-economic-development\/"},"author":{"name":"Denis Alvarado","@id":"https:\/\/www.visitcentroamerica.com\/sala-prensa\/en\/#\/schema\/person\/0aa3bd0dbaabaead6089ee3dd0cd7ae5"},"headline":"Central America and Dominican Republic offer tourism aligned with indigenous economic development","datePublished":"2023-07-31T06:41:34+00:00","dateModified":"2023-08-10T06:48:21+00:00","mainEntityOfPage":{"@id":"https:\/\/www.visitcentroamerica.com\/sala-prensa\/en\/travel\/agrotourism\/central-america-and-dominican-republic-offer-tourism-aligned-with-indigenous-economic-development\/"},"wordCount":743,"commentCount":0,"image":{"@id":"https:\/\/www.visitcentroamerica.com\/sala-prensa\/en\/travel\/agrotourism\/central-america-and-dominican-republic-offer-tourism-aligned-with-indigenous-economic-development\/#primaryimage"},"thumbnailUrl":"https:\/\/www.visitcentroamerica.com\/sala-prensa\/wp-content\/uploads\/2023\/08\/laguna-lachua-guatemala.jpg","articleSection":["Agrotourism","Archaeology and history","Cultural diversity","Culture","Ecotourism"],"inLanguage":"en-US","potentialAction":[{"@type":"CommentAction","name":"Comment","target":["https:\/\/www.visitcentroamerica.com\/sala-prensa\/en\/travel\/agrotourism\/central-america-and-dominican-republic-offer-tourism-aligned-with-indigenous-economic-development\/#respond"]}]},{"@type":"WebPage","@id":"https:\/\/www.visitcentroamerica.com\/sala-prensa\/en\/travel\/agrotourism\/central-america-and-dominican-republic-offer-tourism-aligned-with-indigenous-economic-development\/","url":"https:\/\/www.visitcentroamerica.com\/sala-prensa\/en\/travel\/agrotourism\/central-america-and-dominican-republic-offer-tourism-aligned-with-indigenous-economic-development\/","name":"Central America and Dominican Republic offer tourism aligned with indigenous economic development - Sala de prensa","isPartOf":{"@id":"https:\/\/www.visitcentroamerica.com\/sala-prensa\/en\/#website"},"primaryImageOfPage":{"@id":"https:\/\/www.visitcentroamerica.com\/sala-prensa\/en\/travel\/agrotourism\/central-america-and-dominican-republic-offer-tourism-aligned-with-indigenous-economic-development\/#primaryimage"},"image":{"@id":"https:\/\/www.visitcentroamerica.com\/sala-prensa\/en\/travel\/agrotourism\/central-america-and-dominican-republic-offer-tourism-aligned-with-indigenous-economic-development\/#primaryimage"},"thumbnailUrl":"https:\/\/www.visitcentroamerica.com\/sala-prensa\/wp-content\/uploads\/2023\/08\/laguna-lachua-guatemala.jpg","datePublished":"2023-07-31T06:41:34+00:00","dateModified":"2023-08-10T06:48:21+00:00","author":{"@id":"https:\/\/www.visitcentroamerica.com\/sala-prensa\/en\/#\/schema\/person\/0aa3bd0dbaabaead6089ee3dd0cd7ae5"},"breadcrumb":{"@id":"https:\/\/www.visitcentroamerica.com\/sala-prensa\/en\/travel\/agrotourism\/central-america-and-dominican-republic-offer-tourism-aligned-with-indigenous-economic-development\/#breadcrumb"},"inLanguage":"en-US","potentialAction":[{"@type":"ReadAction","target":["https:\/\/www.visitcentroamerica.com\/sala-prensa\/en\/travel\/agrotourism\/central-america-and-dominican-republic-offer-tourism-aligned-with-indigenous-economic-development\/"]}]},{"@type":"ImageObject","inLanguage":"en-US","@id":"https:\/\/www.visitcentroamerica.com\/sala-prensa\/en\/travel\/agrotourism\/central-america-and-dominican-republic-offer-tourism-aligned-with-indigenous-economic-development\/#primaryimage","url":"https:\/\/www.visitcentroamerica.com\/sala-prensa\/wp-content\/uploads\/2023\/08\/laguna-lachua-guatemala.jpg","contentUrl":"https:\/\/www.visitcentroamerica.com\/sala-prensa\/wp-content\/uploads\/2023\/08\/laguna-lachua-guatemala.jpg","width":960,"height":643,"caption":"Laguna Lach\u00faa - Guatemala"},{"@type":"BreadcrumbList","@id":"https:\/\/www.visitcentroamerica.com\/sala-prensa\/en\/travel\/agrotourism\/central-america-and-dominican-republic-offer-tourism-aligned-with-indigenous-economic-development\/#breadcrumb","itemListElement":[{"@type":"ListItem","position":1,"name":"Portada","item":"https:\/\/www.visitcentroamerica.com\/sala-prensa\/en\/"},{"@type":"ListItem","position":2,"name":"Central America and Dominican Republic offer tourism aligned with indigenous economic development"}]},{"@type":"WebSite","@id":"https:\/\/www.visitcentroamerica.com\/sala-prensa\/en\/#website","url":"https:\/\/www.visitcentroamerica.com\/sala-prensa\/en\/","name":"Sala de prensa","description":"","potentialAction":[{"@type":"SearchAction","target":{"@type":"EntryPoint","urlTemplate":"https:\/\/www.visitcentroamerica.com\/sala-prensa\/en\/?s={search_term_string}"},"query-input":{"@type":"PropertyValueSpecification","valueRequired":true,"valueName":"search_term_string"}}],"inLanguage":"en-US"},{"@type":"Person","@id":"https:\/\/www.visitcentroamerica.com\/sala-prensa\/en\/#\/schema\/person\/0aa3bd0dbaabaead6089ee3dd0cd7ae5","name":"Denis Alvarado","image":{"@type":"ImageObject","inLanguage":"en-US","@id":"https:\/\/secure.gravatar.com\/avatar\/c31f0697f6edb7c68d5dedc2ccbd548d2a9f73aa293e81c6a1425229ec4c9135?s=96&d=mm&r=g","url":"https:\/\/secure.gravatar.com\/avatar\/c31f0697f6edb7c68d5dedc2ccbd548d2a9f73aa293e81c6a1425229ec4c9135?s=96&d=mm&r=g","contentUrl":"https:\/\/secure.gravatar.com\/avatar\/c31f0697f6edb7c68d5dedc2ccbd548d2a9f73aa293e81c6a1425229ec4c9135?s=96&d=mm&r=g","caption":"Denis Alvarado"},"url":"https:\/\/www.visitcentroamerica.com\/sala-prensa\/en\/author\/denis\/"}]}},"_links":{"self":[{"href":"https:\/\/www.visitcentroamerica.com\/sala-prensa\/en\/wp-json\/wp\/v2\/posts\/14630","targetHints":{"allow":["GET"]}}],"collection":[{"href":"https:\/\/www.visitcentroamerica.com\/sala-prensa\/en\/wp-json\/wp\/v2\/posts"}],"about":[{"href":"https:\/\/www.visitcentroamerica.com\/sala-prensa\/en\/wp-json\/wp\/v2\/types\/post"}],"author":[{"embeddable":true,"href":"https:\/\/www.visitcentroamerica.com\/sala-prensa\/en\/wp-json\/wp\/v2\/users\/5"}],"replies":[{"embeddable":true,"href":"https:\/\/www.visitcentroamerica.com\/sala-prensa\/en\/wp-json\/wp\/v2\/comments?post=14630"}],"version-history":[{"count":2,"href":"https:\/\/www.visitcentroamerica.com\/sala-prensa\/en\/wp-json\/wp\/v2\/posts\/14630\/revisions"}],"predecessor-version":[{"id":14632,"href":"https:\/\/www.visitcentroamerica.com\/sala-prensa\/en\/wp-json\/wp\/v2\/posts\/14630\/revisions\/14632"}],"wp:featuredmedia":[{"embeddable":true,"href":"https:\/\/www.visitcentroamerica.com\/sala-prensa\/en\/wp-json\/wp\/v2\/media\/14625"}],"wp:attachment":[{"href":"https:\/\/www.visitcentroamerica.com\/sala-prensa\/en\/wp-json\/wp\/v2\/media?parent=14630"}],"wp:term":[{"taxonomy":"category","embeddable":true,"href":"https:\/\/www.visitcentroamerica.com\/sala-prensa\/en\/wp-json\/wp\/v2\/categories?post=14630"},{"taxonomy":"post_tag","embeddable":true,"href":"https:\/\/www.visitcentroamerica.com\/sala-prensa\/en\/wp-json\/wp\/v2\/tags?post=14630"}],"curies":[{"name":"wp","href":"https:\/\/api.w.org\/{rel}","templated":true}]}}