{"id":14187,"date":"2023-02-02T10:33:55","date_gmt":"2023-02-02T10:33:55","guid":{"rendered":"https:\/\/www.visitcentroamerica.com\/sala-prensa\/?p=14187"},"modified":"2023-02-08T07:57:54","modified_gmt":"2023-02-08T07:57:54","slug":"visitez-le-salvador-et-decouvrez-les-racines-mayas-de-lamerique-centrale","status":"publish","type":"post","link":"https:\/\/www.visitcentroamerica.com\/sala-prensa\/en\/travel\/world-heritage\/visitez-le-salvador-et-decouvrez-les-racines-mayas-de-lamerique-centrale\/","title":{"rendered":"Visitez le salvador et d\u00e9couvrez les racines mayas de l&#8217;am\u00e9rique centrale !"},"content":{"rendered":"<p><img decoding=\"async\" class=\"alignnone size-full wp-image-14157\" src=\"https:\/\/www.visitcentroamerica.com\/sala-prensa\/wp-content\/uploads\/2023\/02\/\u00a1VISITA-EL-SALVADOR-Y-DESCUBRE-LAS-RAICES-MAYAS.jpg.png\" alt=\"\" width=\"auto\" height=\"100%\" srcset=\"https:\/\/www.visitcentroamerica.com\/sala-prensa\/wp-content\/uploads\/2023\/02\/\u00a1VISITA-EL-SALVADOR-Y-DESCUBRE-LAS-RAICES-MAYAS.jpg.png 1200w, https:\/\/www.visitcentroamerica.com\/sala-prensa\/wp-content\/uploads\/2023\/02\/\u00a1VISITA-EL-SALVADOR-Y-DESCUBRE-LAS-RAICES-MAYAS.jpg-300x150.png 300w, https:\/\/www.visitcentroamerica.com\/sala-prensa\/wp-content\/uploads\/2023\/02\/\u00a1VISITA-EL-SALVADOR-Y-DESCUBRE-LAS-RAICES-MAYAS.jpg-1024x512.png 1024w, https:\/\/www.visitcentroamerica.com\/sala-prensa\/wp-content\/uploads\/2023\/02\/\u00a1VISITA-EL-SALVADOR-Y-DESCUBRE-LAS-RAICES-MAYAS.jpg-768x384.png 768w, https:\/\/www.visitcentroamerica.com\/sala-prensa\/wp-content\/uploads\/2023\/02\/\u00a1VISITA-EL-SALVADOR-Y-DESCUBRE-LAS-RAICES-MAYAS.jpg-696x348.png 696w, https:\/\/www.visitcentroamerica.com\/sala-prensa\/wp-content\/uploads\/2023\/02\/\u00a1VISITA-EL-SALVADOR-Y-DESCUBRE-LAS-RAICES-MAYAS.jpg-1068x534.png 1068w, https:\/\/www.visitcentroamerica.com\/sala-prensa\/wp-content\/uploads\/2023\/02\/\u00a1VISITA-EL-SALVADOR-Y-DESCUBRE-LAS-RAICES-MAYAS.jpg-840x420.png 840w, https:\/\/www.visitcentroamerica.com\/sala-prensa\/wp-content\/uploads\/2023\/02\/\u00a1VISITA-EL-SALVADOR-Y-DESCUBRE-LAS-RAICES-MAYAS.jpg-500x250.png 500w\" sizes=\"(max-width: 1200px) 100vw, 1200px\" \/><\/p>\n<p>Vous \u00eates passionn\u00e9 d&#8217;arch\u00e9ologie et d&#8217;histoire\u00a0? Alors, vous devrez <strong>visiter le Salvador<\/strong>, le Honduras et le Guatemala lors d&#8217;un fantastique <a href=\"https:\/\/www.visitcentroamerica.com\/packages\/raices-mayas-e-historia-viva\/\">voyage multi-destinations<\/a> qui vous permettra de d\u00e9couvrir en direct le pass\u00e9 pr\u00e9colombien de l&#8217;Am\u00e9rique centrale.<\/p>\n<h2>Partez en excursion au Salvador, au Guatemala et au Honduras, et explorez les plus importantes ruines mayas\u00a0!<\/h2>\n<p>Gr\u00e2ce \u00e0 ce <em>circuit<\/em> spectaculaire, vous pourrez d\u00e9couvrir et visiter parmi les plus importantes <strong>ruines mayas<\/strong> d&#8217;Am\u00e9rique centrale, comme la pyramide de <a href=\"http:\/\/www.elsalvadorturismo.com.sv\/turismoelsalvador\/sitios-arqueologicos-de-el-salvador\/tazumal-el-salvador\/index.html\" target=\"_blank\" rel=\"noopener\">Tazumal<\/a>, la plus grande du Salvador. Il se situe dans la municipalit\u00e9 de Chalchuapa, l&#8217;un des sites arch\u00e9ologiques les plus importants du Salvador.<\/p>\n<p>Toujours sur votre chemin \u00e0 travers le Honduras, vous vous \u00e9merveillerez devant le spectaculaire <strong>site arch\u00e9ologique de Cop\u00e1n<\/strong>, connu pour ses belles structures et pour \u00eatre une ancienne capitale de la civilisation maya dans la r\u00e9gion.<\/p>\n<p>Enfin, au Guatemala, vous pourrez appr\u00e9cier l&#8217;architecture de la Renaissance espagnole dans des lieux comme Antigua Guatemala. Par la m\u00eame occasion, ses <strong>innombrables ruines historiques<\/strong> raviront \u00e9galement les amateurs d&#8217;art et d&#8217;arch\u00e9ologie. Impossible de passer \u00e0 c\u00f4t\u00e9 d\u2019un voyage aussi magique et culturel\u00a0!<\/p>\n<h2>Que voir en Am\u00e9rique centrale\u00a0? R\u00e9servez votre voyage et d\u00e9couvrez-le\u00a0!<\/h2>\n<p>N&#8217;attendez plus et consultez <a href=\"https:\/\/www.visitcentroamerica.com\/\" target=\"_blank\" rel=\"noopener\">notre site internet<\/a> pour d\u00e9couvrir <strong>les incontournables d\u2019Am\u00e9rique centrale <\/strong>lors de cette visite au Salvador, au Guatemala et au Honduras. L\u2019arch\u00e9ologie, l\u2019Histoire et le meilleur de la gastronomie locale en une seule exp\u00e9rience. Vous ne le regretterez pas\u00a0!<\/p>\n","protected":false},"excerpt":{"rendered":"<p>Vous \u00eates passionn\u00e9 d&#8217;arch\u00e9ologie et d&#8217;histoire\u00a0? Alors, vous devrez visiter le Salvador, le Honduras et le Guatemala lors d&#8217;un fantastique voyage multi-destinations qui vous permettra de d\u00e9couvrir en direct le pass\u00e9 pr\u00e9colombien de l&#8217;Am\u00e9rique centrale. Partez en excursion au Salvador, au Guatemala et au Honduras, et explorez les plus importantes ruines mayas\u00a0! Gr\u00e2ce \u00e0 ce [&hellip;]<\/p>\n","protected":false},"author":5,"featured_media":14158,"comment_status":"open","ping_status":"closed","sticky":false,"template":"","format":"standard","meta":{"footnotes":""},"categories":[112],"tags":[],"class_list":{"0":"post-14187","1":"post","2":"type-post","3":"status-publish","4":"format-standard","5":"has-post-thumbnail","7":"category-world-heritage"},"yoast_head":"<!-- This site is optimized with the Yoast SEO plugin v27.3 - https:\/\/yoast.com\/product\/yoast-seo-wordpress\/ -->\n<title>Visitez le Salvador et d\u00e9couvrez d&#039;impressionnants vestiges mayas.<\/title>\n<meta name=\"description\" content=\"Une visite au Salvador vous permettra de d\u00e9couvrir des ruines tout \u00e0 fait remarquables de la civilisation maya, ainsi qu&#039;au Honduras et au Guatemala.\" \/>\n<meta name=\"robots\" content=\"index, follow, max-snippet:-1, max-image-preview:large, max-video-preview:-1\" \/>\n<link rel=\"canonical\" href=\"https:\/\/www.visitcentroamerica.com\/sala-prensa\/en\/travel\/world-heritage\/visitez-le-salvador-et-decouvrez-les-racines-mayas-de-lamerique-centrale\/\" \/>\n<meta property=\"og:locale\" content=\"en_US\" \/>\n<meta property=\"og:type\" content=\"article\" \/>\n<meta property=\"og:title\" content=\"Visitez le Salvador et d\u00e9couvrez d&#039;impressionnants vestiges mayas.\" \/>\n<meta property=\"og:description\" content=\"Une visite au Salvador vous permettra de d\u00e9couvrir des ruines tout \u00e0 fait remarquables de la civilisation maya, ainsi qu&#039;au Honduras et au Guatemala.\" \/>\n<meta property=\"og:url\" content=\"https:\/\/www.visitcentroamerica.com\/sala-prensa\/en\/travel\/world-heritage\/visitez-le-salvador-et-decouvrez-les-racines-mayas-de-lamerique-centrale\/\" \/>\n<meta property=\"og:site_name\" content=\"Sala de prensa\" \/>\n<meta property=\"article:published_time\" content=\"2023-02-02T10:33:55+00:00\" \/>\n<meta property=\"article:modified_time\" content=\"2023-02-08T07:57:54+00:00\" \/>\n<meta property=\"og:image\" content=\"https:\/\/www.visitcentroamerica.com\/sala-prensa\/wp-content\/uploads\/2023\/02\/\u00a1VISITA-EL-SALVADOR-Y-DESCUBRE-LAS-RAICES-MAYAS.jpg.png\" \/>\n\t<meta property=\"og:image:width\" content=\"1200\" \/>\n\t<meta property=\"og:image:height\" content=\"600\" \/>\n\t<meta property=\"og:image:type\" content=\"image\/png\" \/>\n<meta name=\"author\" content=\"Denis Alvarado\" \/>\n<meta name=\"twitter:card\" content=\"summary_large_image\" \/>\n<meta name=\"twitter:label1\" content=\"Written by\" \/>\n\t<meta name=\"twitter:data1\" content=\"Denis Alvarado\" \/>\n\t<meta name=\"twitter:label2\" content=\"Est. reading time\" \/>\n\t<meta name=\"twitter:data2\" content=\"2 minutes\" \/>\n<script type=\"application\/ld+json\" class=\"yoast-schema-graph\">{\"@context\":\"https:\\\/\\\/schema.org\",\"@graph\":[{\"@type\":\"Article\",\"@id\":\"https:\\\/\\\/www.visitcentroamerica.com\\\/sala-prensa\\\/en\\\/travel\\\/world-heritage\\\/visitez-le-salvador-et-decouvrez-les-racines-mayas-de-lamerique-centrale\\\/#article\",\"isPartOf\":{\"@id\":\"https:\\\/\\\/www.visitcentroamerica.com\\\/sala-prensa\\\/en\\\/travel\\\/world-heritage\\\/visitez-le-salvador-et-decouvrez-les-racines-mayas-de-lamerique-centrale\\\/\"},\"author\":{\"name\":\"Denis Alvarado\",\"@id\":\"https:\\\/\\\/www.visitcentroamerica.com\\\/sala-prensa\\\/en\\\/#\\\/schema\\\/person\\\/0aa3bd0dbaabaead6089ee3dd0cd7ae5\"},\"headline\":\"Visitez le salvador et d\u00e9couvrez les racines mayas de l&#8217;am\u00e9rique centrale !\",\"datePublished\":\"2023-02-02T10:33:55+00:00\",\"dateModified\":\"2023-02-08T07:57:54+00:00\",\"mainEntityOfPage\":{\"@id\":\"https:\\\/\\\/www.visitcentroamerica.com\\\/sala-prensa\\\/en\\\/travel\\\/world-heritage\\\/visitez-le-salvador-et-decouvrez-les-racines-mayas-de-lamerique-centrale\\\/\"},\"wordCount\":275,\"commentCount\":0,\"image\":{\"@id\":\"https:\\\/\\\/www.visitcentroamerica.com\\\/sala-prensa\\\/en\\\/travel\\\/world-heritage\\\/visitez-le-salvador-et-decouvrez-les-racines-mayas-de-lamerique-centrale\\\/#primaryimage\"},\"thumbnailUrl\":\"https:\\\/\\\/www.visitcentroamerica.com\\\/sala-prensa\\\/wp-content\\\/uploads\\\/2023\\\/02\\\/\u00a1VISITA-EL-SALVADOR-Y-DESCUBRE-LAS-RAICES-MAYAS.jpg.png\",\"articleSection\":[\"World heritage\"],\"inLanguage\":\"en-US\",\"potentialAction\":[{\"@type\":\"CommentAction\",\"name\":\"Comment\",\"target\":[\"https:\\\/\\\/www.visitcentroamerica.com\\\/sala-prensa\\\/en\\\/travel\\\/world-heritage\\\/visitez-le-salvador-et-decouvrez-les-racines-mayas-de-lamerique-centrale\\\/#respond\"]}]},{\"@type\":\"WebPage\",\"@id\":\"https:\\\/\\\/www.visitcentroamerica.com\\\/sala-prensa\\\/en\\\/travel\\\/world-heritage\\\/visitez-le-salvador-et-decouvrez-les-racines-mayas-de-lamerique-centrale\\\/\",\"url\":\"https:\\\/\\\/www.visitcentroamerica.com\\\/sala-prensa\\\/en\\\/travel\\\/world-heritage\\\/visitez-le-salvador-et-decouvrez-les-racines-mayas-de-lamerique-centrale\\\/\",\"name\":\"Visitez le Salvador et d\u00e9couvrez d'impressionnants vestiges mayas.\",\"isPartOf\":{\"@id\":\"https:\\\/\\\/www.visitcentroamerica.com\\\/sala-prensa\\\/en\\\/#website\"},\"primaryImageOfPage\":{\"@id\":\"https:\\\/\\\/www.visitcentroamerica.com\\\/sala-prensa\\\/en\\\/travel\\\/world-heritage\\\/visitez-le-salvador-et-decouvrez-les-racines-mayas-de-lamerique-centrale\\\/#primaryimage\"},\"image\":{\"@id\":\"https:\\\/\\\/www.visitcentroamerica.com\\\/sala-prensa\\\/en\\\/travel\\\/world-heritage\\\/visitez-le-salvador-et-decouvrez-les-racines-mayas-de-lamerique-centrale\\\/#primaryimage\"},\"thumbnailUrl\":\"https:\\\/\\\/www.visitcentroamerica.com\\\/sala-prensa\\\/wp-content\\\/uploads\\\/2023\\\/02\\\/\u00a1VISITA-EL-SALVADOR-Y-DESCUBRE-LAS-RAICES-MAYAS.jpg.png\",\"datePublished\":\"2023-02-02T10:33:55+00:00\",\"dateModified\":\"2023-02-08T07:57:54+00:00\",\"author\":{\"@id\":\"https:\\\/\\\/www.visitcentroamerica.com\\\/sala-prensa\\\/en\\\/#\\\/schema\\\/person\\\/0aa3bd0dbaabaead6089ee3dd0cd7ae5\"},\"description\":\"Une visite au Salvador vous permettra de d\u00e9couvrir des ruines tout \u00e0 fait remarquables de la civilisation maya, ainsi qu'au Honduras et au Guatemala.\",\"breadcrumb\":{\"@id\":\"https:\\\/\\\/www.visitcentroamerica.com\\\/sala-prensa\\\/en\\\/travel\\\/world-heritage\\\/visitez-le-salvador-et-decouvrez-les-racines-mayas-de-lamerique-centrale\\\/#breadcrumb\"},\"inLanguage\":\"en-US\",\"potentialAction\":[{\"@type\":\"ReadAction\",\"target\":[\"https:\\\/\\\/www.visitcentroamerica.com\\\/sala-prensa\\\/en\\\/travel\\\/world-heritage\\\/visitez-le-salvador-et-decouvrez-les-racines-mayas-de-lamerique-centrale\\\/\"]}]},{\"@type\":\"ImageObject\",\"inLanguage\":\"en-US\",\"@id\":\"https:\\\/\\\/www.visitcentroamerica.com\\\/sala-prensa\\\/en\\\/travel\\\/world-heritage\\\/visitez-le-salvador-et-decouvrez-les-racines-mayas-de-lamerique-centrale\\\/#primaryimage\",\"url\":\"https:\\\/\\\/www.visitcentroamerica.com\\\/sala-prensa\\\/wp-content\\\/uploads\\\/2023\\\/02\\\/\u00a1VISITA-EL-SALVADOR-Y-DESCUBRE-LAS-RAICES-MAYAS.jpg.png\",\"contentUrl\":\"https:\\\/\\\/www.visitcentroamerica.com\\\/sala-prensa\\\/wp-content\\\/uploads\\\/2023\\\/02\\\/\u00a1VISITA-EL-SALVADOR-Y-DESCUBRE-LAS-RAICES-MAYAS.jpg.png\",\"width\":1200,\"height\":600},{\"@type\":\"BreadcrumbList\",\"@id\":\"https:\\\/\\\/www.visitcentroamerica.com\\\/sala-prensa\\\/en\\\/travel\\\/world-heritage\\\/visitez-le-salvador-et-decouvrez-les-racines-mayas-de-lamerique-centrale\\\/#breadcrumb\",\"itemListElement\":[{\"@type\":\"ListItem\",\"position\":1,\"name\":\"Portada\",\"item\":\"https:\\\/\\\/www.visitcentroamerica.com\\\/sala-prensa\\\/en\\\/\"},{\"@type\":\"ListItem\",\"position\":2,\"name\":\"Visitez le salvador et d\u00e9couvrez les racines mayas de l&#8217;am\u00e9rique centrale !\"}]},{\"@type\":\"WebSite\",\"@id\":\"https:\\\/\\\/www.visitcentroamerica.com\\\/sala-prensa\\\/en\\\/#website\",\"url\":\"https:\\\/\\\/www.visitcentroamerica.com\\\/sala-prensa\\\/en\\\/\",\"name\":\"Sala de prensa\",\"description\":\"\",\"potentialAction\":[{\"@type\":\"SearchAction\",\"target\":{\"@type\":\"EntryPoint\",\"urlTemplate\":\"https:\\\/\\\/www.visitcentroamerica.com\\\/sala-prensa\\\/en\\\/?s={search_term_string}\"},\"query-input\":{\"@type\":\"PropertyValueSpecification\",\"valueRequired\":true,\"valueName\":\"search_term_string\"}}],\"inLanguage\":\"en-US\"},{\"@type\":\"Person\",\"@id\":\"https:\\\/\\\/www.visitcentroamerica.com\\\/sala-prensa\\\/en\\\/#\\\/schema\\\/person\\\/0aa3bd0dbaabaead6089ee3dd0cd7ae5\",\"name\":\"Denis Alvarado\",\"image\":{\"@type\":\"ImageObject\",\"inLanguage\":\"en-US\",\"@id\":\"https:\\\/\\\/secure.gravatar.com\\\/avatar\\\/c31f0697f6edb7c68d5dedc2ccbd548d2a9f73aa293e81c6a1425229ec4c9135?s=96&d=mm&r=g\",\"url\":\"https:\\\/\\\/secure.gravatar.com\\\/avatar\\\/c31f0697f6edb7c68d5dedc2ccbd548d2a9f73aa293e81c6a1425229ec4c9135?s=96&d=mm&r=g\",\"contentUrl\":\"https:\\\/\\\/secure.gravatar.com\\\/avatar\\\/c31f0697f6edb7c68d5dedc2ccbd548d2a9f73aa293e81c6a1425229ec4c9135?s=96&d=mm&r=g\",\"caption\":\"Denis Alvarado\"},\"url\":\"https:\\\/\\\/www.visitcentroamerica.com\\\/sala-prensa\\\/en\\\/author\\\/denis\\\/\"}]}<\/script>\n<!-- \/ Yoast SEO plugin. -->","yoast_head_json":{"title":"Visitez le Salvador et d\u00e9couvrez d'impressionnants vestiges mayas.","description":"Une visite au Salvador vous permettra de d\u00e9couvrir des ruines tout \u00e0 fait remarquables de la civilisation maya, ainsi qu'au Honduras et au Guatemala.","robots":{"index":"index","follow":"follow","max-snippet":"max-snippet:-1","max-image-preview":"max-image-preview:large","max-video-preview":"max-video-preview:-1"},"canonical":"https:\/\/www.visitcentroamerica.com\/sala-prensa\/en\/travel\/world-heritage\/visitez-le-salvador-et-decouvrez-les-racines-mayas-de-lamerique-centrale\/","og_locale":"en_US","og_type":"article","og_title":"Visitez le Salvador et d\u00e9couvrez d'impressionnants vestiges mayas.","og_description":"Une visite au Salvador vous permettra de d\u00e9couvrir des ruines tout \u00e0 fait remarquables de la civilisation maya, ainsi qu'au Honduras et au Guatemala.","og_url":"https:\/\/www.visitcentroamerica.com\/sala-prensa\/en\/travel\/world-heritage\/visitez-le-salvador-et-decouvrez-les-racines-mayas-de-lamerique-centrale\/","og_site_name":"Sala de prensa","article_published_time":"2023-02-02T10:33:55+00:00","article_modified_time":"2023-02-08T07:57:54+00:00","og_image":[{"width":1200,"height":600,"url":"https:\/\/www.visitcentroamerica.com\/sala-prensa\/wp-content\/uploads\/2023\/02\/\u00a1VISITA-EL-SALVADOR-Y-DESCUBRE-LAS-RAICES-MAYAS.jpg.png","type":"image\/png"}],"author":"Denis Alvarado","twitter_card":"summary_large_image","twitter_misc":{"Written by":"Denis Alvarado","Est. reading time":"2 minutes"},"schema":{"@context":"https:\/\/schema.org","@graph":[{"@type":"Article","@id":"https:\/\/www.visitcentroamerica.com\/sala-prensa\/en\/travel\/world-heritage\/visitez-le-salvador-et-decouvrez-les-racines-mayas-de-lamerique-centrale\/#article","isPartOf":{"@id":"https:\/\/www.visitcentroamerica.com\/sala-prensa\/en\/travel\/world-heritage\/visitez-le-salvador-et-decouvrez-les-racines-mayas-de-lamerique-centrale\/"},"author":{"name":"Denis Alvarado","@id":"https:\/\/www.visitcentroamerica.com\/sala-prensa\/en\/#\/schema\/person\/0aa3bd0dbaabaead6089ee3dd0cd7ae5"},"headline":"Visitez le salvador et d\u00e9couvrez les racines mayas de l&#8217;am\u00e9rique centrale !","datePublished":"2023-02-02T10:33:55+00:00","dateModified":"2023-02-08T07:57:54+00:00","mainEntityOfPage":{"@id":"https:\/\/www.visitcentroamerica.com\/sala-prensa\/en\/travel\/world-heritage\/visitez-le-salvador-et-decouvrez-les-racines-mayas-de-lamerique-centrale\/"},"wordCount":275,"commentCount":0,"image":{"@id":"https:\/\/www.visitcentroamerica.com\/sala-prensa\/en\/travel\/world-heritage\/visitez-le-salvador-et-decouvrez-les-racines-mayas-de-lamerique-centrale\/#primaryimage"},"thumbnailUrl":"https:\/\/www.visitcentroamerica.com\/sala-prensa\/wp-content\/uploads\/2023\/02\/\u00a1VISITA-EL-SALVADOR-Y-DESCUBRE-LAS-RAICES-MAYAS.jpg.png","articleSection":["World heritage"],"inLanguage":"en-US","potentialAction":[{"@type":"CommentAction","name":"Comment","target":["https:\/\/www.visitcentroamerica.com\/sala-prensa\/en\/travel\/world-heritage\/visitez-le-salvador-et-decouvrez-les-racines-mayas-de-lamerique-centrale\/#respond"]}]},{"@type":"WebPage","@id":"https:\/\/www.visitcentroamerica.com\/sala-prensa\/en\/travel\/world-heritage\/visitez-le-salvador-et-decouvrez-les-racines-mayas-de-lamerique-centrale\/","url":"https:\/\/www.visitcentroamerica.com\/sala-prensa\/en\/travel\/world-heritage\/visitez-le-salvador-et-decouvrez-les-racines-mayas-de-lamerique-centrale\/","name":"Visitez le Salvador et d\u00e9couvrez d'impressionnants vestiges mayas.","isPartOf":{"@id":"https:\/\/www.visitcentroamerica.com\/sala-prensa\/en\/#website"},"primaryImageOfPage":{"@id":"https:\/\/www.visitcentroamerica.com\/sala-prensa\/en\/travel\/world-heritage\/visitez-le-salvador-et-decouvrez-les-racines-mayas-de-lamerique-centrale\/#primaryimage"},"image":{"@id":"https:\/\/www.visitcentroamerica.com\/sala-prensa\/en\/travel\/world-heritage\/visitez-le-salvador-et-decouvrez-les-racines-mayas-de-lamerique-centrale\/#primaryimage"},"thumbnailUrl":"https:\/\/www.visitcentroamerica.com\/sala-prensa\/wp-content\/uploads\/2023\/02\/\u00a1VISITA-EL-SALVADOR-Y-DESCUBRE-LAS-RAICES-MAYAS.jpg.png","datePublished":"2023-02-02T10:33:55+00:00","dateModified":"2023-02-08T07:57:54+00:00","author":{"@id":"https:\/\/www.visitcentroamerica.com\/sala-prensa\/en\/#\/schema\/person\/0aa3bd0dbaabaead6089ee3dd0cd7ae5"},"description":"Une visite au Salvador vous permettra de d\u00e9couvrir des ruines tout \u00e0 fait remarquables de la civilisation maya, ainsi qu'au Honduras et au Guatemala.","breadcrumb":{"@id":"https:\/\/www.visitcentroamerica.com\/sala-prensa\/en\/travel\/world-heritage\/visitez-le-salvador-et-decouvrez-les-racines-mayas-de-lamerique-centrale\/#breadcrumb"},"inLanguage":"en-US","potentialAction":[{"@type":"ReadAction","target":["https:\/\/www.visitcentroamerica.com\/sala-prensa\/en\/travel\/world-heritage\/visitez-le-salvador-et-decouvrez-les-racines-mayas-de-lamerique-centrale\/"]}]},{"@type":"ImageObject","inLanguage":"en-US","@id":"https:\/\/www.visitcentroamerica.com\/sala-prensa\/en\/travel\/world-heritage\/visitez-le-salvador-et-decouvrez-les-racines-mayas-de-lamerique-centrale\/#primaryimage","url":"https:\/\/www.visitcentroamerica.com\/sala-prensa\/wp-content\/uploads\/2023\/02\/\u00a1VISITA-EL-SALVADOR-Y-DESCUBRE-LAS-RAICES-MAYAS.jpg.png","contentUrl":"https:\/\/www.visitcentroamerica.com\/sala-prensa\/wp-content\/uploads\/2023\/02\/\u00a1VISITA-EL-SALVADOR-Y-DESCUBRE-LAS-RAICES-MAYAS.jpg.png","width":1200,"height":600},{"@type":"BreadcrumbList","@id":"https:\/\/www.visitcentroamerica.com\/sala-prensa\/en\/travel\/world-heritage\/visitez-le-salvador-et-decouvrez-les-racines-mayas-de-lamerique-centrale\/#breadcrumb","itemListElement":[{"@type":"ListItem","position":1,"name":"Portada","item":"https:\/\/www.visitcentroamerica.com\/sala-prensa\/en\/"},{"@type":"ListItem","position":2,"name":"Visitez le salvador et d\u00e9couvrez les racines mayas de l&#8217;am\u00e9rique centrale !"}]},{"@type":"WebSite","@id":"https:\/\/www.visitcentroamerica.com\/sala-prensa\/en\/#website","url":"https:\/\/www.visitcentroamerica.com\/sala-prensa\/en\/","name":"Sala de prensa","description":"","potentialAction":[{"@type":"SearchAction","target":{"@type":"EntryPoint","urlTemplate":"https:\/\/www.visitcentroamerica.com\/sala-prensa\/en\/?s={search_term_string}"},"query-input":{"@type":"PropertyValueSpecification","valueRequired":true,"valueName":"search_term_string"}}],"inLanguage":"en-US"},{"@type":"Person","@id":"https:\/\/www.visitcentroamerica.com\/sala-prensa\/en\/#\/schema\/person\/0aa3bd0dbaabaead6089ee3dd0cd7ae5","name":"Denis Alvarado","image":{"@type":"ImageObject","inLanguage":"en-US","@id":"https:\/\/secure.gravatar.com\/avatar\/c31f0697f6edb7c68d5dedc2ccbd548d2a9f73aa293e81c6a1425229ec4c9135?s=96&d=mm&r=g","url":"https:\/\/secure.gravatar.com\/avatar\/c31f0697f6edb7c68d5dedc2ccbd548d2a9f73aa293e81c6a1425229ec4c9135?s=96&d=mm&r=g","contentUrl":"https:\/\/secure.gravatar.com\/avatar\/c31f0697f6edb7c68d5dedc2ccbd548d2a9f73aa293e81c6a1425229ec4c9135?s=96&d=mm&r=g","caption":"Denis Alvarado"},"url":"https:\/\/www.visitcentroamerica.com\/sala-prensa\/en\/author\/denis\/"}]}},"_links":{"self":[{"href":"https:\/\/www.visitcentroamerica.com\/sala-prensa\/en\/wp-json\/wp\/v2\/posts\/14187","targetHints":{"allow":["GET"]}}],"collection":[{"href":"https:\/\/www.visitcentroamerica.com\/sala-prensa\/en\/wp-json\/wp\/v2\/posts"}],"about":[{"href":"https:\/\/www.visitcentroamerica.com\/sala-prensa\/en\/wp-json\/wp\/v2\/types\/post"}],"author":[{"embeddable":true,"href":"https:\/\/www.visitcentroamerica.com\/sala-prensa\/en\/wp-json\/wp\/v2\/users\/5"}],"replies":[{"embeddable":true,"href":"https:\/\/www.visitcentroamerica.com\/sala-prensa\/en\/wp-json\/wp\/v2\/comments?post=14187"}],"version-history":[{"count":1,"href":"https:\/\/www.visitcentroamerica.com\/sala-prensa\/en\/wp-json\/wp\/v2\/posts\/14187\/revisions"}],"predecessor-version":[{"id":14188,"href":"https:\/\/www.visitcentroamerica.com\/sala-prensa\/en\/wp-json\/wp\/v2\/posts\/14187\/revisions\/14188"}],"wp:featuredmedia":[{"embeddable":true,"href":"https:\/\/www.visitcentroamerica.com\/sala-prensa\/en\/wp-json\/wp\/v2\/media\/14158"}],"wp:attachment":[{"href":"https:\/\/www.visitcentroamerica.com\/sala-prensa\/en\/wp-json\/wp\/v2\/media?parent=14187"}],"wp:term":[{"taxonomy":"category","embeddable":true,"href":"https:\/\/www.visitcentroamerica.com\/sala-prensa\/en\/wp-json\/wp\/v2\/categories?post=14187"},{"taxonomy":"post_tag","embeddable":true,"href":"https:\/\/www.visitcentroamerica.com\/sala-prensa\/en\/wp-json\/wp\/v2\/tags?post=14187"}],"curies":[{"name":"wp","href":"https:\/\/api.w.org\/{rel}","templated":true}]}}