{"id":14026,"date":"2023-01-13T09:00:07","date_gmt":"2023-01-13T09:00:07","guid":{"rendered":"https:\/\/www.visitcentroamerica.com\/sala-prensa\/?p=14026"},"modified":"2022-12-20T11:27:14","modified_gmt":"2022-12-20T11:27:14","slug":"tradition-in-mittelamerika-und-die-garifuna-weltkulturerbe","status":"publish","type":"post","link":"https:\/\/www.visitcentroamerica.com\/sala-prensa\/en\/travel\/world-heritage\/tradition-in-mittelamerika-und-die-garifuna-weltkulturerbe\/","title":{"rendered":"Tradition in Mittelamerika und die Garifuna, Weltkulturerbe"},"content":{"rendered":"<p><img decoding=\"async\" class=\"alignnone size-full wp-image-13993\" src=\"https:\/\/www.visitcentroamerica.com\/sala-prensa\/wp-content\/uploads\/2022\/12\/Tradicion-en-Centroamerica-y-los-garifuna-patrimonio-de-la-Humanidad.jpg.png\" alt=\"\" width=\"auto\" height=\"100%\" srcset=\"https:\/\/www.visitcentroamerica.com\/sala-prensa\/wp-content\/uploads\/2022\/12\/Tradicion-en-Centroamerica-y-los-garifuna-patrimonio-de-la-Humanidad.jpg.png 1200w, https:\/\/www.visitcentroamerica.com\/sala-prensa\/wp-content\/uploads\/2022\/12\/Tradicion-en-Centroamerica-y-los-garifuna-patrimonio-de-la-Humanidad.jpg-300x150.png 300w, https:\/\/www.visitcentroamerica.com\/sala-prensa\/wp-content\/uploads\/2022\/12\/Tradicion-en-Centroamerica-y-los-garifuna-patrimonio-de-la-Humanidad.jpg-1024x512.png 1024w, https:\/\/www.visitcentroamerica.com\/sala-prensa\/wp-content\/uploads\/2022\/12\/Tradicion-en-Centroamerica-y-los-garifuna-patrimonio-de-la-Humanidad.jpg-768x384.png 768w, https:\/\/www.visitcentroamerica.com\/sala-prensa\/wp-content\/uploads\/2022\/12\/Tradicion-en-Centroamerica-y-los-garifuna-patrimonio-de-la-Humanidad.jpg-696x348.png 696w, https:\/\/www.visitcentroamerica.com\/sala-prensa\/wp-content\/uploads\/2022\/12\/Tradicion-en-Centroamerica-y-los-garifuna-patrimonio-de-la-Humanidad.jpg-1068x534.png 1068w, https:\/\/www.visitcentroamerica.com\/sala-prensa\/wp-content\/uploads\/2022\/12\/Tradicion-en-Centroamerica-y-los-garifuna-patrimonio-de-la-Humanidad.jpg-840x420.png 840w, https:\/\/www.visitcentroamerica.com\/sala-prensa\/wp-content\/uploads\/2022\/12\/Tradicion-en-Centroamerica-y-los-garifuna-patrimonio-de-la-Humanidad.jpg-500x250.png 500w\" sizes=\"(max-width: 1200px) 100vw, 1200px\" \/><\/p>\n<p>Die gro\u00dfe Vielfalt an Ethnien hat die <strong>enorme Tradition Mittelamerikas<\/strong> bereichert und macht diesen Teil der Welt zu einem ausgezeichneten Ziel f\u00fcr die Reise Ihres Lebens. Jedes der L\u00e4nder bietet Ihnen ein enormes Erbe, um eine gro\u00dfe Vielfalt an Kulturen zu entdecken.<\/p>\n<h2>Garifuna, eine Zivilisation, die zum immateriellen Weltkulturerbe geworden ist<\/h2>\n<p>Eines der wichtigsten Beispiele f\u00fcr diese <strong>Traditionen in Mittelamerika<\/strong> findet sich bei den Garifuna. Diese Zivilisation geh\u00f6rte zu Afrika und verschiedenen Regionen der Karibik und landete Mitte des 19. Jahrhunderts an der K\u00fcste von Belize. Die Garifuna waren bis zu dreimal vom britischen K\u00f6nigreich abgewiesen worden. Derzeit gibt es sch\u00e4tzungsweise etwas mehr als eine halbe Million von ihnen, und sie sind auch in <strong>anderen L\u00e4ndern wie Guatemala und Honduras<\/strong> zu finden.<\/p>\n<p>Die <strong>Garifuna und ihr Erbe<\/strong> sind in die Geschichte eingegangen. Derzeit sind sie Teil des <a href=\"https:\/\/ich.unesco.org\/es\/RL\/la-lengua-la-danza-y-la-msica-de-los-garifunas-00001\" target=\"_blank\" rel=\"noopener\"><strong>immateriellen Weltkulturerbes<\/strong><\/a>. Ihre Sprache geh\u00f6rt zur Familie der Arawak, und sie geh\u00f6ren zu den wenigen \u00dcberlebenden der st\u00e4ndigen Verfolgung im Laufe der Jahrhunderte. Es ist also eine hervorragende Gelegenheit, nach Mittelamerika zu reisen. Au\u00dferdem k\u00f6nnen Sie in einen ihrer St\u00e4mme eintauchen und erfahren, wie ihr Alltag aussieht.<\/p>\n<p>Die <strong>Tradition in Mittelamerika <\/strong>hat diese Region in den letzten Jahren zu einer der meistbesuchten gemacht. Machen Sie mit bei einer der wichtigsten Touren des <a href=\"https:\/\/www.visitcentroamerica.com\/packages\/centroamerica-colonial-nicaragua-salvador-guatemala\/\" target=\"_blank\" rel=\"noopener\"><strong>kolonialen Mittelamerikas<\/strong><\/a>.<\/p>\n<p>Erfahrungen: Kulturelle Vielfalt, Arch\u00e4ologie und Geschichte<\/p>\n","protected":false},"excerpt":{"rendered":"<p>Die gro\u00dfe Vielfalt an Ethnien hat die enorme Tradition Mittelamerikas bereichert und macht diesen Teil der Welt zu einem ausgezeichneten Ziel f\u00fcr die Reise Ihres Lebens. Jedes der L\u00e4nder bietet Ihnen ein enormes Erbe, um eine gro\u00dfe Vielfalt an Kulturen zu entdecken. Garifuna, eine Zivilisation, die zum immateriellen Weltkulturerbe geworden ist Eines der wichtigsten Beispiele [&hellip;]<\/p>\n","protected":false},"author":5,"featured_media":13994,"comment_status":"open","ping_status":"closed","sticky":false,"template":"","format":"standard","meta":{"footnotes":""},"categories":[105,112],"tags":[],"class_list":{"0":"post-14026","1":"post","2":"type-post","3":"status-publish","4":"format-standard","5":"has-post-thumbnail","7":"category-culture","8":"category-world-heritage"},"yoast_head":"<!-- This site is optimized with the Yoast SEO plugin v27.3 - https:\/\/yoast.com\/product\/yoast-seo-wordpress\/ -->\n<title>Tradition in Mittelamerika: Die Kultur und Geschichte der Garifuna<\/title>\n<meta name=\"description\" content=\"Die Tradition in Mittelamerika ist sehr reich und vielf\u00e4ltig. Aus diesem Grund ist es eines der wichtigsten Reiseziele, die man heutzutage finden kann\" \/>\n<meta name=\"robots\" content=\"index, follow, max-snippet:-1, max-image-preview:large, max-video-preview:-1\" \/>\n<link rel=\"canonical\" href=\"https:\/\/www.visitcentroamerica.com\/sala-prensa\/en\/travel\/world-heritage\/tradition-in-mittelamerika-und-die-garifuna-weltkulturerbe\/\" \/>\n<meta property=\"og:locale\" content=\"en_US\" \/>\n<meta property=\"og:type\" content=\"article\" \/>\n<meta property=\"og:title\" content=\"Tradition in Mittelamerika: Die Kultur und Geschichte der Garifuna\" \/>\n<meta property=\"og:description\" content=\"Die Tradition in Mittelamerika ist sehr reich und vielf\u00e4ltig. Aus diesem Grund ist es eines der wichtigsten Reiseziele, die man heutzutage finden kann\" \/>\n<meta property=\"og:url\" content=\"https:\/\/www.visitcentroamerica.com\/sala-prensa\/en\/travel\/world-heritage\/tradition-in-mittelamerika-und-die-garifuna-weltkulturerbe\/\" \/>\n<meta property=\"og:site_name\" content=\"Sala de prensa\" \/>\n<meta property=\"article:published_time\" content=\"2023-01-13T09:00:07+00:00\" \/>\n<meta property=\"og:image\" content=\"https:\/\/www.visitcentroamerica.com\/sala-prensa\/wp-content\/uploads\/2022\/12\/Tradicion-en-Centroamerica-y-los-garifuna-patrimonio-de-la-Humanidad.jpg.png\" \/>\n\t<meta property=\"og:image:width\" content=\"1200\" \/>\n\t<meta property=\"og:image:height\" content=\"600\" \/>\n\t<meta property=\"og:image:type\" content=\"image\/png\" \/>\n<meta name=\"author\" content=\"Denis Alvarado\" \/>\n<meta name=\"twitter:card\" content=\"summary_large_image\" \/>\n<meta name=\"twitter:label1\" content=\"Written by\" \/>\n\t<meta name=\"twitter:data1\" content=\"Denis Alvarado\" \/>\n\t<meta name=\"twitter:label2\" content=\"Est. reading time\" \/>\n\t<meta name=\"twitter:data2\" content=\"2 minutes\" \/>\n<script type=\"application\/ld+json\" class=\"yoast-schema-graph\">{\"@context\":\"https:\\\/\\\/schema.org\",\"@graph\":[{\"@type\":\"Article\",\"@id\":\"https:\\\/\\\/www.visitcentroamerica.com\\\/sala-prensa\\\/en\\\/travel\\\/world-heritage\\\/tradition-in-mittelamerika-und-die-garifuna-weltkulturerbe\\\/#article\",\"isPartOf\":{\"@id\":\"https:\\\/\\\/www.visitcentroamerica.com\\\/sala-prensa\\\/en\\\/travel\\\/world-heritage\\\/tradition-in-mittelamerika-und-die-garifuna-weltkulturerbe\\\/\"},\"author\":{\"name\":\"Denis Alvarado\",\"@id\":\"https:\\\/\\\/www.visitcentroamerica.com\\\/sala-prensa\\\/en\\\/#\\\/schema\\\/person\\\/0aa3bd0dbaabaead6089ee3dd0cd7ae5\"},\"headline\":\"Tradition in Mittelamerika und die Garifuna, Weltkulturerbe\",\"datePublished\":\"2023-01-13T09:00:07+00:00\",\"mainEntityOfPage\":{\"@id\":\"https:\\\/\\\/www.visitcentroamerica.com\\\/sala-prensa\\\/en\\\/travel\\\/world-heritage\\\/tradition-in-mittelamerika-und-die-garifuna-weltkulturerbe\\\/\"},\"wordCount\":240,\"commentCount\":0,\"image\":{\"@id\":\"https:\\\/\\\/www.visitcentroamerica.com\\\/sala-prensa\\\/en\\\/travel\\\/world-heritage\\\/tradition-in-mittelamerika-und-die-garifuna-weltkulturerbe\\\/#primaryimage\"},\"thumbnailUrl\":\"https:\\\/\\\/www.visitcentroamerica.com\\\/sala-prensa\\\/wp-content\\\/uploads\\\/2022\\\/12\\\/Tradicion-en-Centroamerica-y-los-garifuna-patrimonio-de-la-Humanidad.jpg.png\",\"articleSection\":[\"Culture\",\"World heritage\"],\"inLanguage\":\"en-US\",\"potentialAction\":[{\"@type\":\"CommentAction\",\"name\":\"Comment\",\"target\":[\"https:\\\/\\\/www.visitcentroamerica.com\\\/sala-prensa\\\/en\\\/travel\\\/world-heritage\\\/tradition-in-mittelamerika-und-die-garifuna-weltkulturerbe\\\/#respond\"]}]},{\"@type\":\"WebPage\",\"@id\":\"https:\\\/\\\/www.visitcentroamerica.com\\\/sala-prensa\\\/en\\\/travel\\\/world-heritage\\\/tradition-in-mittelamerika-und-die-garifuna-weltkulturerbe\\\/\",\"url\":\"https:\\\/\\\/www.visitcentroamerica.com\\\/sala-prensa\\\/en\\\/travel\\\/world-heritage\\\/tradition-in-mittelamerika-und-die-garifuna-weltkulturerbe\\\/\",\"name\":\"Tradition in Mittelamerika: Die Kultur und Geschichte der Garifuna\",\"isPartOf\":{\"@id\":\"https:\\\/\\\/www.visitcentroamerica.com\\\/sala-prensa\\\/en\\\/#website\"},\"primaryImageOfPage\":{\"@id\":\"https:\\\/\\\/www.visitcentroamerica.com\\\/sala-prensa\\\/en\\\/travel\\\/world-heritage\\\/tradition-in-mittelamerika-und-die-garifuna-weltkulturerbe\\\/#primaryimage\"},\"image\":{\"@id\":\"https:\\\/\\\/www.visitcentroamerica.com\\\/sala-prensa\\\/en\\\/travel\\\/world-heritage\\\/tradition-in-mittelamerika-und-die-garifuna-weltkulturerbe\\\/#primaryimage\"},\"thumbnailUrl\":\"https:\\\/\\\/www.visitcentroamerica.com\\\/sala-prensa\\\/wp-content\\\/uploads\\\/2022\\\/12\\\/Tradicion-en-Centroamerica-y-los-garifuna-patrimonio-de-la-Humanidad.jpg.png\",\"datePublished\":\"2023-01-13T09:00:07+00:00\",\"author\":{\"@id\":\"https:\\\/\\\/www.visitcentroamerica.com\\\/sala-prensa\\\/en\\\/#\\\/schema\\\/person\\\/0aa3bd0dbaabaead6089ee3dd0cd7ae5\"},\"description\":\"Die Tradition in Mittelamerika ist sehr reich und vielf\u00e4ltig. Aus diesem Grund ist es eines der wichtigsten Reiseziele, die man heutzutage finden kann\",\"breadcrumb\":{\"@id\":\"https:\\\/\\\/www.visitcentroamerica.com\\\/sala-prensa\\\/en\\\/travel\\\/world-heritage\\\/tradition-in-mittelamerika-und-die-garifuna-weltkulturerbe\\\/#breadcrumb\"},\"inLanguage\":\"en-US\",\"potentialAction\":[{\"@type\":\"ReadAction\",\"target\":[\"https:\\\/\\\/www.visitcentroamerica.com\\\/sala-prensa\\\/en\\\/travel\\\/world-heritage\\\/tradition-in-mittelamerika-und-die-garifuna-weltkulturerbe\\\/\"]}]},{\"@type\":\"ImageObject\",\"inLanguage\":\"en-US\",\"@id\":\"https:\\\/\\\/www.visitcentroamerica.com\\\/sala-prensa\\\/en\\\/travel\\\/world-heritage\\\/tradition-in-mittelamerika-und-die-garifuna-weltkulturerbe\\\/#primaryimage\",\"url\":\"https:\\\/\\\/www.visitcentroamerica.com\\\/sala-prensa\\\/wp-content\\\/uploads\\\/2022\\\/12\\\/Tradicion-en-Centroamerica-y-los-garifuna-patrimonio-de-la-Humanidad.jpg.png\",\"contentUrl\":\"https:\\\/\\\/www.visitcentroamerica.com\\\/sala-prensa\\\/wp-content\\\/uploads\\\/2022\\\/12\\\/Tradicion-en-Centroamerica-y-los-garifuna-patrimonio-de-la-Humanidad.jpg.png\",\"width\":1200,\"height\":600},{\"@type\":\"BreadcrumbList\",\"@id\":\"https:\\\/\\\/www.visitcentroamerica.com\\\/sala-prensa\\\/en\\\/travel\\\/world-heritage\\\/tradition-in-mittelamerika-und-die-garifuna-weltkulturerbe\\\/#breadcrumb\",\"itemListElement\":[{\"@type\":\"ListItem\",\"position\":1,\"name\":\"Portada\",\"item\":\"https:\\\/\\\/www.visitcentroamerica.com\\\/sala-prensa\\\/en\\\/\"},{\"@type\":\"ListItem\",\"position\":2,\"name\":\"Tradition in Mittelamerika und die Garifuna, Weltkulturerbe\"}]},{\"@type\":\"WebSite\",\"@id\":\"https:\\\/\\\/www.visitcentroamerica.com\\\/sala-prensa\\\/en\\\/#website\",\"url\":\"https:\\\/\\\/www.visitcentroamerica.com\\\/sala-prensa\\\/en\\\/\",\"name\":\"Sala de prensa\",\"description\":\"\",\"potentialAction\":[{\"@type\":\"SearchAction\",\"target\":{\"@type\":\"EntryPoint\",\"urlTemplate\":\"https:\\\/\\\/www.visitcentroamerica.com\\\/sala-prensa\\\/en\\\/?s={search_term_string}\"},\"query-input\":{\"@type\":\"PropertyValueSpecification\",\"valueRequired\":true,\"valueName\":\"search_term_string\"}}],\"inLanguage\":\"en-US\"},{\"@type\":\"Person\",\"@id\":\"https:\\\/\\\/www.visitcentroamerica.com\\\/sala-prensa\\\/en\\\/#\\\/schema\\\/person\\\/0aa3bd0dbaabaead6089ee3dd0cd7ae5\",\"name\":\"Denis Alvarado\",\"image\":{\"@type\":\"ImageObject\",\"inLanguage\":\"en-US\",\"@id\":\"https:\\\/\\\/secure.gravatar.com\\\/avatar\\\/c31f0697f6edb7c68d5dedc2ccbd548d2a9f73aa293e81c6a1425229ec4c9135?s=96&d=mm&r=g\",\"url\":\"https:\\\/\\\/secure.gravatar.com\\\/avatar\\\/c31f0697f6edb7c68d5dedc2ccbd548d2a9f73aa293e81c6a1425229ec4c9135?s=96&d=mm&r=g\",\"contentUrl\":\"https:\\\/\\\/secure.gravatar.com\\\/avatar\\\/c31f0697f6edb7c68d5dedc2ccbd548d2a9f73aa293e81c6a1425229ec4c9135?s=96&d=mm&r=g\",\"caption\":\"Denis Alvarado\"},\"url\":\"https:\\\/\\\/www.visitcentroamerica.com\\\/sala-prensa\\\/en\\\/author\\\/denis\\\/\"}]}<\/script>\n<!-- \/ Yoast SEO plugin. -->","yoast_head_json":{"title":"Tradition in Mittelamerika: Die Kultur und Geschichte der Garifuna","description":"Die Tradition in Mittelamerika ist sehr reich und vielf\u00e4ltig. Aus diesem Grund ist es eines der wichtigsten Reiseziele, die man heutzutage finden kann","robots":{"index":"index","follow":"follow","max-snippet":"max-snippet:-1","max-image-preview":"max-image-preview:large","max-video-preview":"max-video-preview:-1"},"canonical":"https:\/\/www.visitcentroamerica.com\/sala-prensa\/en\/travel\/world-heritage\/tradition-in-mittelamerika-und-die-garifuna-weltkulturerbe\/","og_locale":"en_US","og_type":"article","og_title":"Tradition in Mittelamerika: Die Kultur und Geschichte der Garifuna","og_description":"Die Tradition in Mittelamerika ist sehr reich und vielf\u00e4ltig. Aus diesem Grund ist es eines der wichtigsten Reiseziele, die man heutzutage finden kann","og_url":"https:\/\/www.visitcentroamerica.com\/sala-prensa\/en\/travel\/world-heritage\/tradition-in-mittelamerika-und-die-garifuna-weltkulturerbe\/","og_site_name":"Sala de prensa","article_published_time":"2023-01-13T09:00:07+00:00","og_image":[{"width":1200,"height":600,"url":"https:\/\/www.visitcentroamerica.com\/sala-prensa\/wp-content\/uploads\/2022\/12\/Tradicion-en-Centroamerica-y-los-garifuna-patrimonio-de-la-Humanidad.jpg.png","type":"image\/png"}],"author":"Denis Alvarado","twitter_card":"summary_large_image","twitter_misc":{"Written by":"Denis Alvarado","Est. reading time":"2 minutes"},"schema":{"@context":"https:\/\/schema.org","@graph":[{"@type":"Article","@id":"https:\/\/www.visitcentroamerica.com\/sala-prensa\/en\/travel\/world-heritage\/tradition-in-mittelamerika-und-die-garifuna-weltkulturerbe\/#article","isPartOf":{"@id":"https:\/\/www.visitcentroamerica.com\/sala-prensa\/en\/travel\/world-heritage\/tradition-in-mittelamerika-und-die-garifuna-weltkulturerbe\/"},"author":{"name":"Denis Alvarado","@id":"https:\/\/www.visitcentroamerica.com\/sala-prensa\/en\/#\/schema\/person\/0aa3bd0dbaabaead6089ee3dd0cd7ae5"},"headline":"Tradition in Mittelamerika und die Garifuna, Weltkulturerbe","datePublished":"2023-01-13T09:00:07+00:00","mainEntityOfPage":{"@id":"https:\/\/www.visitcentroamerica.com\/sala-prensa\/en\/travel\/world-heritage\/tradition-in-mittelamerika-und-die-garifuna-weltkulturerbe\/"},"wordCount":240,"commentCount":0,"image":{"@id":"https:\/\/www.visitcentroamerica.com\/sala-prensa\/en\/travel\/world-heritage\/tradition-in-mittelamerika-und-die-garifuna-weltkulturerbe\/#primaryimage"},"thumbnailUrl":"https:\/\/www.visitcentroamerica.com\/sala-prensa\/wp-content\/uploads\/2022\/12\/Tradicion-en-Centroamerica-y-los-garifuna-patrimonio-de-la-Humanidad.jpg.png","articleSection":["Culture","World heritage"],"inLanguage":"en-US","potentialAction":[{"@type":"CommentAction","name":"Comment","target":["https:\/\/www.visitcentroamerica.com\/sala-prensa\/en\/travel\/world-heritage\/tradition-in-mittelamerika-und-die-garifuna-weltkulturerbe\/#respond"]}]},{"@type":"WebPage","@id":"https:\/\/www.visitcentroamerica.com\/sala-prensa\/en\/travel\/world-heritage\/tradition-in-mittelamerika-und-die-garifuna-weltkulturerbe\/","url":"https:\/\/www.visitcentroamerica.com\/sala-prensa\/en\/travel\/world-heritage\/tradition-in-mittelamerika-und-die-garifuna-weltkulturerbe\/","name":"Tradition in Mittelamerika: Die Kultur und Geschichte der Garifuna","isPartOf":{"@id":"https:\/\/www.visitcentroamerica.com\/sala-prensa\/en\/#website"},"primaryImageOfPage":{"@id":"https:\/\/www.visitcentroamerica.com\/sala-prensa\/en\/travel\/world-heritage\/tradition-in-mittelamerika-und-die-garifuna-weltkulturerbe\/#primaryimage"},"image":{"@id":"https:\/\/www.visitcentroamerica.com\/sala-prensa\/en\/travel\/world-heritage\/tradition-in-mittelamerika-und-die-garifuna-weltkulturerbe\/#primaryimage"},"thumbnailUrl":"https:\/\/www.visitcentroamerica.com\/sala-prensa\/wp-content\/uploads\/2022\/12\/Tradicion-en-Centroamerica-y-los-garifuna-patrimonio-de-la-Humanidad.jpg.png","datePublished":"2023-01-13T09:00:07+00:00","author":{"@id":"https:\/\/www.visitcentroamerica.com\/sala-prensa\/en\/#\/schema\/person\/0aa3bd0dbaabaead6089ee3dd0cd7ae5"},"description":"Die Tradition in Mittelamerika ist sehr reich und vielf\u00e4ltig. Aus diesem Grund ist es eines der wichtigsten Reiseziele, die man heutzutage finden kann","breadcrumb":{"@id":"https:\/\/www.visitcentroamerica.com\/sala-prensa\/en\/travel\/world-heritage\/tradition-in-mittelamerika-und-die-garifuna-weltkulturerbe\/#breadcrumb"},"inLanguage":"en-US","potentialAction":[{"@type":"ReadAction","target":["https:\/\/www.visitcentroamerica.com\/sala-prensa\/en\/travel\/world-heritage\/tradition-in-mittelamerika-und-die-garifuna-weltkulturerbe\/"]}]},{"@type":"ImageObject","inLanguage":"en-US","@id":"https:\/\/www.visitcentroamerica.com\/sala-prensa\/en\/travel\/world-heritage\/tradition-in-mittelamerika-und-die-garifuna-weltkulturerbe\/#primaryimage","url":"https:\/\/www.visitcentroamerica.com\/sala-prensa\/wp-content\/uploads\/2022\/12\/Tradicion-en-Centroamerica-y-los-garifuna-patrimonio-de-la-Humanidad.jpg.png","contentUrl":"https:\/\/www.visitcentroamerica.com\/sala-prensa\/wp-content\/uploads\/2022\/12\/Tradicion-en-Centroamerica-y-los-garifuna-patrimonio-de-la-Humanidad.jpg.png","width":1200,"height":600},{"@type":"BreadcrumbList","@id":"https:\/\/www.visitcentroamerica.com\/sala-prensa\/en\/travel\/world-heritage\/tradition-in-mittelamerika-und-die-garifuna-weltkulturerbe\/#breadcrumb","itemListElement":[{"@type":"ListItem","position":1,"name":"Portada","item":"https:\/\/www.visitcentroamerica.com\/sala-prensa\/en\/"},{"@type":"ListItem","position":2,"name":"Tradition in Mittelamerika und die Garifuna, Weltkulturerbe"}]},{"@type":"WebSite","@id":"https:\/\/www.visitcentroamerica.com\/sala-prensa\/en\/#website","url":"https:\/\/www.visitcentroamerica.com\/sala-prensa\/en\/","name":"Sala de prensa","description":"","potentialAction":[{"@type":"SearchAction","target":{"@type":"EntryPoint","urlTemplate":"https:\/\/www.visitcentroamerica.com\/sala-prensa\/en\/?s={search_term_string}"},"query-input":{"@type":"PropertyValueSpecification","valueRequired":true,"valueName":"search_term_string"}}],"inLanguage":"en-US"},{"@type":"Person","@id":"https:\/\/www.visitcentroamerica.com\/sala-prensa\/en\/#\/schema\/person\/0aa3bd0dbaabaead6089ee3dd0cd7ae5","name":"Denis Alvarado","image":{"@type":"ImageObject","inLanguage":"en-US","@id":"https:\/\/secure.gravatar.com\/avatar\/c31f0697f6edb7c68d5dedc2ccbd548d2a9f73aa293e81c6a1425229ec4c9135?s=96&d=mm&r=g","url":"https:\/\/secure.gravatar.com\/avatar\/c31f0697f6edb7c68d5dedc2ccbd548d2a9f73aa293e81c6a1425229ec4c9135?s=96&d=mm&r=g","contentUrl":"https:\/\/secure.gravatar.com\/avatar\/c31f0697f6edb7c68d5dedc2ccbd548d2a9f73aa293e81c6a1425229ec4c9135?s=96&d=mm&r=g","caption":"Denis Alvarado"},"url":"https:\/\/www.visitcentroamerica.com\/sala-prensa\/en\/author\/denis\/"}]}},"_links":{"self":[{"href":"https:\/\/www.visitcentroamerica.com\/sala-prensa\/en\/wp-json\/wp\/v2\/posts\/14026","targetHints":{"allow":["GET"]}}],"collection":[{"href":"https:\/\/www.visitcentroamerica.com\/sala-prensa\/en\/wp-json\/wp\/v2\/posts"}],"about":[{"href":"https:\/\/www.visitcentroamerica.com\/sala-prensa\/en\/wp-json\/wp\/v2\/types\/post"}],"author":[{"embeddable":true,"href":"https:\/\/www.visitcentroamerica.com\/sala-prensa\/en\/wp-json\/wp\/v2\/users\/5"}],"replies":[{"embeddable":true,"href":"https:\/\/www.visitcentroamerica.com\/sala-prensa\/en\/wp-json\/wp\/v2\/comments?post=14026"}],"version-history":[{"count":1,"href":"https:\/\/www.visitcentroamerica.com\/sala-prensa\/en\/wp-json\/wp\/v2\/posts\/14026\/revisions"}],"predecessor-version":[{"id":14027,"href":"https:\/\/www.visitcentroamerica.com\/sala-prensa\/en\/wp-json\/wp\/v2\/posts\/14026\/revisions\/14027"}],"wp:featuredmedia":[{"embeddable":true,"href":"https:\/\/www.visitcentroamerica.com\/sala-prensa\/en\/wp-json\/wp\/v2\/media\/13994"}],"wp:attachment":[{"href":"https:\/\/www.visitcentroamerica.com\/sala-prensa\/en\/wp-json\/wp\/v2\/media?parent=14026"}],"wp:term":[{"taxonomy":"category","embeddable":true,"href":"https:\/\/www.visitcentroamerica.com\/sala-prensa\/en\/wp-json\/wp\/v2\/categories?post=14026"},{"taxonomy":"post_tag","embeddable":true,"href":"https:\/\/www.visitcentroamerica.com\/sala-prensa\/en\/wp-json\/wp\/v2\/tags?post=14026"}],"curies":[{"name":"wp","href":"https:\/\/api.w.org\/{rel}","templated":true}]}}