{"id":13446,"date":"2022-08-11T10:00:36","date_gmt":"2022-08-11T10:00:36","guid":{"rendered":"https:\/\/www.visitcentroamerica.com\/sala-prensa\/?p=13446"},"modified":"2022-07-04T09:48:14","modified_gmt":"2022-07-04T09:48:14","slug":"entdecken-sie-die-wichtigsten-indigenen-volker-von-el-salvador-und-honduras","status":"publish","type":"post","link":"https:\/\/www.visitcentroamerica.com\/sala-prensa\/en\/travel\/culture\/entdecken-sie-die-wichtigsten-indigenen-volker-von-el-salvador-und-honduras\/","title":{"rendered":"Entdecken Sie die wichtigsten indigenen V\u00f6lker von El Salvador und Honduras."},"content":{"rendered":"<p><img decoding=\"async\" class=\"alignnone size-full wp-image-13423\" src=\"https:\/\/www.visitcentroamerica.com\/sala-prensa\/wp-content\/uploads\/2022\/07\/PUEBLOS-ORIGINARIOS-DE-ELS.jpg\" alt=\"principales pueblos originarios\" width=\"auto\" height=\"100%\" srcset=\"https:\/\/www.visitcentroamerica.com\/sala-prensa\/wp-content\/uploads\/2022\/07\/PUEBLOS-ORIGINARIOS-DE-ELS.jpg 1200w, https:\/\/www.visitcentroamerica.com\/sala-prensa\/wp-content\/uploads\/2022\/07\/PUEBLOS-ORIGINARIOS-DE-ELS-300x150.jpg 300w, https:\/\/www.visitcentroamerica.com\/sala-prensa\/wp-content\/uploads\/2022\/07\/PUEBLOS-ORIGINARIOS-DE-ELS-1024x512.jpg 1024w, https:\/\/www.visitcentroamerica.com\/sala-prensa\/wp-content\/uploads\/2022\/07\/PUEBLOS-ORIGINARIOS-DE-ELS-768x384.jpg 768w, https:\/\/www.visitcentroamerica.com\/sala-prensa\/wp-content\/uploads\/2022\/07\/PUEBLOS-ORIGINARIOS-DE-ELS-696x348.jpg 696w, https:\/\/www.visitcentroamerica.com\/sala-prensa\/wp-content\/uploads\/2022\/07\/PUEBLOS-ORIGINARIOS-DE-ELS-1068x534.jpg 1068w, https:\/\/www.visitcentroamerica.com\/sala-prensa\/wp-content\/uploads\/2022\/07\/PUEBLOS-ORIGINARIOS-DE-ELS-840x420.jpg 840w, https:\/\/www.visitcentroamerica.com\/sala-prensa\/wp-content\/uploads\/2022\/07\/PUEBLOS-ORIGINARIOS-DE-ELS-500x250.jpg 500w\" sizes=\"(max-width: 1200px) 100vw, 1200px\" \/><\/p>\n<p><strong>Mittelamerika<\/strong> bietet eine gro\u00dfe kulturelle Vielfalt. Sie k\u00f6nnen also sowohl die alten Br\u00e4uche als auch die herrliche Umgebung kennen lernen. Wir werden Ihnen nun einige der <strong>indigenen V\u00f6lker in El Salvador und Honduras<\/strong> vorstellen, die die gr\u00f6\u00dften einheimischen Bev\u00f6lkerungsgruppen haben.<\/p>\n<h3>Indigene V\u00f6lker in El Salvador<\/h3>\n<p>Es gibt haupts\u00e4chlich drei Gemeinschaften:<\/p>\n<ul>\n<li>Die <strong>Nahuat-Pipiles<\/strong>: Man kann sie in den Departements Ahuachap\u00e1n, Sonsonate oder El Salvador sehen.<\/li>\n<li>Die <strong>Lenca Pot\u00f3n<\/strong>: Sie befinden sich in den Departements Usulut\u00e1n, San Miguel oder Moraz\u00e1n.<\/li>\n<li>Die <strong>Cacaoperas oder Kakawiras<\/strong>: Sie leben in den Departements Moraz\u00e1n und n\u00f6rdlich von La Uni\u00f3n.<\/li>\n<\/ul>\n<p>Panchimalco und Izalco sind zwei ideale Reiseziele, in denen man die Traditionen noch lebendig erleben kann. Panchimalco hat wundersch\u00f6ne, mit Blumen geschm\u00fcckte H\u00e4user, und Izalco bietet Kolonialarchitektur und eine interessante Umgebung.<\/p>\n<h3>Indigene V\u00f6lker in Honduras<\/h3>\n<p>Heute sind in dem Land neun indigene V\u00f6lker anerkannt. Die <strong>Lenca<\/strong> sind die gr\u00f6\u00dfte ethnische Gruppe und leben in den Departements Comayagua, La Paz, Lempira, Santa B\u00e1rbara und Intibuc\u00e1 in D\u00f6rfern in Stra\u00dfenn\u00e4he. Die <strong>Garifuna-D\u00f6rfer <\/strong>befinden sich an der Nordk\u00fcste. Und die <strong>Jicaques oder Tolupanes<\/strong> in den Departements Cort\u00e9s und Atl\u00e1ntida sind gut in die honduranische b\u00e4uerliche Gesellschaft integriert.<\/p>\n<p>M\u00f6chten Sie die <strong>einheimischen V\u00f6lker von El Salvador und Honduras<\/strong> entdecken? Z\u00f6gern Sie nicht und <a href=\"https:\/\/www.visitcentroamerica.com\/packages\/costa-rica-nicaragua-autenticas\/\" target=\"_blank\" rel=\"noopener\">lernen Sie die indigenen Gemeinschaften mit dieser<em> Tour<\/em><\/a> <strong>mit mehreren verschiedenen Reisezielen<\/strong> kennen Werfen Sie auch einen Blick auf unsere <a href=\"https:\/\/www.visitcentroamerica.com\/packages\/?_sft_typology-package=cultura&amp;amp;sf_paged=2\" target=\"_blank\" rel=\"noopener\">kulturellen Touren<\/a> und die <a href=\"https:\/\/www.visitcentroamerica.com\/packages\/?_sft_typology-package=diversidad-cultural\" target=\"_blank\" rel=\"noopener\">kulturelle Vielfalt<\/a> in Mittelamerika.<\/p>\n","protected":false},"excerpt":{"rendered":"<p>Mittelamerika bietet eine gro\u00dfe kulturelle Vielfalt. Sie k\u00f6nnen also sowohl die alten Br\u00e4uche als auch die herrliche Umgebung kennen lernen. Wir werden Ihnen nun einige der indigenen V\u00f6lker in El Salvador und Honduras vorstellen, die die gr\u00f6\u00dften einheimischen Bev\u00f6lkerungsgruppen haben. Indigene V\u00f6lker in El Salvador Es gibt haupts\u00e4chlich drei Gemeinschaften: Die Nahuat-Pipiles: Man kann sie [&hellip;]<\/p>\n","protected":false},"author":5,"featured_media":13424,"comment_status":"open","ping_status":"closed","sticky":false,"template":"","format":"standard","meta":{"footnotes":""},"categories":[105],"tags":[],"class_list":{"0":"post-13446","1":"post","2":"type-post","3":"status-publish","4":"format-standard","5":"has-post-thumbnail","7":"category-culture"},"yoast_head":"<!-- This site is optimized with the Yoast SEO plugin v27.3 - https:\/\/yoast.com\/product\/yoast-seo-wordpress\/ -->\n<title>Welches sind die indigenen V\u00f6lker von El Salvador und Honduras?<\/title>\n<meta name=\"description\" content=\"In Mittelamerika gibt es noch zahlreiche ethnische Gruppen. Insbesondere bei den indigenen V\u00f6lkern in El Salvador und Honduras. Finden Sie heraus, wo Sie sie antreffen k\u00f6nnen\" \/>\n<meta name=\"robots\" content=\"index, follow, max-snippet:-1, max-image-preview:large, max-video-preview:-1\" \/>\n<link rel=\"canonical\" href=\"https:\/\/www.visitcentroamerica.com\/sala-prensa\/en\/travel\/culture\/entdecken-sie-die-wichtigsten-indigenen-volker-von-el-salvador-und-honduras\/\" \/>\n<meta property=\"og:locale\" content=\"en_US\" \/>\n<meta property=\"og:type\" content=\"article\" \/>\n<meta property=\"og:title\" content=\"Welches sind die indigenen V\u00f6lker von El Salvador und Honduras?\" \/>\n<meta property=\"og:description\" content=\"In Mittelamerika gibt es noch zahlreiche ethnische Gruppen. Insbesondere bei den indigenen V\u00f6lkern in El Salvador und Honduras. Finden Sie heraus, wo Sie sie antreffen k\u00f6nnen\" \/>\n<meta property=\"og:url\" content=\"https:\/\/www.visitcentroamerica.com\/sala-prensa\/en\/travel\/culture\/entdecken-sie-die-wichtigsten-indigenen-volker-von-el-salvador-und-honduras\/\" \/>\n<meta property=\"og:site_name\" content=\"Sala de prensa\" \/>\n<meta property=\"article:published_time\" content=\"2022-08-11T10:00:36+00:00\" \/>\n<meta property=\"og:image\" content=\"https:\/\/www.visitcentroamerica.com\/sala-prensa\/wp-content\/uploads\/2022\/07\/PUEBLOS-ORIGINARIOS-DE-ELS.jpg\" \/>\n\t<meta property=\"og:image:width\" content=\"1200\" \/>\n\t<meta property=\"og:image:height\" content=\"600\" \/>\n\t<meta property=\"og:image:type\" content=\"image\/jpeg\" \/>\n<meta name=\"author\" content=\"Denis Alvarado\" \/>\n<meta name=\"twitter:card\" content=\"summary_large_image\" \/>\n<meta name=\"twitter:label1\" content=\"Written by\" \/>\n\t<meta name=\"twitter:data1\" content=\"Denis Alvarado\" \/>\n\t<meta name=\"twitter:label2\" content=\"Est. reading time\" \/>\n\t<meta name=\"twitter:data2\" content=\"2 minutes\" \/>\n<script type=\"application\/ld+json\" class=\"yoast-schema-graph\">{\"@context\":\"https:\\\/\\\/schema.org\",\"@graph\":[{\"@type\":\"Article\",\"@id\":\"https:\\\/\\\/www.visitcentroamerica.com\\\/sala-prensa\\\/en\\\/travel\\\/culture\\\/entdecken-sie-die-wichtigsten-indigenen-volker-von-el-salvador-und-honduras\\\/#article\",\"isPartOf\":{\"@id\":\"https:\\\/\\\/www.visitcentroamerica.com\\\/sala-prensa\\\/en\\\/travel\\\/culture\\\/entdecken-sie-die-wichtigsten-indigenen-volker-von-el-salvador-und-honduras\\\/\"},\"author\":{\"name\":\"Denis Alvarado\",\"@id\":\"https:\\\/\\\/www.visitcentroamerica.com\\\/sala-prensa\\\/en\\\/#\\\/schema\\\/person\\\/0aa3bd0dbaabaead6089ee3dd0cd7ae5\"},\"headline\":\"Entdecken Sie die wichtigsten indigenen V\u00f6lker von El Salvador und Honduras.\",\"datePublished\":\"2022-08-11T10:00:36+00:00\",\"mainEntityOfPage\":{\"@id\":\"https:\\\/\\\/www.visitcentroamerica.com\\\/sala-prensa\\\/en\\\/travel\\\/culture\\\/entdecken-sie-die-wichtigsten-indigenen-volker-von-el-salvador-und-honduras\\\/\"},\"wordCount\":275,\"commentCount\":0,\"image\":{\"@id\":\"https:\\\/\\\/www.visitcentroamerica.com\\\/sala-prensa\\\/en\\\/travel\\\/culture\\\/entdecken-sie-die-wichtigsten-indigenen-volker-von-el-salvador-und-honduras\\\/#primaryimage\"},\"thumbnailUrl\":\"https:\\\/\\\/www.visitcentroamerica.com\\\/sala-prensa\\\/wp-content\\\/uploads\\\/2022\\\/07\\\/PUEBLOS-ORIGINARIOS-DE-ELS.jpg\",\"articleSection\":[\"Culture\"],\"inLanguage\":\"en-US\",\"potentialAction\":[{\"@type\":\"CommentAction\",\"name\":\"Comment\",\"target\":[\"https:\\\/\\\/www.visitcentroamerica.com\\\/sala-prensa\\\/en\\\/travel\\\/culture\\\/entdecken-sie-die-wichtigsten-indigenen-volker-von-el-salvador-und-honduras\\\/#respond\"]}]},{\"@type\":\"WebPage\",\"@id\":\"https:\\\/\\\/www.visitcentroamerica.com\\\/sala-prensa\\\/en\\\/travel\\\/culture\\\/entdecken-sie-die-wichtigsten-indigenen-volker-von-el-salvador-und-honduras\\\/\",\"url\":\"https:\\\/\\\/www.visitcentroamerica.com\\\/sala-prensa\\\/en\\\/travel\\\/culture\\\/entdecken-sie-die-wichtigsten-indigenen-volker-von-el-salvador-und-honduras\\\/\",\"name\":\"Welches sind die indigenen V\u00f6lker von El Salvador und Honduras?\",\"isPartOf\":{\"@id\":\"https:\\\/\\\/www.visitcentroamerica.com\\\/sala-prensa\\\/en\\\/#website\"},\"primaryImageOfPage\":{\"@id\":\"https:\\\/\\\/www.visitcentroamerica.com\\\/sala-prensa\\\/en\\\/travel\\\/culture\\\/entdecken-sie-die-wichtigsten-indigenen-volker-von-el-salvador-und-honduras\\\/#primaryimage\"},\"image\":{\"@id\":\"https:\\\/\\\/www.visitcentroamerica.com\\\/sala-prensa\\\/en\\\/travel\\\/culture\\\/entdecken-sie-die-wichtigsten-indigenen-volker-von-el-salvador-und-honduras\\\/#primaryimage\"},\"thumbnailUrl\":\"https:\\\/\\\/www.visitcentroamerica.com\\\/sala-prensa\\\/wp-content\\\/uploads\\\/2022\\\/07\\\/PUEBLOS-ORIGINARIOS-DE-ELS.jpg\",\"datePublished\":\"2022-08-11T10:00:36+00:00\",\"author\":{\"@id\":\"https:\\\/\\\/www.visitcentroamerica.com\\\/sala-prensa\\\/en\\\/#\\\/schema\\\/person\\\/0aa3bd0dbaabaead6089ee3dd0cd7ae5\"},\"description\":\"In Mittelamerika gibt es noch zahlreiche ethnische Gruppen. Insbesondere bei den indigenen V\u00f6lkern in El Salvador und Honduras. Finden Sie heraus, wo Sie sie antreffen k\u00f6nnen\",\"breadcrumb\":{\"@id\":\"https:\\\/\\\/www.visitcentroamerica.com\\\/sala-prensa\\\/en\\\/travel\\\/culture\\\/entdecken-sie-die-wichtigsten-indigenen-volker-von-el-salvador-und-honduras\\\/#breadcrumb\"},\"inLanguage\":\"en-US\",\"potentialAction\":[{\"@type\":\"ReadAction\",\"target\":[\"https:\\\/\\\/www.visitcentroamerica.com\\\/sala-prensa\\\/en\\\/travel\\\/culture\\\/entdecken-sie-die-wichtigsten-indigenen-volker-von-el-salvador-und-honduras\\\/\"]}]},{\"@type\":\"ImageObject\",\"inLanguage\":\"en-US\",\"@id\":\"https:\\\/\\\/www.visitcentroamerica.com\\\/sala-prensa\\\/en\\\/travel\\\/culture\\\/entdecken-sie-die-wichtigsten-indigenen-volker-von-el-salvador-und-honduras\\\/#primaryimage\",\"url\":\"https:\\\/\\\/www.visitcentroamerica.com\\\/sala-prensa\\\/wp-content\\\/uploads\\\/2022\\\/07\\\/PUEBLOS-ORIGINARIOS-DE-ELS.jpg\",\"contentUrl\":\"https:\\\/\\\/www.visitcentroamerica.com\\\/sala-prensa\\\/wp-content\\\/uploads\\\/2022\\\/07\\\/PUEBLOS-ORIGINARIOS-DE-ELS.jpg\",\"width\":1200,\"height\":600,\"caption\":\"principales pueblos originarios\"},{\"@type\":\"BreadcrumbList\",\"@id\":\"https:\\\/\\\/www.visitcentroamerica.com\\\/sala-prensa\\\/en\\\/travel\\\/culture\\\/entdecken-sie-die-wichtigsten-indigenen-volker-von-el-salvador-und-honduras\\\/#breadcrumb\",\"itemListElement\":[{\"@type\":\"ListItem\",\"position\":1,\"name\":\"Portada\",\"item\":\"https:\\\/\\\/www.visitcentroamerica.com\\\/sala-prensa\\\/en\\\/\"},{\"@type\":\"ListItem\",\"position\":2,\"name\":\"Entdecken Sie die wichtigsten indigenen V\u00f6lker von El Salvador und Honduras.\"}]},{\"@type\":\"WebSite\",\"@id\":\"https:\\\/\\\/www.visitcentroamerica.com\\\/sala-prensa\\\/en\\\/#website\",\"url\":\"https:\\\/\\\/www.visitcentroamerica.com\\\/sala-prensa\\\/en\\\/\",\"name\":\"Sala de prensa\",\"description\":\"\",\"potentialAction\":[{\"@type\":\"SearchAction\",\"target\":{\"@type\":\"EntryPoint\",\"urlTemplate\":\"https:\\\/\\\/www.visitcentroamerica.com\\\/sala-prensa\\\/en\\\/?s={search_term_string}\"},\"query-input\":{\"@type\":\"PropertyValueSpecification\",\"valueRequired\":true,\"valueName\":\"search_term_string\"}}],\"inLanguage\":\"en-US\"},{\"@type\":\"Person\",\"@id\":\"https:\\\/\\\/www.visitcentroamerica.com\\\/sala-prensa\\\/en\\\/#\\\/schema\\\/person\\\/0aa3bd0dbaabaead6089ee3dd0cd7ae5\",\"name\":\"Denis Alvarado\",\"image\":{\"@type\":\"ImageObject\",\"inLanguage\":\"en-US\",\"@id\":\"https:\\\/\\\/secure.gravatar.com\\\/avatar\\\/c31f0697f6edb7c68d5dedc2ccbd548d2a9f73aa293e81c6a1425229ec4c9135?s=96&d=mm&r=g\",\"url\":\"https:\\\/\\\/secure.gravatar.com\\\/avatar\\\/c31f0697f6edb7c68d5dedc2ccbd548d2a9f73aa293e81c6a1425229ec4c9135?s=96&d=mm&r=g\",\"contentUrl\":\"https:\\\/\\\/secure.gravatar.com\\\/avatar\\\/c31f0697f6edb7c68d5dedc2ccbd548d2a9f73aa293e81c6a1425229ec4c9135?s=96&d=mm&r=g\",\"caption\":\"Denis Alvarado\"},\"url\":\"https:\\\/\\\/www.visitcentroamerica.com\\\/sala-prensa\\\/en\\\/author\\\/denis\\\/\"}]}<\/script>\n<!-- \/ Yoast SEO plugin. -->","yoast_head_json":{"title":"Welches sind die indigenen V\u00f6lker von El Salvador und Honduras?","description":"In Mittelamerika gibt es noch zahlreiche ethnische Gruppen. Insbesondere bei den indigenen V\u00f6lkern in El Salvador und Honduras. Finden Sie heraus, wo Sie sie antreffen k\u00f6nnen","robots":{"index":"index","follow":"follow","max-snippet":"max-snippet:-1","max-image-preview":"max-image-preview:large","max-video-preview":"max-video-preview:-1"},"canonical":"https:\/\/www.visitcentroamerica.com\/sala-prensa\/en\/travel\/culture\/entdecken-sie-die-wichtigsten-indigenen-volker-von-el-salvador-und-honduras\/","og_locale":"en_US","og_type":"article","og_title":"Welches sind die indigenen V\u00f6lker von El Salvador und Honduras?","og_description":"In Mittelamerika gibt es noch zahlreiche ethnische Gruppen. Insbesondere bei den indigenen V\u00f6lkern in El Salvador und Honduras. Finden Sie heraus, wo Sie sie antreffen k\u00f6nnen","og_url":"https:\/\/www.visitcentroamerica.com\/sala-prensa\/en\/travel\/culture\/entdecken-sie-die-wichtigsten-indigenen-volker-von-el-salvador-und-honduras\/","og_site_name":"Sala de prensa","article_published_time":"2022-08-11T10:00:36+00:00","og_image":[{"width":1200,"height":600,"url":"https:\/\/www.visitcentroamerica.com\/sala-prensa\/wp-content\/uploads\/2022\/07\/PUEBLOS-ORIGINARIOS-DE-ELS.jpg","type":"image\/jpeg"}],"author":"Denis Alvarado","twitter_card":"summary_large_image","twitter_misc":{"Written by":"Denis Alvarado","Est. reading time":"2 minutes"},"schema":{"@context":"https:\/\/schema.org","@graph":[{"@type":"Article","@id":"https:\/\/www.visitcentroamerica.com\/sala-prensa\/en\/travel\/culture\/entdecken-sie-die-wichtigsten-indigenen-volker-von-el-salvador-und-honduras\/#article","isPartOf":{"@id":"https:\/\/www.visitcentroamerica.com\/sala-prensa\/en\/travel\/culture\/entdecken-sie-die-wichtigsten-indigenen-volker-von-el-salvador-und-honduras\/"},"author":{"name":"Denis Alvarado","@id":"https:\/\/www.visitcentroamerica.com\/sala-prensa\/en\/#\/schema\/person\/0aa3bd0dbaabaead6089ee3dd0cd7ae5"},"headline":"Entdecken Sie die wichtigsten indigenen V\u00f6lker von El Salvador und Honduras.","datePublished":"2022-08-11T10:00:36+00:00","mainEntityOfPage":{"@id":"https:\/\/www.visitcentroamerica.com\/sala-prensa\/en\/travel\/culture\/entdecken-sie-die-wichtigsten-indigenen-volker-von-el-salvador-und-honduras\/"},"wordCount":275,"commentCount":0,"image":{"@id":"https:\/\/www.visitcentroamerica.com\/sala-prensa\/en\/travel\/culture\/entdecken-sie-die-wichtigsten-indigenen-volker-von-el-salvador-und-honduras\/#primaryimage"},"thumbnailUrl":"https:\/\/www.visitcentroamerica.com\/sala-prensa\/wp-content\/uploads\/2022\/07\/PUEBLOS-ORIGINARIOS-DE-ELS.jpg","articleSection":["Culture"],"inLanguage":"en-US","potentialAction":[{"@type":"CommentAction","name":"Comment","target":["https:\/\/www.visitcentroamerica.com\/sala-prensa\/en\/travel\/culture\/entdecken-sie-die-wichtigsten-indigenen-volker-von-el-salvador-und-honduras\/#respond"]}]},{"@type":"WebPage","@id":"https:\/\/www.visitcentroamerica.com\/sala-prensa\/en\/travel\/culture\/entdecken-sie-die-wichtigsten-indigenen-volker-von-el-salvador-und-honduras\/","url":"https:\/\/www.visitcentroamerica.com\/sala-prensa\/en\/travel\/culture\/entdecken-sie-die-wichtigsten-indigenen-volker-von-el-salvador-und-honduras\/","name":"Welches sind die indigenen V\u00f6lker von El Salvador und Honduras?","isPartOf":{"@id":"https:\/\/www.visitcentroamerica.com\/sala-prensa\/en\/#website"},"primaryImageOfPage":{"@id":"https:\/\/www.visitcentroamerica.com\/sala-prensa\/en\/travel\/culture\/entdecken-sie-die-wichtigsten-indigenen-volker-von-el-salvador-und-honduras\/#primaryimage"},"image":{"@id":"https:\/\/www.visitcentroamerica.com\/sala-prensa\/en\/travel\/culture\/entdecken-sie-die-wichtigsten-indigenen-volker-von-el-salvador-und-honduras\/#primaryimage"},"thumbnailUrl":"https:\/\/www.visitcentroamerica.com\/sala-prensa\/wp-content\/uploads\/2022\/07\/PUEBLOS-ORIGINARIOS-DE-ELS.jpg","datePublished":"2022-08-11T10:00:36+00:00","author":{"@id":"https:\/\/www.visitcentroamerica.com\/sala-prensa\/en\/#\/schema\/person\/0aa3bd0dbaabaead6089ee3dd0cd7ae5"},"description":"In Mittelamerika gibt es noch zahlreiche ethnische Gruppen. Insbesondere bei den indigenen V\u00f6lkern in El Salvador und Honduras. Finden Sie heraus, wo Sie sie antreffen k\u00f6nnen","breadcrumb":{"@id":"https:\/\/www.visitcentroamerica.com\/sala-prensa\/en\/travel\/culture\/entdecken-sie-die-wichtigsten-indigenen-volker-von-el-salvador-und-honduras\/#breadcrumb"},"inLanguage":"en-US","potentialAction":[{"@type":"ReadAction","target":["https:\/\/www.visitcentroamerica.com\/sala-prensa\/en\/travel\/culture\/entdecken-sie-die-wichtigsten-indigenen-volker-von-el-salvador-und-honduras\/"]}]},{"@type":"ImageObject","inLanguage":"en-US","@id":"https:\/\/www.visitcentroamerica.com\/sala-prensa\/en\/travel\/culture\/entdecken-sie-die-wichtigsten-indigenen-volker-von-el-salvador-und-honduras\/#primaryimage","url":"https:\/\/www.visitcentroamerica.com\/sala-prensa\/wp-content\/uploads\/2022\/07\/PUEBLOS-ORIGINARIOS-DE-ELS.jpg","contentUrl":"https:\/\/www.visitcentroamerica.com\/sala-prensa\/wp-content\/uploads\/2022\/07\/PUEBLOS-ORIGINARIOS-DE-ELS.jpg","width":1200,"height":600,"caption":"principales pueblos originarios"},{"@type":"BreadcrumbList","@id":"https:\/\/www.visitcentroamerica.com\/sala-prensa\/en\/travel\/culture\/entdecken-sie-die-wichtigsten-indigenen-volker-von-el-salvador-und-honduras\/#breadcrumb","itemListElement":[{"@type":"ListItem","position":1,"name":"Portada","item":"https:\/\/www.visitcentroamerica.com\/sala-prensa\/en\/"},{"@type":"ListItem","position":2,"name":"Entdecken Sie die wichtigsten indigenen V\u00f6lker von El Salvador und Honduras."}]},{"@type":"WebSite","@id":"https:\/\/www.visitcentroamerica.com\/sala-prensa\/en\/#website","url":"https:\/\/www.visitcentroamerica.com\/sala-prensa\/en\/","name":"Sala de prensa","description":"","potentialAction":[{"@type":"SearchAction","target":{"@type":"EntryPoint","urlTemplate":"https:\/\/www.visitcentroamerica.com\/sala-prensa\/en\/?s={search_term_string}"},"query-input":{"@type":"PropertyValueSpecification","valueRequired":true,"valueName":"search_term_string"}}],"inLanguage":"en-US"},{"@type":"Person","@id":"https:\/\/www.visitcentroamerica.com\/sala-prensa\/en\/#\/schema\/person\/0aa3bd0dbaabaead6089ee3dd0cd7ae5","name":"Denis Alvarado","image":{"@type":"ImageObject","inLanguage":"en-US","@id":"https:\/\/secure.gravatar.com\/avatar\/c31f0697f6edb7c68d5dedc2ccbd548d2a9f73aa293e81c6a1425229ec4c9135?s=96&d=mm&r=g","url":"https:\/\/secure.gravatar.com\/avatar\/c31f0697f6edb7c68d5dedc2ccbd548d2a9f73aa293e81c6a1425229ec4c9135?s=96&d=mm&r=g","contentUrl":"https:\/\/secure.gravatar.com\/avatar\/c31f0697f6edb7c68d5dedc2ccbd548d2a9f73aa293e81c6a1425229ec4c9135?s=96&d=mm&r=g","caption":"Denis Alvarado"},"url":"https:\/\/www.visitcentroamerica.com\/sala-prensa\/en\/author\/denis\/"}]}},"_links":{"self":[{"href":"https:\/\/www.visitcentroamerica.com\/sala-prensa\/en\/wp-json\/wp\/v2\/posts\/13446","targetHints":{"allow":["GET"]}}],"collection":[{"href":"https:\/\/www.visitcentroamerica.com\/sala-prensa\/en\/wp-json\/wp\/v2\/posts"}],"about":[{"href":"https:\/\/www.visitcentroamerica.com\/sala-prensa\/en\/wp-json\/wp\/v2\/types\/post"}],"author":[{"embeddable":true,"href":"https:\/\/www.visitcentroamerica.com\/sala-prensa\/en\/wp-json\/wp\/v2\/users\/5"}],"replies":[{"embeddable":true,"href":"https:\/\/www.visitcentroamerica.com\/sala-prensa\/en\/wp-json\/wp\/v2\/comments?post=13446"}],"version-history":[{"count":2,"href":"https:\/\/www.visitcentroamerica.com\/sala-prensa\/en\/wp-json\/wp\/v2\/posts\/13446\/revisions"}],"predecessor-version":[{"id":13448,"href":"https:\/\/www.visitcentroamerica.com\/sala-prensa\/en\/wp-json\/wp\/v2\/posts\/13446\/revisions\/13448"}],"wp:featuredmedia":[{"embeddable":true,"href":"https:\/\/www.visitcentroamerica.com\/sala-prensa\/en\/wp-json\/wp\/v2\/media\/13424"}],"wp:attachment":[{"href":"https:\/\/www.visitcentroamerica.com\/sala-prensa\/en\/wp-json\/wp\/v2\/media?parent=13446"}],"wp:term":[{"taxonomy":"category","embeddable":true,"href":"https:\/\/www.visitcentroamerica.com\/sala-prensa\/en\/wp-json\/wp\/v2\/categories?post=13446"},{"taxonomy":"post_tag","embeddable":true,"href":"https:\/\/www.visitcentroamerica.com\/sala-prensa\/en\/wp-json\/wp\/v2\/tags?post=13446"}],"curies":[{"name":"wp","href":"https:\/\/api.w.org\/{rel}","templated":true}]}}