{"id":13101,"date":"2022-02-11T08:13:38","date_gmt":"2022-02-11T08:13:38","guid":{"rendered":"https:\/\/www.visitcentroamerica.com\/sala-prensa\/?p=13101"},"modified":"2022-02-08T12:49:46","modified_gmt":"2022-02-08T12:49:46","slug":"umweltdaten-in-mittelamerika","status":"publish","type":"post","link":"https:\/\/www.visitcentroamerica.com\/sala-prensa\/en\/travel\/health\/umweltdaten-in-mittelamerika\/","title":{"rendered":"Umweltdaten in Mittelamerika"},"content":{"rendered":"<p><img decoding=\"async\" class=\"alignnone size-full wp-image-13081\" src=\"https:\/\/www.visitcentroamerica.com\/sala-prensa\/wp-content\/uploads\/2022\/02\/Datos_sobre_medioambiente_en_Centroamerica_y_Republica_Dominicana-1.png\" alt=\"Datos sobre medioambiente en Centroam\u00e9rica\" width=\"100%\" height=\"auto\" srcset=\"https:\/\/www.visitcentroamerica.com\/sala-prensa\/wp-content\/uploads\/2022\/02\/Datos_sobre_medioambiente_en_Centroamerica_y_Republica_Dominicana-1.png 1200w, https:\/\/www.visitcentroamerica.com\/sala-prensa\/wp-content\/uploads\/2022\/02\/Datos_sobre_medioambiente_en_Centroamerica_y_Republica_Dominicana-1-300x150.png 300w, https:\/\/www.visitcentroamerica.com\/sala-prensa\/wp-content\/uploads\/2022\/02\/Datos_sobre_medioambiente_en_Centroamerica_y_Republica_Dominicana-1-1024x512.png 1024w, https:\/\/www.visitcentroamerica.com\/sala-prensa\/wp-content\/uploads\/2022\/02\/Datos_sobre_medioambiente_en_Centroamerica_y_Republica_Dominicana-1-768x384.png 768w, https:\/\/www.visitcentroamerica.com\/sala-prensa\/wp-content\/uploads\/2022\/02\/Datos_sobre_medioambiente_en_Centroamerica_y_Republica_Dominicana-1-696x348.png 696w, https:\/\/www.visitcentroamerica.com\/sala-prensa\/wp-content\/uploads\/2022\/02\/Datos_sobre_medioambiente_en_Centroamerica_y_Republica_Dominicana-1-1068x534.png 1068w, https:\/\/www.visitcentroamerica.com\/sala-prensa\/wp-content\/uploads\/2022\/02\/Datos_sobre_medioambiente_en_Centroamerica_y_Republica_Dominicana-1-840x420.png 840w, https:\/\/www.visitcentroamerica.com\/sala-prensa\/wp-content\/uploads\/2022\/02\/Datos_sobre_medioambiente_en_Centroamerica_y_Republica_Dominicana-1-500x250.png 500w\" sizes=\"(max-width: 1200px) 100vw, 1200px\" \/><\/p>\n<p>M\u00f6chten Sie einen der Orte besuchen, die am meisten von der Umweltverschmutzung verschont geblieben sind? Wir erz\u00e4hlen Ihnen etwas \u00fcber die Umweltdaten in Mittelamerika. Sie werden \u00fcberrascht sein!<\/p>\n<h3>Wir analysieren die Umweltzahlen in Mittelamerika<\/h3>\n<p>Werfen wir der Reihe nach einen Blick auf die <strong>Nachhaltigkeitsindikatoren in Mittelamerika <\/strong><\/p>\n<h4>Umweltsch\u00e4dliche Gasausst\u00f6\u00dfe<\/h4>\n<p>Die mittelamerikanischen L\u00e4nder produzieren insgesamt nur 0,3 % der weltweiten <strong>Kohlendioxidausst\u00f6\u00dfe<\/strong>. Die L\u00e4nder mit der geringsten Umweltverschmutzung sind der Reihe nach,<strong> Costa Rica, Belize und Nicaragua<\/strong>.<\/p>\n<p>Was die Treibhausgase angeht, so st\u00f6\u00dft Mittelamerika 0,4 % der weltweiten Treibhausgase aus, wobei <strong>Costa Rica, Belize und El Salvador<\/strong> mit den niedrigsten Werten an der Spitze liegen.<\/p>\n<h4>Landfl\u00e4chen<\/h4>\n<p>Etwa 37,5 % der Gesamtfl\u00e4che dieser L\u00e4nder sind <strong>gesch\u00fctzte Gebiete<\/strong>. Die <strong>Waldfl\u00e4che<\/strong> betr\u00e4gt 245.483 km<sup>2<\/sup>, das sind ganze 43 % des gesamten Territoriums.<\/p>\n<h4>Durch den Klimawandel verursachte Katastrophen<\/h4>\n<p>Doch trotz der Bem\u00fchungen der Region um den Umweltschutz geh\u00f6rt sie derzeit zu den Gebieten, die weltweit am st\u00e4rksten unter den Auswirkungen des Klimawandels leiden: Zwischen 2010 und 2020 wurde die Region von 147 Katastrophen heimgesucht, die durch klimabedingte Ereignisse verursacht wurden.<\/p>\n<p>Mehr gibt es nicht zu sagen. Erleben Sie die Natur Mittelamerikas mit Mehrziel-Paketen wie <strong>Grayline Costa Rica und Panama<\/strong> oder <strong>Green Action Nicaragua und Costa Rica<\/strong>. Entdecken Sie die wunderbare Natur, die es auf unserem Planeten noch zu sehen gibt!<strong><\/p>\n<p><\/strong><\/p>\n","protected":false},"excerpt":{"rendered":"<p>M\u00f6chten Sie einen der Orte besuchen, die am meisten von der Umweltverschmutzung verschont geblieben sind? Wir erz\u00e4hlen Ihnen etwas \u00fcber die Umweltdaten in Mittelamerika. Sie werden \u00fcberrascht sein! Wir analysieren die Umweltzahlen in Mittelamerika Werfen wir der Reihe nach einen Blick auf die Nachhaltigkeitsindikatoren in Mittelamerika Umweltsch\u00e4dliche Gasausst\u00f6\u00dfe Die mittelamerikanischen L\u00e4nder produzieren insgesamt nur 0,3 [&hellip;]<\/p>\n","protected":false},"author":5,"featured_media":13082,"comment_status":"open","ping_status":"closed","sticky":false,"template":"","format":"standard","meta":{"footnotes":""},"categories":[114],"tags":[],"class_list":{"0":"post-13101","1":"post","2":"type-post","3":"status-publish","4":"format-standard","5":"has-post-thumbnail","7":"category-health"},"yoast_head":"<!-- This site is optimized with the Yoast SEO plugin v27.3 - https:\/\/yoast.com\/product\/yoast-seo-wordpress\/ -->\n<title>Umwelt in Mittelamerika, entdecken Sie sie<\/title>\n<meta name=\"description\" content=\"Finden Sie dank diesen Umweltdaten \u00fcber Mittelamerika heraus, warum diese Regionen zu den am wenigsten belasteten Regionen des Planeten geh\u00f6ren\" \/>\n<meta name=\"robots\" content=\"index, follow, max-snippet:-1, max-image-preview:large, max-video-preview:-1\" \/>\n<link rel=\"canonical\" href=\"https:\/\/www.visitcentroamerica.com\/sala-prensa\/en\/travel\/health\/umweltdaten-in-mittelamerika\/\" \/>\n<meta property=\"og:locale\" content=\"en_US\" \/>\n<meta property=\"og:type\" content=\"article\" \/>\n<meta property=\"og:title\" content=\"Umwelt in Mittelamerika, entdecken Sie sie\" \/>\n<meta property=\"og:description\" content=\"Finden Sie dank diesen Umweltdaten \u00fcber Mittelamerika heraus, warum diese Regionen zu den am wenigsten belasteten Regionen des Planeten geh\u00f6ren\" \/>\n<meta property=\"og:url\" content=\"https:\/\/www.visitcentroamerica.com\/sala-prensa\/en\/travel\/health\/umweltdaten-in-mittelamerika\/\" \/>\n<meta property=\"og:site_name\" content=\"Sala de prensa\" \/>\n<meta property=\"article:published_time\" content=\"2022-02-11T08:13:38+00:00\" \/>\n<meta property=\"og:image\" content=\"https:\/\/www.visitcentroamerica.com\/sala-prensa\/wp-content\/uploads\/2022\/02\/Datos_sobre_medioambiente_en_Centroamerica_y_Republica_Dominicana-1.png\" \/>\n\t<meta property=\"og:image:width\" content=\"1200\" \/>\n\t<meta property=\"og:image:height\" content=\"600\" \/>\n\t<meta property=\"og:image:type\" content=\"image\/png\" \/>\n<meta name=\"author\" content=\"Denis Alvarado\" \/>\n<meta name=\"twitter:card\" content=\"summary_large_image\" \/>\n<meta name=\"twitter:label1\" content=\"Written by\" \/>\n\t<meta name=\"twitter:data1\" content=\"Denis Alvarado\" \/>\n\t<meta name=\"twitter:label2\" content=\"Est. reading time\" \/>\n\t<meta name=\"twitter:data2\" content=\"2 minutes\" \/>\n<script type=\"application\/ld+json\" class=\"yoast-schema-graph\">{\"@context\":\"https:\\\/\\\/schema.org\",\"@graph\":[{\"@type\":\"Article\",\"@id\":\"https:\\\/\\\/www.visitcentroamerica.com\\\/sala-prensa\\\/en\\\/travel\\\/health\\\/umweltdaten-in-mittelamerika\\\/#article\",\"isPartOf\":{\"@id\":\"https:\\\/\\\/www.visitcentroamerica.com\\\/sala-prensa\\\/en\\\/travel\\\/health\\\/umweltdaten-in-mittelamerika\\\/\"},\"author\":{\"name\":\"Denis Alvarado\",\"@id\":\"https:\\\/\\\/www.visitcentroamerica.com\\\/sala-prensa\\\/en\\\/#\\\/schema\\\/person\\\/0aa3bd0dbaabaead6089ee3dd0cd7ae5\"},\"headline\":\"Umweltdaten in Mittelamerika\",\"datePublished\":\"2022-02-11T08:13:38+00:00\",\"mainEntityOfPage\":{\"@id\":\"https:\\\/\\\/www.visitcentroamerica.com\\\/sala-prensa\\\/en\\\/travel\\\/health\\\/umweltdaten-in-mittelamerika\\\/\"},\"wordCount\":221,\"commentCount\":0,\"image\":{\"@id\":\"https:\\\/\\\/www.visitcentroamerica.com\\\/sala-prensa\\\/en\\\/travel\\\/health\\\/umweltdaten-in-mittelamerika\\\/#primaryimage\"},\"thumbnailUrl\":\"https:\\\/\\\/www.visitcentroamerica.com\\\/sala-prensa\\\/wp-content\\\/uploads\\\/2022\\\/02\\\/Datos_sobre_medioambiente_en_Centroamerica_y_Republica_Dominicana-1.png\",\"articleSection\":[\"Health\"],\"inLanguage\":\"en-US\",\"potentialAction\":[{\"@type\":\"CommentAction\",\"name\":\"Comment\",\"target\":[\"https:\\\/\\\/www.visitcentroamerica.com\\\/sala-prensa\\\/en\\\/travel\\\/health\\\/umweltdaten-in-mittelamerika\\\/#respond\"]}]},{\"@type\":\"WebPage\",\"@id\":\"https:\\\/\\\/www.visitcentroamerica.com\\\/sala-prensa\\\/en\\\/travel\\\/health\\\/umweltdaten-in-mittelamerika\\\/\",\"url\":\"https:\\\/\\\/www.visitcentroamerica.com\\\/sala-prensa\\\/en\\\/travel\\\/health\\\/umweltdaten-in-mittelamerika\\\/\",\"name\":\"Umwelt in Mittelamerika, entdecken Sie sie\",\"isPartOf\":{\"@id\":\"https:\\\/\\\/www.visitcentroamerica.com\\\/sala-prensa\\\/en\\\/#website\"},\"primaryImageOfPage\":{\"@id\":\"https:\\\/\\\/www.visitcentroamerica.com\\\/sala-prensa\\\/en\\\/travel\\\/health\\\/umweltdaten-in-mittelamerika\\\/#primaryimage\"},\"image\":{\"@id\":\"https:\\\/\\\/www.visitcentroamerica.com\\\/sala-prensa\\\/en\\\/travel\\\/health\\\/umweltdaten-in-mittelamerika\\\/#primaryimage\"},\"thumbnailUrl\":\"https:\\\/\\\/www.visitcentroamerica.com\\\/sala-prensa\\\/wp-content\\\/uploads\\\/2022\\\/02\\\/Datos_sobre_medioambiente_en_Centroamerica_y_Republica_Dominicana-1.png\",\"datePublished\":\"2022-02-11T08:13:38+00:00\",\"author\":{\"@id\":\"https:\\\/\\\/www.visitcentroamerica.com\\\/sala-prensa\\\/en\\\/#\\\/schema\\\/person\\\/0aa3bd0dbaabaead6089ee3dd0cd7ae5\"},\"description\":\"Finden Sie dank diesen Umweltdaten \u00fcber Mittelamerika heraus, warum diese Regionen zu den am wenigsten belasteten Regionen des Planeten geh\u00f6ren\",\"breadcrumb\":{\"@id\":\"https:\\\/\\\/www.visitcentroamerica.com\\\/sala-prensa\\\/en\\\/travel\\\/health\\\/umweltdaten-in-mittelamerika\\\/#breadcrumb\"},\"inLanguage\":\"en-US\",\"potentialAction\":[{\"@type\":\"ReadAction\",\"target\":[\"https:\\\/\\\/www.visitcentroamerica.com\\\/sala-prensa\\\/en\\\/travel\\\/health\\\/umweltdaten-in-mittelamerika\\\/\"]}]},{\"@type\":\"ImageObject\",\"inLanguage\":\"en-US\",\"@id\":\"https:\\\/\\\/www.visitcentroamerica.com\\\/sala-prensa\\\/en\\\/travel\\\/health\\\/umweltdaten-in-mittelamerika\\\/#primaryimage\",\"url\":\"https:\\\/\\\/www.visitcentroamerica.com\\\/sala-prensa\\\/wp-content\\\/uploads\\\/2022\\\/02\\\/Datos_sobre_medioambiente_en_Centroamerica_y_Republica_Dominicana-1.png\",\"contentUrl\":\"https:\\\/\\\/www.visitcentroamerica.com\\\/sala-prensa\\\/wp-content\\\/uploads\\\/2022\\\/02\\\/Datos_sobre_medioambiente_en_Centroamerica_y_Republica_Dominicana-1.png\",\"width\":1200,\"height\":600,\"caption\":\"Datos sobre medioambiente en Centroam\u00e9rica\"},{\"@type\":\"BreadcrumbList\",\"@id\":\"https:\\\/\\\/www.visitcentroamerica.com\\\/sala-prensa\\\/en\\\/travel\\\/health\\\/umweltdaten-in-mittelamerika\\\/#breadcrumb\",\"itemListElement\":[{\"@type\":\"ListItem\",\"position\":1,\"name\":\"Portada\",\"item\":\"https:\\\/\\\/www.visitcentroamerica.com\\\/sala-prensa\\\/en\\\/\"},{\"@type\":\"ListItem\",\"position\":2,\"name\":\"Umweltdaten in Mittelamerika\"}]},{\"@type\":\"WebSite\",\"@id\":\"https:\\\/\\\/www.visitcentroamerica.com\\\/sala-prensa\\\/en\\\/#website\",\"url\":\"https:\\\/\\\/www.visitcentroamerica.com\\\/sala-prensa\\\/en\\\/\",\"name\":\"Sala de prensa\",\"description\":\"\",\"potentialAction\":[{\"@type\":\"SearchAction\",\"target\":{\"@type\":\"EntryPoint\",\"urlTemplate\":\"https:\\\/\\\/www.visitcentroamerica.com\\\/sala-prensa\\\/en\\\/?s={search_term_string}\"},\"query-input\":{\"@type\":\"PropertyValueSpecification\",\"valueRequired\":true,\"valueName\":\"search_term_string\"}}],\"inLanguage\":\"en-US\"},{\"@type\":\"Person\",\"@id\":\"https:\\\/\\\/www.visitcentroamerica.com\\\/sala-prensa\\\/en\\\/#\\\/schema\\\/person\\\/0aa3bd0dbaabaead6089ee3dd0cd7ae5\",\"name\":\"Denis Alvarado\",\"image\":{\"@type\":\"ImageObject\",\"inLanguage\":\"en-US\",\"@id\":\"https:\\\/\\\/secure.gravatar.com\\\/avatar\\\/c31f0697f6edb7c68d5dedc2ccbd548d2a9f73aa293e81c6a1425229ec4c9135?s=96&d=mm&r=g\",\"url\":\"https:\\\/\\\/secure.gravatar.com\\\/avatar\\\/c31f0697f6edb7c68d5dedc2ccbd548d2a9f73aa293e81c6a1425229ec4c9135?s=96&d=mm&r=g\",\"contentUrl\":\"https:\\\/\\\/secure.gravatar.com\\\/avatar\\\/c31f0697f6edb7c68d5dedc2ccbd548d2a9f73aa293e81c6a1425229ec4c9135?s=96&d=mm&r=g\",\"caption\":\"Denis Alvarado\"},\"url\":\"https:\\\/\\\/www.visitcentroamerica.com\\\/sala-prensa\\\/en\\\/author\\\/denis\\\/\"}]}<\/script>\n<!-- \/ Yoast SEO plugin. -->","yoast_head_json":{"title":"Umwelt in Mittelamerika, entdecken Sie sie","description":"Finden Sie dank diesen Umweltdaten \u00fcber Mittelamerika heraus, warum diese Regionen zu den am wenigsten belasteten Regionen des Planeten geh\u00f6ren","robots":{"index":"index","follow":"follow","max-snippet":"max-snippet:-1","max-image-preview":"max-image-preview:large","max-video-preview":"max-video-preview:-1"},"canonical":"https:\/\/www.visitcentroamerica.com\/sala-prensa\/en\/travel\/health\/umweltdaten-in-mittelamerika\/","og_locale":"en_US","og_type":"article","og_title":"Umwelt in Mittelamerika, entdecken Sie sie","og_description":"Finden Sie dank diesen Umweltdaten \u00fcber Mittelamerika heraus, warum diese Regionen zu den am wenigsten belasteten Regionen des Planeten geh\u00f6ren","og_url":"https:\/\/www.visitcentroamerica.com\/sala-prensa\/en\/travel\/health\/umweltdaten-in-mittelamerika\/","og_site_name":"Sala de prensa","article_published_time":"2022-02-11T08:13:38+00:00","og_image":[{"width":1200,"height":600,"url":"https:\/\/www.visitcentroamerica.com\/sala-prensa\/wp-content\/uploads\/2022\/02\/Datos_sobre_medioambiente_en_Centroamerica_y_Republica_Dominicana-1.png","type":"image\/png"}],"author":"Denis Alvarado","twitter_card":"summary_large_image","twitter_misc":{"Written by":"Denis Alvarado","Est. reading time":"2 minutes"},"schema":{"@context":"https:\/\/schema.org","@graph":[{"@type":"Article","@id":"https:\/\/www.visitcentroamerica.com\/sala-prensa\/en\/travel\/health\/umweltdaten-in-mittelamerika\/#article","isPartOf":{"@id":"https:\/\/www.visitcentroamerica.com\/sala-prensa\/en\/travel\/health\/umweltdaten-in-mittelamerika\/"},"author":{"name":"Denis Alvarado","@id":"https:\/\/www.visitcentroamerica.com\/sala-prensa\/en\/#\/schema\/person\/0aa3bd0dbaabaead6089ee3dd0cd7ae5"},"headline":"Umweltdaten in Mittelamerika","datePublished":"2022-02-11T08:13:38+00:00","mainEntityOfPage":{"@id":"https:\/\/www.visitcentroamerica.com\/sala-prensa\/en\/travel\/health\/umweltdaten-in-mittelamerika\/"},"wordCount":221,"commentCount":0,"image":{"@id":"https:\/\/www.visitcentroamerica.com\/sala-prensa\/en\/travel\/health\/umweltdaten-in-mittelamerika\/#primaryimage"},"thumbnailUrl":"https:\/\/www.visitcentroamerica.com\/sala-prensa\/wp-content\/uploads\/2022\/02\/Datos_sobre_medioambiente_en_Centroamerica_y_Republica_Dominicana-1.png","articleSection":["Health"],"inLanguage":"en-US","potentialAction":[{"@type":"CommentAction","name":"Comment","target":["https:\/\/www.visitcentroamerica.com\/sala-prensa\/en\/travel\/health\/umweltdaten-in-mittelamerika\/#respond"]}]},{"@type":"WebPage","@id":"https:\/\/www.visitcentroamerica.com\/sala-prensa\/en\/travel\/health\/umweltdaten-in-mittelamerika\/","url":"https:\/\/www.visitcentroamerica.com\/sala-prensa\/en\/travel\/health\/umweltdaten-in-mittelamerika\/","name":"Umwelt in Mittelamerika, entdecken Sie sie","isPartOf":{"@id":"https:\/\/www.visitcentroamerica.com\/sala-prensa\/en\/#website"},"primaryImageOfPage":{"@id":"https:\/\/www.visitcentroamerica.com\/sala-prensa\/en\/travel\/health\/umweltdaten-in-mittelamerika\/#primaryimage"},"image":{"@id":"https:\/\/www.visitcentroamerica.com\/sala-prensa\/en\/travel\/health\/umweltdaten-in-mittelamerika\/#primaryimage"},"thumbnailUrl":"https:\/\/www.visitcentroamerica.com\/sala-prensa\/wp-content\/uploads\/2022\/02\/Datos_sobre_medioambiente_en_Centroamerica_y_Republica_Dominicana-1.png","datePublished":"2022-02-11T08:13:38+00:00","author":{"@id":"https:\/\/www.visitcentroamerica.com\/sala-prensa\/en\/#\/schema\/person\/0aa3bd0dbaabaead6089ee3dd0cd7ae5"},"description":"Finden Sie dank diesen Umweltdaten \u00fcber Mittelamerika heraus, warum diese Regionen zu den am wenigsten belasteten Regionen des Planeten geh\u00f6ren","breadcrumb":{"@id":"https:\/\/www.visitcentroamerica.com\/sala-prensa\/en\/travel\/health\/umweltdaten-in-mittelamerika\/#breadcrumb"},"inLanguage":"en-US","potentialAction":[{"@type":"ReadAction","target":["https:\/\/www.visitcentroamerica.com\/sala-prensa\/en\/travel\/health\/umweltdaten-in-mittelamerika\/"]}]},{"@type":"ImageObject","inLanguage":"en-US","@id":"https:\/\/www.visitcentroamerica.com\/sala-prensa\/en\/travel\/health\/umweltdaten-in-mittelamerika\/#primaryimage","url":"https:\/\/www.visitcentroamerica.com\/sala-prensa\/wp-content\/uploads\/2022\/02\/Datos_sobre_medioambiente_en_Centroamerica_y_Republica_Dominicana-1.png","contentUrl":"https:\/\/www.visitcentroamerica.com\/sala-prensa\/wp-content\/uploads\/2022\/02\/Datos_sobre_medioambiente_en_Centroamerica_y_Republica_Dominicana-1.png","width":1200,"height":600,"caption":"Datos sobre medioambiente en Centroam\u00e9rica"},{"@type":"BreadcrumbList","@id":"https:\/\/www.visitcentroamerica.com\/sala-prensa\/en\/travel\/health\/umweltdaten-in-mittelamerika\/#breadcrumb","itemListElement":[{"@type":"ListItem","position":1,"name":"Portada","item":"https:\/\/www.visitcentroamerica.com\/sala-prensa\/en\/"},{"@type":"ListItem","position":2,"name":"Umweltdaten in Mittelamerika"}]},{"@type":"WebSite","@id":"https:\/\/www.visitcentroamerica.com\/sala-prensa\/en\/#website","url":"https:\/\/www.visitcentroamerica.com\/sala-prensa\/en\/","name":"Sala de prensa","description":"","potentialAction":[{"@type":"SearchAction","target":{"@type":"EntryPoint","urlTemplate":"https:\/\/www.visitcentroamerica.com\/sala-prensa\/en\/?s={search_term_string}"},"query-input":{"@type":"PropertyValueSpecification","valueRequired":true,"valueName":"search_term_string"}}],"inLanguage":"en-US"},{"@type":"Person","@id":"https:\/\/www.visitcentroamerica.com\/sala-prensa\/en\/#\/schema\/person\/0aa3bd0dbaabaead6089ee3dd0cd7ae5","name":"Denis Alvarado","image":{"@type":"ImageObject","inLanguage":"en-US","@id":"https:\/\/secure.gravatar.com\/avatar\/c31f0697f6edb7c68d5dedc2ccbd548d2a9f73aa293e81c6a1425229ec4c9135?s=96&d=mm&r=g","url":"https:\/\/secure.gravatar.com\/avatar\/c31f0697f6edb7c68d5dedc2ccbd548d2a9f73aa293e81c6a1425229ec4c9135?s=96&d=mm&r=g","contentUrl":"https:\/\/secure.gravatar.com\/avatar\/c31f0697f6edb7c68d5dedc2ccbd548d2a9f73aa293e81c6a1425229ec4c9135?s=96&d=mm&r=g","caption":"Denis Alvarado"},"url":"https:\/\/www.visitcentroamerica.com\/sala-prensa\/en\/author\/denis\/"}]}},"_links":{"self":[{"href":"https:\/\/www.visitcentroamerica.com\/sala-prensa\/en\/wp-json\/wp\/v2\/posts\/13101","targetHints":{"allow":["GET"]}}],"collection":[{"href":"https:\/\/www.visitcentroamerica.com\/sala-prensa\/en\/wp-json\/wp\/v2\/posts"}],"about":[{"href":"https:\/\/www.visitcentroamerica.com\/sala-prensa\/en\/wp-json\/wp\/v2\/types\/post"}],"author":[{"embeddable":true,"href":"https:\/\/www.visitcentroamerica.com\/sala-prensa\/en\/wp-json\/wp\/v2\/users\/5"}],"replies":[{"embeddable":true,"href":"https:\/\/www.visitcentroamerica.com\/sala-prensa\/en\/wp-json\/wp\/v2\/comments?post=13101"}],"version-history":[{"count":2,"href":"https:\/\/www.visitcentroamerica.com\/sala-prensa\/en\/wp-json\/wp\/v2\/posts\/13101\/revisions"}],"predecessor-version":[{"id":13102,"href":"https:\/\/www.visitcentroamerica.com\/sala-prensa\/en\/wp-json\/wp\/v2\/posts\/13101\/revisions\/13102"}],"wp:featuredmedia":[{"embeddable":true,"href":"https:\/\/www.visitcentroamerica.com\/sala-prensa\/en\/wp-json\/wp\/v2\/media\/13082"}],"wp:attachment":[{"href":"https:\/\/www.visitcentroamerica.com\/sala-prensa\/en\/wp-json\/wp\/v2\/media?parent=13101"}],"wp:term":[{"taxonomy":"category","embeddable":true,"href":"https:\/\/www.visitcentroamerica.com\/sala-prensa\/en\/wp-json\/wp\/v2\/categories?post=13101"},{"taxonomy":"post_tag","embeddable":true,"href":"https:\/\/www.visitcentroamerica.com\/sala-prensa\/en\/wp-json\/wp\/v2\/tags?post=13101"}],"curies":[{"name":"wp","href":"https:\/\/api.w.org\/{rel}","templated":true}]}}