{"id":12743,"date":"2021-11-08T11:00:14","date_gmt":"2021-11-08T11:00:14","guid":{"rendered":"https:\/\/www.visitcentroamerica.com\/sala-prensa\/?p=12743"},"modified":"2021-11-03T11:09:24","modified_gmt":"2021-11-03T11:09:24","slug":"que-destino-elegir-en-centroamerica-si-buscas-un-lugar-de-relax","status":"publish","type":"post","link":"https:\/\/www.visitcentroamerica.com\/sala-prensa\/en\/travel\/que-destino-elegir-en-centroamerica-si-buscas-un-lugar-de-relax\/","title":{"rendered":"Quelle destination choisir en Am\u00e9rique centrale si vous recherchez un lieu de d\u00e9tente ?"},"content":{"rendered":"<p><img decoding=\"async\" class=\"alignnone size-full wp-image-12720\" src=\"https:\/\/www.visitcentroamerica.com\/sala-prensa\/wp-content\/uploads\/2021\/10\/Centroamerica-si-buscas-un-lugar-de-relax.jpg\" alt=\"\" width=\"auto\" height=\"100%\" srcset=\"https:\/\/www.visitcentroamerica.com\/sala-prensa\/wp-content\/uploads\/2021\/10\/Centroamerica-si-buscas-un-lugar-de-relax.jpg 1200w, https:\/\/www.visitcentroamerica.com\/sala-prensa\/wp-content\/uploads\/2021\/10\/Centroamerica-si-buscas-un-lugar-de-relax-300x150.jpg 300w, https:\/\/www.visitcentroamerica.com\/sala-prensa\/wp-content\/uploads\/2021\/10\/Centroamerica-si-buscas-un-lugar-de-relax-1024x512.jpg 1024w, https:\/\/www.visitcentroamerica.com\/sala-prensa\/wp-content\/uploads\/2021\/10\/Centroamerica-si-buscas-un-lugar-de-relax-768x384.jpg 768w, https:\/\/www.visitcentroamerica.com\/sala-prensa\/wp-content\/uploads\/2021\/10\/Centroamerica-si-buscas-un-lugar-de-relax-696x348.jpg 696w, https:\/\/www.visitcentroamerica.com\/sala-prensa\/wp-content\/uploads\/2021\/10\/Centroamerica-si-buscas-un-lugar-de-relax-1068x534.jpg 1068w, https:\/\/www.visitcentroamerica.com\/sala-prensa\/wp-content\/uploads\/2021\/10\/Centroamerica-si-buscas-un-lugar-de-relax-840x420.jpg 840w, https:\/\/www.visitcentroamerica.com\/sala-prensa\/wp-content\/uploads\/2021\/10\/Centroamerica-si-buscas-un-lugar-de-relax-500x250.jpg 500w\" sizes=\"(max-width: 1200px) 100vw, 1200px\" \/><\/p>\n<p>Vous ne savez toujours pas <strong>quelle destination choisir en Am\u00e9rique centrale<\/strong> pour profiter de quelques jours de d\u00e9tente ? Tous les pays de cette partie du continent am\u00e9ricain poss\u00e8dent des endroits o\u00f9 l&#8217;on peut oublier son stress. Faites votre valise et partez vers un lieu qui vous permettra de connecter avec vous-m\u00eame et la nature ! Je peux vous assurer que ce sera le meilleur voyage de votre vie.<\/p>\n<h3>D\u00e9couvrez un lieu de d\u00e9tente en Am\u00e9rique centrale<\/h3>\n<p>Si vous \u00eates \u00e0 la recherche d&#8217;un <strong>lieu de d\u00e9tente en Am\u00e9rique centrale <\/strong>o\u00f9 vous pourrez \u00e9chapper au rythme de vie fr\u00e9n\u00e9tique que vous menez, prenez en compte les suggestions suivantes. Elles vous offriront le calme dont vous avez besoin.<\/p>\n<p>1. Le lac Atitl\u00e1n au Guatemala<\/p>\n<p>Faites du <strong>yoga dans ce coin situ\u00e9 \u00e0 proximit\u00e9 d&#8217;Antigua<\/strong>, au <a href=\"https:\/\/guatemala.gob.gt\/\" target=\"_blank\" rel=\"noopener\">Guatemala<\/a>, qui vous permet \u00e9galement d&#8217;escalader son volcan. Profitez de l&#8217;occasion pour visiter le march\u00e9 de Chichicastenango.<\/p>\n<p>2. Bajos del Toro, Costa Rica<\/p>\n<p>M\u00e9ditez au c\u0153ur de la nature du <a href=\"https:\/\/www.visitcostarica.com\/es\" target=\"_blank\" rel=\"noopener\">Costa Rica<\/a>. Vous pouvez \u00e9galement vous promener sur ses sentiers et reconnecter avec la Terre-M\u00e8re. Un programme prometteur pour faire du <strong>tourisme de <em>wellness <\/em>en Am\u00e9rique centrale<\/strong>.<\/p>\n<p>3. Guacalito de la Isla, Nicaragua<\/p>\n<p>Passer la <strong>journ\u00e9e dans un Spa<\/strong> ou profiter d\u2019un massage vous aidera \u00e0 ne plus penser au travail. S&#8217;asseoir et contempler la mer est \u00e9galement un bon plan.<\/p>\n<p>Vous savez maintenant <strong>quelle destination choisir en Am\u00e9rique centrale<\/strong>. N&#8217;h\u00e9sitez pas \u00e0 vous inscrire au <em>tour \u00a0<\/em><\/p>\n<p><a href=\"https:\/\/www.visitcentroamerica.com\/packages\/belice-guatemala-i\/\" target=\"_blank\" rel=\"noopener\">Belize et Guatemala I<\/a> et \u00e0 visiter notre site web pour choisir des exp\u00e9riences comme l\u2019exp\u00e9rience<\/p>\n<p><a href=\"https:\/\/www.visitcentroamerica.com\/experiencias\/sol-y-playa\/\" target=\"_blank\" rel=\"noopener\"><strong>Soleil et plage<\/strong><\/a> et <a href=\"https:\/\/www.visitcentroamerica.com\/experiencias\/natural\/\" target=\"_blank\" rel=\"noopener\"><strong>Am\u00e9rique centrale naturelle<\/strong><\/a>.<strong><\/p>\n<p><\/strong><\/p>\n","protected":false},"excerpt":{"rendered":"<p>Vous ne savez toujours pas quelle destination choisir en Am\u00e9rique centrale pour profiter de quelques jours de d\u00e9tente ? Tous les pays de cette partie du continent am\u00e9ricain poss\u00e8dent des endroits o\u00f9 l&#8217;on peut oublier son stress. Faites votre valise et partez vers un lieu qui vous permettra de connecter avec vous-m\u00eame et la nature [&hellip;]<\/p>\n","protected":false},"author":5,"featured_media":12721,"comment_status":"open","ping_status":"closed","sticky":false,"template":"","format":"standard","meta":{"footnotes":""},"categories":[115,73],"tags":[],"class_list":{"0":"post-12743","1":"post","2":"type-post","3":"status-publish","4":"format-standard","5":"has-post-thumbnail","7":"category-sun-and-beach","8":"category-travel"},"yoast_head":"<!-- This site is optimized with the Yoast SEO plugin v27.3 - https:\/\/yoast.com\/product\/yoast-seo-wordpress\/ -->\n<title>Quelle destination d&#039;Am\u00e9rique centrale choisir pour des vacances reposantes ?<\/title>\n<meta name=\"description\" content=\"R\u00e9fl\u00e9chissez \u00e0 la destination \u00e0 choisir en Am\u00e9rique centrale pour oublier les soucis quotidiens. Organisez un s\u00e9jour sp\u00e9cial yoga ou m\u00e9ditation\" \/>\n<meta name=\"robots\" content=\"index, follow, max-snippet:-1, max-image-preview:large, max-video-preview:-1\" \/>\n<link rel=\"canonical\" href=\"https:\/\/www.visitcentroamerica.com\/sala-prensa\/en\/travel\/que-destino-elegir-en-centroamerica-si-buscas-un-lugar-de-relax\/\" \/>\n<meta property=\"og:locale\" content=\"en_US\" \/>\n<meta property=\"og:type\" content=\"article\" \/>\n<meta property=\"og:title\" content=\"Quelle destination d&#039;Am\u00e9rique centrale choisir pour des vacances reposantes ?\" \/>\n<meta property=\"og:description\" content=\"R\u00e9fl\u00e9chissez \u00e0 la destination \u00e0 choisir en Am\u00e9rique centrale pour oublier les soucis quotidiens. Organisez un s\u00e9jour sp\u00e9cial yoga ou m\u00e9ditation\" \/>\n<meta property=\"og:url\" content=\"https:\/\/www.visitcentroamerica.com\/sala-prensa\/en\/travel\/que-destino-elegir-en-centroamerica-si-buscas-un-lugar-de-relax\/\" \/>\n<meta property=\"og:site_name\" content=\"Sala de prensa\" \/>\n<meta property=\"article:published_time\" content=\"2021-11-08T11:00:14+00:00\" \/>\n<meta property=\"og:image\" content=\"https:\/\/www.visitcentroamerica.com\/sala-prensa\/wp-content\/uploads\/2021\/10\/Centroamerica-si-buscas-un-lugar-de-relax.jpg\" \/>\n\t<meta property=\"og:image:width\" content=\"1200\" \/>\n\t<meta property=\"og:image:height\" content=\"600\" \/>\n\t<meta property=\"og:image:type\" content=\"image\/jpeg\" \/>\n<meta name=\"author\" content=\"Denis Alvarado\" \/>\n<meta name=\"twitter:card\" content=\"summary_large_image\" \/>\n<meta name=\"twitter:label1\" content=\"Written by\" \/>\n\t<meta name=\"twitter:data1\" content=\"Denis Alvarado\" \/>\n\t<meta name=\"twitter:label2\" content=\"Est. reading time\" \/>\n\t<meta name=\"twitter:data2\" content=\"2 minutes\" \/>\n<script type=\"application\/ld+json\" class=\"yoast-schema-graph\">{\"@context\":\"https:\\\/\\\/schema.org\",\"@graph\":[{\"@type\":\"Article\",\"@id\":\"https:\\\/\\\/www.visitcentroamerica.com\\\/sala-prensa\\\/en\\\/travel\\\/que-destino-elegir-en-centroamerica-si-buscas-un-lugar-de-relax\\\/#article\",\"isPartOf\":{\"@id\":\"https:\\\/\\\/www.visitcentroamerica.com\\\/sala-prensa\\\/en\\\/travel\\\/que-destino-elegir-en-centroamerica-si-buscas-un-lugar-de-relax\\\/\"},\"author\":{\"name\":\"Denis Alvarado\",\"@id\":\"https:\\\/\\\/www.visitcentroamerica.com\\\/sala-prensa\\\/en\\\/#\\\/schema\\\/person\\\/0aa3bd0dbaabaead6089ee3dd0cd7ae5\"},\"headline\":\"Quelle destination choisir en Am\u00e9rique centrale si vous recherchez un lieu de d\u00e9tente ?\",\"datePublished\":\"2021-11-08T11:00:14+00:00\",\"mainEntityOfPage\":{\"@id\":\"https:\\\/\\\/www.visitcentroamerica.com\\\/sala-prensa\\\/en\\\/travel\\\/que-destino-elegir-en-centroamerica-si-buscas-un-lugar-de-relax\\\/\"},\"wordCount\":301,\"commentCount\":0,\"image\":{\"@id\":\"https:\\\/\\\/www.visitcentroamerica.com\\\/sala-prensa\\\/en\\\/travel\\\/que-destino-elegir-en-centroamerica-si-buscas-un-lugar-de-relax\\\/#primaryimage\"},\"thumbnailUrl\":\"https:\\\/\\\/www.visitcentroamerica.com\\\/sala-prensa\\\/wp-content\\\/uploads\\\/2021\\\/10\\\/Centroamerica-si-buscas-un-lugar-de-relax.jpg\",\"articleSection\":[\"Sun and beach\",\"Travel\"],\"inLanguage\":\"en-US\",\"potentialAction\":[{\"@type\":\"CommentAction\",\"name\":\"Comment\",\"target\":[\"https:\\\/\\\/www.visitcentroamerica.com\\\/sala-prensa\\\/en\\\/travel\\\/que-destino-elegir-en-centroamerica-si-buscas-un-lugar-de-relax\\\/#respond\"]}]},{\"@type\":\"WebPage\",\"@id\":\"https:\\\/\\\/www.visitcentroamerica.com\\\/sala-prensa\\\/en\\\/travel\\\/que-destino-elegir-en-centroamerica-si-buscas-un-lugar-de-relax\\\/\",\"url\":\"https:\\\/\\\/www.visitcentroamerica.com\\\/sala-prensa\\\/en\\\/travel\\\/que-destino-elegir-en-centroamerica-si-buscas-un-lugar-de-relax\\\/\",\"name\":\"Quelle destination d'Am\u00e9rique centrale choisir pour des vacances reposantes ?\",\"isPartOf\":{\"@id\":\"https:\\\/\\\/www.visitcentroamerica.com\\\/sala-prensa\\\/en\\\/#website\"},\"primaryImageOfPage\":{\"@id\":\"https:\\\/\\\/www.visitcentroamerica.com\\\/sala-prensa\\\/en\\\/travel\\\/que-destino-elegir-en-centroamerica-si-buscas-un-lugar-de-relax\\\/#primaryimage\"},\"image\":{\"@id\":\"https:\\\/\\\/www.visitcentroamerica.com\\\/sala-prensa\\\/en\\\/travel\\\/que-destino-elegir-en-centroamerica-si-buscas-un-lugar-de-relax\\\/#primaryimage\"},\"thumbnailUrl\":\"https:\\\/\\\/www.visitcentroamerica.com\\\/sala-prensa\\\/wp-content\\\/uploads\\\/2021\\\/10\\\/Centroamerica-si-buscas-un-lugar-de-relax.jpg\",\"datePublished\":\"2021-11-08T11:00:14+00:00\",\"author\":{\"@id\":\"https:\\\/\\\/www.visitcentroamerica.com\\\/sala-prensa\\\/en\\\/#\\\/schema\\\/person\\\/0aa3bd0dbaabaead6089ee3dd0cd7ae5\"},\"description\":\"R\u00e9fl\u00e9chissez \u00e0 la destination \u00e0 choisir en Am\u00e9rique centrale pour oublier les soucis quotidiens. Organisez un s\u00e9jour sp\u00e9cial yoga ou m\u00e9ditation\",\"breadcrumb\":{\"@id\":\"https:\\\/\\\/www.visitcentroamerica.com\\\/sala-prensa\\\/en\\\/travel\\\/que-destino-elegir-en-centroamerica-si-buscas-un-lugar-de-relax\\\/#breadcrumb\"},\"inLanguage\":\"en-US\",\"potentialAction\":[{\"@type\":\"ReadAction\",\"target\":[\"https:\\\/\\\/www.visitcentroamerica.com\\\/sala-prensa\\\/en\\\/travel\\\/que-destino-elegir-en-centroamerica-si-buscas-un-lugar-de-relax\\\/\"]}]},{\"@type\":\"ImageObject\",\"inLanguage\":\"en-US\",\"@id\":\"https:\\\/\\\/www.visitcentroamerica.com\\\/sala-prensa\\\/en\\\/travel\\\/que-destino-elegir-en-centroamerica-si-buscas-un-lugar-de-relax\\\/#primaryimage\",\"url\":\"https:\\\/\\\/www.visitcentroamerica.com\\\/sala-prensa\\\/wp-content\\\/uploads\\\/2021\\\/10\\\/Centroamerica-si-buscas-un-lugar-de-relax.jpg\",\"contentUrl\":\"https:\\\/\\\/www.visitcentroamerica.com\\\/sala-prensa\\\/wp-content\\\/uploads\\\/2021\\\/10\\\/Centroamerica-si-buscas-un-lugar-de-relax.jpg\",\"width\":1200,\"height\":600},{\"@type\":\"BreadcrumbList\",\"@id\":\"https:\\\/\\\/www.visitcentroamerica.com\\\/sala-prensa\\\/en\\\/travel\\\/que-destino-elegir-en-centroamerica-si-buscas-un-lugar-de-relax\\\/#breadcrumb\",\"itemListElement\":[{\"@type\":\"ListItem\",\"position\":1,\"name\":\"Portada\",\"item\":\"https:\\\/\\\/www.visitcentroamerica.com\\\/sala-prensa\\\/en\\\/\"},{\"@type\":\"ListItem\",\"position\":2,\"name\":\"Quelle destination choisir en Am\u00e9rique centrale si vous recherchez un lieu de d\u00e9tente ?\"}]},{\"@type\":\"WebSite\",\"@id\":\"https:\\\/\\\/www.visitcentroamerica.com\\\/sala-prensa\\\/en\\\/#website\",\"url\":\"https:\\\/\\\/www.visitcentroamerica.com\\\/sala-prensa\\\/en\\\/\",\"name\":\"Sala de prensa\",\"description\":\"\",\"potentialAction\":[{\"@type\":\"SearchAction\",\"target\":{\"@type\":\"EntryPoint\",\"urlTemplate\":\"https:\\\/\\\/www.visitcentroamerica.com\\\/sala-prensa\\\/en\\\/?s={search_term_string}\"},\"query-input\":{\"@type\":\"PropertyValueSpecification\",\"valueRequired\":true,\"valueName\":\"search_term_string\"}}],\"inLanguage\":\"en-US\"},{\"@type\":\"Person\",\"@id\":\"https:\\\/\\\/www.visitcentroamerica.com\\\/sala-prensa\\\/en\\\/#\\\/schema\\\/person\\\/0aa3bd0dbaabaead6089ee3dd0cd7ae5\",\"name\":\"Denis Alvarado\",\"image\":{\"@type\":\"ImageObject\",\"inLanguage\":\"en-US\",\"@id\":\"https:\\\/\\\/secure.gravatar.com\\\/avatar\\\/c31f0697f6edb7c68d5dedc2ccbd548d2a9f73aa293e81c6a1425229ec4c9135?s=96&d=mm&r=g\",\"url\":\"https:\\\/\\\/secure.gravatar.com\\\/avatar\\\/c31f0697f6edb7c68d5dedc2ccbd548d2a9f73aa293e81c6a1425229ec4c9135?s=96&d=mm&r=g\",\"contentUrl\":\"https:\\\/\\\/secure.gravatar.com\\\/avatar\\\/c31f0697f6edb7c68d5dedc2ccbd548d2a9f73aa293e81c6a1425229ec4c9135?s=96&d=mm&r=g\",\"caption\":\"Denis Alvarado\"},\"url\":\"https:\\\/\\\/www.visitcentroamerica.com\\\/sala-prensa\\\/en\\\/author\\\/denis\\\/\"}]}<\/script>\n<!-- \/ Yoast SEO plugin. -->","yoast_head_json":{"title":"Quelle destination d'Am\u00e9rique centrale choisir pour des vacances reposantes ?","description":"R\u00e9fl\u00e9chissez \u00e0 la destination \u00e0 choisir en Am\u00e9rique centrale pour oublier les soucis quotidiens. Organisez un s\u00e9jour sp\u00e9cial yoga ou m\u00e9ditation","robots":{"index":"index","follow":"follow","max-snippet":"max-snippet:-1","max-image-preview":"max-image-preview:large","max-video-preview":"max-video-preview:-1"},"canonical":"https:\/\/www.visitcentroamerica.com\/sala-prensa\/en\/travel\/que-destino-elegir-en-centroamerica-si-buscas-un-lugar-de-relax\/","og_locale":"en_US","og_type":"article","og_title":"Quelle destination d'Am\u00e9rique centrale choisir pour des vacances reposantes ?","og_description":"R\u00e9fl\u00e9chissez \u00e0 la destination \u00e0 choisir en Am\u00e9rique centrale pour oublier les soucis quotidiens. Organisez un s\u00e9jour sp\u00e9cial yoga ou m\u00e9ditation","og_url":"https:\/\/www.visitcentroamerica.com\/sala-prensa\/en\/travel\/que-destino-elegir-en-centroamerica-si-buscas-un-lugar-de-relax\/","og_site_name":"Sala de prensa","article_published_time":"2021-11-08T11:00:14+00:00","og_image":[{"width":1200,"height":600,"url":"https:\/\/www.visitcentroamerica.com\/sala-prensa\/wp-content\/uploads\/2021\/10\/Centroamerica-si-buscas-un-lugar-de-relax.jpg","type":"image\/jpeg"}],"author":"Denis Alvarado","twitter_card":"summary_large_image","twitter_misc":{"Written by":"Denis Alvarado","Est. reading time":"2 minutes"},"schema":{"@context":"https:\/\/schema.org","@graph":[{"@type":"Article","@id":"https:\/\/www.visitcentroamerica.com\/sala-prensa\/en\/travel\/que-destino-elegir-en-centroamerica-si-buscas-un-lugar-de-relax\/#article","isPartOf":{"@id":"https:\/\/www.visitcentroamerica.com\/sala-prensa\/en\/travel\/que-destino-elegir-en-centroamerica-si-buscas-un-lugar-de-relax\/"},"author":{"name":"Denis Alvarado","@id":"https:\/\/www.visitcentroamerica.com\/sala-prensa\/en\/#\/schema\/person\/0aa3bd0dbaabaead6089ee3dd0cd7ae5"},"headline":"Quelle destination choisir en Am\u00e9rique centrale si vous recherchez un lieu de d\u00e9tente ?","datePublished":"2021-11-08T11:00:14+00:00","mainEntityOfPage":{"@id":"https:\/\/www.visitcentroamerica.com\/sala-prensa\/en\/travel\/que-destino-elegir-en-centroamerica-si-buscas-un-lugar-de-relax\/"},"wordCount":301,"commentCount":0,"image":{"@id":"https:\/\/www.visitcentroamerica.com\/sala-prensa\/en\/travel\/que-destino-elegir-en-centroamerica-si-buscas-un-lugar-de-relax\/#primaryimage"},"thumbnailUrl":"https:\/\/www.visitcentroamerica.com\/sala-prensa\/wp-content\/uploads\/2021\/10\/Centroamerica-si-buscas-un-lugar-de-relax.jpg","articleSection":["Sun and beach","Travel"],"inLanguage":"en-US","potentialAction":[{"@type":"CommentAction","name":"Comment","target":["https:\/\/www.visitcentroamerica.com\/sala-prensa\/en\/travel\/que-destino-elegir-en-centroamerica-si-buscas-un-lugar-de-relax\/#respond"]}]},{"@type":"WebPage","@id":"https:\/\/www.visitcentroamerica.com\/sala-prensa\/en\/travel\/que-destino-elegir-en-centroamerica-si-buscas-un-lugar-de-relax\/","url":"https:\/\/www.visitcentroamerica.com\/sala-prensa\/en\/travel\/que-destino-elegir-en-centroamerica-si-buscas-un-lugar-de-relax\/","name":"Quelle destination d'Am\u00e9rique centrale choisir pour des vacances reposantes ?","isPartOf":{"@id":"https:\/\/www.visitcentroamerica.com\/sala-prensa\/en\/#website"},"primaryImageOfPage":{"@id":"https:\/\/www.visitcentroamerica.com\/sala-prensa\/en\/travel\/que-destino-elegir-en-centroamerica-si-buscas-un-lugar-de-relax\/#primaryimage"},"image":{"@id":"https:\/\/www.visitcentroamerica.com\/sala-prensa\/en\/travel\/que-destino-elegir-en-centroamerica-si-buscas-un-lugar-de-relax\/#primaryimage"},"thumbnailUrl":"https:\/\/www.visitcentroamerica.com\/sala-prensa\/wp-content\/uploads\/2021\/10\/Centroamerica-si-buscas-un-lugar-de-relax.jpg","datePublished":"2021-11-08T11:00:14+00:00","author":{"@id":"https:\/\/www.visitcentroamerica.com\/sala-prensa\/en\/#\/schema\/person\/0aa3bd0dbaabaead6089ee3dd0cd7ae5"},"description":"R\u00e9fl\u00e9chissez \u00e0 la destination \u00e0 choisir en Am\u00e9rique centrale pour oublier les soucis quotidiens. Organisez un s\u00e9jour sp\u00e9cial yoga ou m\u00e9ditation","breadcrumb":{"@id":"https:\/\/www.visitcentroamerica.com\/sala-prensa\/en\/travel\/que-destino-elegir-en-centroamerica-si-buscas-un-lugar-de-relax\/#breadcrumb"},"inLanguage":"en-US","potentialAction":[{"@type":"ReadAction","target":["https:\/\/www.visitcentroamerica.com\/sala-prensa\/en\/travel\/que-destino-elegir-en-centroamerica-si-buscas-un-lugar-de-relax\/"]}]},{"@type":"ImageObject","inLanguage":"en-US","@id":"https:\/\/www.visitcentroamerica.com\/sala-prensa\/en\/travel\/que-destino-elegir-en-centroamerica-si-buscas-un-lugar-de-relax\/#primaryimage","url":"https:\/\/www.visitcentroamerica.com\/sala-prensa\/wp-content\/uploads\/2021\/10\/Centroamerica-si-buscas-un-lugar-de-relax.jpg","contentUrl":"https:\/\/www.visitcentroamerica.com\/sala-prensa\/wp-content\/uploads\/2021\/10\/Centroamerica-si-buscas-un-lugar-de-relax.jpg","width":1200,"height":600},{"@type":"BreadcrumbList","@id":"https:\/\/www.visitcentroamerica.com\/sala-prensa\/en\/travel\/que-destino-elegir-en-centroamerica-si-buscas-un-lugar-de-relax\/#breadcrumb","itemListElement":[{"@type":"ListItem","position":1,"name":"Portada","item":"https:\/\/www.visitcentroamerica.com\/sala-prensa\/en\/"},{"@type":"ListItem","position":2,"name":"Quelle destination choisir en Am\u00e9rique centrale si vous recherchez un lieu de d\u00e9tente ?"}]},{"@type":"WebSite","@id":"https:\/\/www.visitcentroamerica.com\/sala-prensa\/en\/#website","url":"https:\/\/www.visitcentroamerica.com\/sala-prensa\/en\/","name":"Sala de prensa","description":"","potentialAction":[{"@type":"SearchAction","target":{"@type":"EntryPoint","urlTemplate":"https:\/\/www.visitcentroamerica.com\/sala-prensa\/en\/?s={search_term_string}"},"query-input":{"@type":"PropertyValueSpecification","valueRequired":true,"valueName":"search_term_string"}}],"inLanguage":"en-US"},{"@type":"Person","@id":"https:\/\/www.visitcentroamerica.com\/sala-prensa\/en\/#\/schema\/person\/0aa3bd0dbaabaead6089ee3dd0cd7ae5","name":"Denis Alvarado","image":{"@type":"ImageObject","inLanguage":"en-US","@id":"https:\/\/secure.gravatar.com\/avatar\/c31f0697f6edb7c68d5dedc2ccbd548d2a9f73aa293e81c6a1425229ec4c9135?s=96&d=mm&r=g","url":"https:\/\/secure.gravatar.com\/avatar\/c31f0697f6edb7c68d5dedc2ccbd548d2a9f73aa293e81c6a1425229ec4c9135?s=96&d=mm&r=g","contentUrl":"https:\/\/secure.gravatar.com\/avatar\/c31f0697f6edb7c68d5dedc2ccbd548d2a9f73aa293e81c6a1425229ec4c9135?s=96&d=mm&r=g","caption":"Denis Alvarado"},"url":"https:\/\/www.visitcentroamerica.com\/sala-prensa\/en\/author\/denis\/"}]}},"_links":{"self":[{"href":"https:\/\/www.visitcentroamerica.com\/sala-prensa\/en\/wp-json\/wp\/v2\/posts\/12743","targetHints":{"allow":["GET"]}}],"collection":[{"href":"https:\/\/www.visitcentroamerica.com\/sala-prensa\/en\/wp-json\/wp\/v2\/posts"}],"about":[{"href":"https:\/\/www.visitcentroamerica.com\/sala-prensa\/en\/wp-json\/wp\/v2\/types\/post"}],"author":[{"embeddable":true,"href":"https:\/\/www.visitcentroamerica.com\/sala-prensa\/en\/wp-json\/wp\/v2\/users\/5"}],"replies":[{"embeddable":true,"href":"https:\/\/www.visitcentroamerica.com\/sala-prensa\/en\/wp-json\/wp\/v2\/comments?post=12743"}],"version-history":[{"count":2,"href":"https:\/\/www.visitcentroamerica.com\/sala-prensa\/en\/wp-json\/wp\/v2\/posts\/12743\/revisions"}],"predecessor-version":[{"id":12745,"href":"https:\/\/www.visitcentroamerica.com\/sala-prensa\/en\/wp-json\/wp\/v2\/posts\/12743\/revisions\/12745"}],"wp:featuredmedia":[{"embeddable":true,"href":"https:\/\/www.visitcentroamerica.com\/sala-prensa\/en\/wp-json\/wp\/v2\/media\/12721"}],"wp:attachment":[{"href":"https:\/\/www.visitcentroamerica.com\/sala-prensa\/en\/wp-json\/wp\/v2\/media?parent=12743"}],"wp:term":[{"taxonomy":"category","embeddable":true,"href":"https:\/\/www.visitcentroamerica.com\/sala-prensa\/en\/wp-json\/wp\/v2\/categories?post=12743"},{"taxonomy":"post_tag","embeddable":true,"href":"https:\/\/www.visitcentroamerica.com\/sala-prensa\/en\/wp-json\/wp\/v2\/tags?post=12743"}],"curies":[{"name":"wp","href":"https:\/\/api.w.org\/{rel}","templated":true}]}}