{"id":12740,"date":"2021-11-12T11:00:29","date_gmt":"2021-11-12T11:00:29","guid":{"rendered":"https:\/\/www.visitcentroamerica.com\/sala-prensa\/?p=12740"},"modified":"2021-11-03T10:55:04","modified_gmt":"2021-11-03T10:55:04","slug":"der-maya-zug-ein-projekt-zur-verbesserung-des-fremdenverkehrs-der-nachhaltigkeit-und-der-sicherheit-in-zentralamerika","status":"publish","type":"post","link":"https:\/\/www.visitcentroamerica.com\/sala-prensa\/en\/travel\/archaeology-and-history\/der-maya-zug-ein-projekt-zur-verbesserung-des-fremdenverkehrs-der-nachhaltigkeit-und-der-sicherheit-in-zentralamerika\/","title":{"rendered":"Der Maya-Zug, ein Projekt zur Verbesserung des Fremdenverkehrs, der Nachhaltigkeit und der Sicherheit in Zentralamerika."},"content":{"rendered":"<p><img decoding=\"async\" class=\"alignnone wp-image-12734 size-full\" src=\"https:\/\/www.visitcentroamerica.com\/sala-prensa\/wp-content\/uploads\/2021\/11\/el-tren-maya.jpg\" alt=\"el-tren-maya\" width=\"100%\" height=\"auto\" srcset=\"https:\/\/www.visitcentroamerica.com\/sala-prensa\/wp-content\/uploads\/2021\/11\/el-tren-maya.jpg 1200w, https:\/\/www.visitcentroamerica.com\/sala-prensa\/wp-content\/uploads\/2021\/11\/el-tren-maya-300x150.jpg 300w, https:\/\/www.visitcentroamerica.com\/sala-prensa\/wp-content\/uploads\/2021\/11\/el-tren-maya-1024x512.jpg 1024w, https:\/\/www.visitcentroamerica.com\/sala-prensa\/wp-content\/uploads\/2021\/11\/el-tren-maya-768x384.jpg 768w, https:\/\/www.visitcentroamerica.com\/sala-prensa\/wp-content\/uploads\/2021\/11\/el-tren-maya-696x348.jpg 696w, https:\/\/www.visitcentroamerica.com\/sala-prensa\/wp-content\/uploads\/2021\/11\/el-tren-maya-1068x534.jpg 1068w, https:\/\/www.visitcentroamerica.com\/sala-prensa\/wp-content\/uploads\/2021\/11\/el-tren-maya-840x420.jpg 840w, https:\/\/www.visitcentroamerica.com\/sala-prensa\/wp-content\/uploads\/2021\/11\/el-tren-maya-500x250.jpg 500w\" sizes=\"(max-width: 1200px) 100vw, 1200px\" \/><\/p>\n<p>Der Maya-Zug soll ein klares und entschiedenes Bekenntnis zum Tourismus sowie zur <strong>Nachhaltigkeit und Sicherheit in Zentralamerika<\/strong> werden. Dank des Projekts konnten verschiedene L\u00e4nder ihre Bem\u00fchungen in dieselbe Richtung lenken. Erfahren Sie mehr \u00fcber eines der ambitioniertesten Projekte des Kontinents.<\/p>\n<h3>\n<p>Was ist der Maya-Zug?<\/h3>\n<p>Wenn Sie nicht wissen, <strong>was der Maya-Zug ist,<\/strong> sollten Sie jetzt Ihre Unwissenheit ausr\u00e4umen. Es handelt sich um ein Logistikprojekt, das die Halbinsel Yucatan mit dem \u00fcbrigen Mexiko und Mittelamerika verbinden soll.<\/p>\n<p>Es dient der Bef\u00f6rderung von Fahrg\u00e4sten, einschlie\u00dflich derjenigen, die zu touristischen Zwecken reisen, und von Fracht. Eines der Vorteile besteht darin, dass ein riesiges Gebiet unter Ber\u00fccksichtigung der Umwelt zusammengef\u00fchrt werden kann, um dessen <strong>Sch\u00e4den zu mindern.<\/strong> Aber das ist noch nicht alles.<\/p>\n<p>Au\u00dferdem gilt es, die <strong>Schaffung von Arbeitspl\u00e4tzen <\/strong>und die <strong>Verbesserung der Lebensqualit\u00e4<\/strong>t der Menschen in der Umgebung der geplanten Bahnh\u00f6fe zu ber\u00fccksichtigen.<\/p>\n<p>Panama hat bereits Interesse am Tren Maya gezeigt, wie auch <a href=\"https:\/\/onu.org.gt\/acerca-de-guatemala\/\" target=\"_blank\" rel=\"noopener\"><strong>Guatemala<\/strong><\/a> und <a href=\"https:\/\/www.embelize.org\/?page_id=44\" target=\"_blank\" rel=\"noopener\"><strong>Belize<\/strong><\/a>.<\/p>\n<p>Erfahren Sie mehr \u00fcber dieses Projekt im Zusammenhang mit <strong>Nachhaltigkeit und Sicherheit in Zentralamerika.<\/strong> Wer wei\u00df, ob Sie auf Ihrer Reise zu diesem Kontinent die Gelegenheit haben werden, an Bord zu gehen. Entscheiden Sie sich in der Zwischenzeit f\u00fcr eine bereits verf\u00fcgbare <em>Tour<\/em>, wie z. B. <a href=\"https:\/\/www.visitcentroamerica.com\/packages\/centroamerica-colorida\/\" target=\"_blank\" rel=\"noopener\"><strong>Buntes Mittelamerika<\/strong><\/a>. Besuchen Sie unsere Website und melden Sie an f\u00fcr <a href=\"https:\/\/www.visitcentroamerica.com\/experiencias\/historia-y-misticismo\/\" target=\"_blank\" rel=\"noopener\"><strong>Arch\u00e4ologie und Geschichte<\/strong><\/a> und <a href=\"https:\/\/www.visitcentroamerica.com\/experiencias\/aventura\/\" target=\"_blank\" rel=\"noopener\"><strong>Abenteuer in Zentralamerika.<\/strong><\/a><strong><br \/>\n<\/strong><\/p>\n","protected":false},"excerpt":{"rendered":"<p>Der Maya-Zug soll ein klares und entschiedenes Bekenntnis zum Tourismus sowie zur Nachhaltigkeit und Sicherheit in Zentralamerika werden. Dank des Projekts konnten verschiedene L\u00e4nder ihre Bem\u00fchungen in dieselbe Richtung lenken. Erfahren Sie mehr \u00fcber eines der ambitioniertesten Projekte des Kontinents. Was ist der Maya-Zug? Wenn Sie nicht wissen, was der Maya-Zug ist, sollten Sie jetzt [&hellip;]<\/p>\n","protected":false},"author":5,"featured_media":12735,"comment_status":"open","ping_status":"closed","sticky":false,"template":"","format":"standard","meta":{"footnotes":""},"categories":[103,102],"tags":[],"class_list":{"0":"post-12740","1":"post","2":"type-post","3":"status-publish","4":"format-standard","5":"has-post-thumbnail","7":"category-adventure","8":"category-archaeology-and-history"},"yoast_head":"<!-- This site is optimized with the Yoast SEO plugin v27.3 - https:\/\/yoast.com\/product\/yoast-seo-wordpress\/ -->\n<title>Nachhaltigkeit und Sicherheit in Zentralamerika: Unterst\u00fctzung f\u00fcr den Maya-Zug<\/title>\n<meta name=\"description\" content=\"Erfahren Sie, wie sich der Maya-Zug f\u00fcr Nachhaltigkeit und Sicherheit in Mittelamerika einsetzt und welche Vorteile das Projekt mit sich bringen wird\" \/>\n<meta name=\"robots\" content=\"index, follow, max-snippet:-1, max-image-preview:large, max-video-preview:-1\" \/>\n<link rel=\"canonical\" href=\"https:\/\/www.visitcentroamerica.com\/sala-prensa\/en\/travel\/archaeology-and-history\/der-maya-zug-ein-projekt-zur-verbesserung-des-fremdenverkehrs-der-nachhaltigkeit-und-der-sicherheit-in-zentralamerika\/\" \/>\n<meta property=\"og:locale\" content=\"en_US\" \/>\n<meta property=\"og:type\" content=\"article\" \/>\n<meta property=\"og:title\" content=\"Nachhaltigkeit und Sicherheit in Zentralamerika: Unterst\u00fctzung f\u00fcr den Maya-Zug\" \/>\n<meta property=\"og:description\" content=\"Erfahren Sie, wie sich der Maya-Zug f\u00fcr Nachhaltigkeit und Sicherheit in Mittelamerika einsetzt und welche Vorteile das Projekt mit sich bringen wird\" \/>\n<meta property=\"og:url\" content=\"https:\/\/www.visitcentroamerica.com\/sala-prensa\/en\/travel\/archaeology-and-history\/der-maya-zug-ein-projekt-zur-verbesserung-des-fremdenverkehrs-der-nachhaltigkeit-und-der-sicherheit-in-zentralamerika\/\" \/>\n<meta property=\"og:site_name\" content=\"Sala de prensa\" \/>\n<meta property=\"article:published_time\" content=\"2021-11-12T11:00:29+00:00\" \/>\n<meta property=\"og:image\" content=\"https:\/\/www.visitcentroamerica.com\/sala-prensa\/wp-content\/uploads\/2021\/11\/el-tren-maya.jpg\" \/>\n\t<meta property=\"og:image:width\" content=\"1200\" \/>\n\t<meta property=\"og:image:height\" content=\"600\" \/>\n\t<meta property=\"og:image:type\" content=\"image\/jpeg\" \/>\n<meta name=\"author\" content=\"Denis Alvarado\" \/>\n<meta name=\"twitter:card\" content=\"summary_large_image\" \/>\n<meta name=\"twitter:label1\" content=\"Written by\" \/>\n\t<meta name=\"twitter:data1\" content=\"Denis Alvarado\" \/>\n\t<meta name=\"twitter:label2\" content=\"Est. reading time\" \/>\n\t<meta name=\"twitter:data2\" content=\"2 minutes\" \/>\n<script type=\"application\/ld+json\" class=\"yoast-schema-graph\">{\"@context\":\"https:\\\/\\\/schema.org\",\"@graph\":[{\"@type\":\"Article\",\"@id\":\"https:\\\/\\\/www.visitcentroamerica.com\\\/sala-prensa\\\/en\\\/travel\\\/archaeology-and-history\\\/der-maya-zug-ein-projekt-zur-verbesserung-des-fremdenverkehrs-der-nachhaltigkeit-und-der-sicherheit-in-zentralamerika\\\/#article\",\"isPartOf\":{\"@id\":\"https:\\\/\\\/www.visitcentroamerica.com\\\/sala-prensa\\\/en\\\/travel\\\/archaeology-and-history\\\/der-maya-zug-ein-projekt-zur-verbesserung-des-fremdenverkehrs-der-nachhaltigkeit-und-der-sicherheit-in-zentralamerika\\\/\"},\"author\":{\"name\":\"Denis Alvarado\",\"@id\":\"https:\\\/\\\/www.visitcentroamerica.com\\\/sala-prensa\\\/en\\\/#\\\/schema\\\/person\\\/0aa3bd0dbaabaead6089ee3dd0cd7ae5\"},\"headline\":\"Der Maya-Zug, ein Projekt zur Verbesserung des Fremdenverkehrs, der Nachhaltigkeit und der Sicherheit in Zentralamerika.\",\"datePublished\":\"2021-11-12T11:00:29+00:00\",\"mainEntityOfPage\":{\"@id\":\"https:\\\/\\\/www.visitcentroamerica.com\\\/sala-prensa\\\/en\\\/travel\\\/archaeology-and-history\\\/der-maya-zug-ein-projekt-zur-verbesserung-des-fremdenverkehrs-der-nachhaltigkeit-und-der-sicherheit-in-zentralamerika\\\/\"},\"wordCount\":251,\"commentCount\":0,\"image\":{\"@id\":\"https:\\\/\\\/www.visitcentroamerica.com\\\/sala-prensa\\\/en\\\/travel\\\/archaeology-and-history\\\/der-maya-zug-ein-projekt-zur-verbesserung-des-fremdenverkehrs-der-nachhaltigkeit-und-der-sicherheit-in-zentralamerika\\\/#primaryimage\"},\"thumbnailUrl\":\"https:\\\/\\\/www.visitcentroamerica.com\\\/sala-prensa\\\/wp-content\\\/uploads\\\/2021\\\/11\\\/el-tren-maya.jpg\",\"articleSection\":[\"Adventure\",\"Archaeology and history\"],\"inLanguage\":\"en-US\",\"potentialAction\":[{\"@type\":\"CommentAction\",\"name\":\"Comment\",\"target\":[\"https:\\\/\\\/www.visitcentroamerica.com\\\/sala-prensa\\\/en\\\/travel\\\/archaeology-and-history\\\/der-maya-zug-ein-projekt-zur-verbesserung-des-fremdenverkehrs-der-nachhaltigkeit-und-der-sicherheit-in-zentralamerika\\\/#respond\"]}]},{\"@type\":\"WebPage\",\"@id\":\"https:\\\/\\\/www.visitcentroamerica.com\\\/sala-prensa\\\/en\\\/travel\\\/archaeology-and-history\\\/der-maya-zug-ein-projekt-zur-verbesserung-des-fremdenverkehrs-der-nachhaltigkeit-und-der-sicherheit-in-zentralamerika\\\/\",\"url\":\"https:\\\/\\\/www.visitcentroamerica.com\\\/sala-prensa\\\/en\\\/travel\\\/archaeology-and-history\\\/der-maya-zug-ein-projekt-zur-verbesserung-des-fremdenverkehrs-der-nachhaltigkeit-und-der-sicherheit-in-zentralamerika\\\/\",\"name\":\"Nachhaltigkeit und Sicherheit in Zentralamerika: Unterst\u00fctzung f\u00fcr den Maya-Zug\",\"isPartOf\":{\"@id\":\"https:\\\/\\\/www.visitcentroamerica.com\\\/sala-prensa\\\/en\\\/#website\"},\"primaryImageOfPage\":{\"@id\":\"https:\\\/\\\/www.visitcentroamerica.com\\\/sala-prensa\\\/en\\\/travel\\\/archaeology-and-history\\\/der-maya-zug-ein-projekt-zur-verbesserung-des-fremdenverkehrs-der-nachhaltigkeit-und-der-sicherheit-in-zentralamerika\\\/#primaryimage\"},\"image\":{\"@id\":\"https:\\\/\\\/www.visitcentroamerica.com\\\/sala-prensa\\\/en\\\/travel\\\/archaeology-and-history\\\/der-maya-zug-ein-projekt-zur-verbesserung-des-fremdenverkehrs-der-nachhaltigkeit-und-der-sicherheit-in-zentralamerika\\\/#primaryimage\"},\"thumbnailUrl\":\"https:\\\/\\\/www.visitcentroamerica.com\\\/sala-prensa\\\/wp-content\\\/uploads\\\/2021\\\/11\\\/el-tren-maya.jpg\",\"datePublished\":\"2021-11-12T11:00:29+00:00\",\"author\":{\"@id\":\"https:\\\/\\\/www.visitcentroamerica.com\\\/sala-prensa\\\/en\\\/#\\\/schema\\\/person\\\/0aa3bd0dbaabaead6089ee3dd0cd7ae5\"},\"description\":\"Erfahren Sie, wie sich der Maya-Zug f\u00fcr Nachhaltigkeit und Sicherheit in Mittelamerika einsetzt und welche Vorteile das Projekt mit sich bringen wird\",\"breadcrumb\":{\"@id\":\"https:\\\/\\\/www.visitcentroamerica.com\\\/sala-prensa\\\/en\\\/travel\\\/archaeology-and-history\\\/der-maya-zug-ein-projekt-zur-verbesserung-des-fremdenverkehrs-der-nachhaltigkeit-und-der-sicherheit-in-zentralamerika\\\/#breadcrumb\"},\"inLanguage\":\"en-US\",\"potentialAction\":[{\"@type\":\"ReadAction\",\"target\":[\"https:\\\/\\\/www.visitcentroamerica.com\\\/sala-prensa\\\/en\\\/travel\\\/archaeology-and-history\\\/der-maya-zug-ein-projekt-zur-verbesserung-des-fremdenverkehrs-der-nachhaltigkeit-und-der-sicherheit-in-zentralamerika\\\/\"]}]},{\"@type\":\"ImageObject\",\"inLanguage\":\"en-US\",\"@id\":\"https:\\\/\\\/www.visitcentroamerica.com\\\/sala-prensa\\\/en\\\/travel\\\/archaeology-and-history\\\/der-maya-zug-ein-projekt-zur-verbesserung-des-fremdenverkehrs-der-nachhaltigkeit-und-der-sicherheit-in-zentralamerika\\\/#primaryimage\",\"url\":\"https:\\\/\\\/www.visitcentroamerica.com\\\/sala-prensa\\\/wp-content\\\/uploads\\\/2021\\\/11\\\/el-tren-maya.jpg\",\"contentUrl\":\"https:\\\/\\\/www.visitcentroamerica.com\\\/sala-prensa\\\/wp-content\\\/uploads\\\/2021\\\/11\\\/el-tren-maya.jpg\",\"width\":1200,\"height\":600,\"caption\":\"el-tren-maya\"},{\"@type\":\"BreadcrumbList\",\"@id\":\"https:\\\/\\\/www.visitcentroamerica.com\\\/sala-prensa\\\/en\\\/travel\\\/archaeology-and-history\\\/der-maya-zug-ein-projekt-zur-verbesserung-des-fremdenverkehrs-der-nachhaltigkeit-und-der-sicherheit-in-zentralamerika\\\/#breadcrumb\",\"itemListElement\":[{\"@type\":\"ListItem\",\"position\":1,\"name\":\"Portada\",\"item\":\"https:\\\/\\\/www.visitcentroamerica.com\\\/sala-prensa\\\/en\\\/\"},{\"@type\":\"ListItem\",\"position\":2,\"name\":\"Der Maya-Zug, ein Projekt zur Verbesserung des Fremdenverkehrs, der Nachhaltigkeit und der Sicherheit in Zentralamerika.\"}]},{\"@type\":\"WebSite\",\"@id\":\"https:\\\/\\\/www.visitcentroamerica.com\\\/sala-prensa\\\/en\\\/#website\",\"url\":\"https:\\\/\\\/www.visitcentroamerica.com\\\/sala-prensa\\\/en\\\/\",\"name\":\"Sala de prensa\",\"description\":\"\",\"potentialAction\":[{\"@type\":\"SearchAction\",\"target\":{\"@type\":\"EntryPoint\",\"urlTemplate\":\"https:\\\/\\\/www.visitcentroamerica.com\\\/sala-prensa\\\/en\\\/?s={search_term_string}\"},\"query-input\":{\"@type\":\"PropertyValueSpecification\",\"valueRequired\":true,\"valueName\":\"search_term_string\"}}],\"inLanguage\":\"en-US\"},{\"@type\":\"Person\",\"@id\":\"https:\\\/\\\/www.visitcentroamerica.com\\\/sala-prensa\\\/en\\\/#\\\/schema\\\/person\\\/0aa3bd0dbaabaead6089ee3dd0cd7ae5\",\"name\":\"Denis Alvarado\",\"image\":{\"@type\":\"ImageObject\",\"inLanguage\":\"en-US\",\"@id\":\"https:\\\/\\\/secure.gravatar.com\\\/avatar\\\/c31f0697f6edb7c68d5dedc2ccbd548d2a9f73aa293e81c6a1425229ec4c9135?s=96&d=mm&r=g\",\"url\":\"https:\\\/\\\/secure.gravatar.com\\\/avatar\\\/c31f0697f6edb7c68d5dedc2ccbd548d2a9f73aa293e81c6a1425229ec4c9135?s=96&d=mm&r=g\",\"contentUrl\":\"https:\\\/\\\/secure.gravatar.com\\\/avatar\\\/c31f0697f6edb7c68d5dedc2ccbd548d2a9f73aa293e81c6a1425229ec4c9135?s=96&d=mm&r=g\",\"caption\":\"Denis Alvarado\"},\"url\":\"https:\\\/\\\/www.visitcentroamerica.com\\\/sala-prensa\\\/en\\\/author\\\/denis\\\/\"}]}<\/script>\n<!-- \/ Yoast SEO plugin. -->","yoast_head_json":{"title":"Nachhaltigkeit und Sicherheit in Zentralamerika: Unterst\u00fctzung f\u00fcr den Maya-Zug","description":"Erfahren Sie, wie sich der Maya-Zug f\u00fcr Nachhaltigkeit und Sicherheit in Mittelamerika einsetzt und welche Vorteile das Projekt mit sich bringen wird","robots":{"index":"index","follow":"follow","max-snippet":"max-snippet:-1","max-image-preview":"max-image-preview:large","max-video-preview":"max-video-preview:-1"},"canonical":"https:\/\/www.visitcentroamerica.com\/sala-prensa\/en\/travel\/archaeology-and-history\/der-maya-zug-ein-projekt-zur-verbesserung-des-fremdenverkehrs-der-nachhaltigkeit-und-der-sicherheit-in-zentralamerika\/","og_locale":"en_US","og_type":"article","og_title":"Nachhaltigkeit und Sicherheit in Zentralamerika: Unterst\u00fctzung f\u00fcr den Maya-Zug","og_description":"Erfahren Sie, wie sich der Maya-Zug f\u00fcr Nachhaltigkeit und Sicherheit in Mittelamerika einsetzt und welche Vorteile das Projekt mit sich bringen wird","og_url":"https:\/\/www.visitcentroamerica.com\/sala-prensa\/en\/travel\/archaeology-and-history\/der-maya-zug-ein-projekt-zur-verbesserung-des-fremdenverkehrs-der-nachhaltigkeit-und-der-sicherheit-in-zentralamerika\/","og_site_name":"Sala de prensa","article_published_time":"2021-11-12T11:00:29+00:00","og_image":[{"width":1200,"height":600,"url":"https:\/\/www.visitcentroamerica.com\/sala-prensa\/wp-content\/uploads\/2021\/11\/el-tren-maya.jpg","type":"image\/jpeg"}],"author":"Denis Alvarado","twitter_card":"summary_large_image","twitter_misc":{"Written by":"Denis Alvarado","Est. reading time":"2 minutes"},"schema":{"@context":"https:\/\/schema.org","@graph":[{"@type":"Article","@id":"https:\/\/www.visitcentroamerica.com\/sala-prensa\/en\/travel\/archaeology-and-history\/der-maya-zug-ein-projekt-zur-verbesserung-des-fremdenverkehrs-der-nachhaltigkeit-und-der-sicherheit-in-zentralamerika\/#article","isPartOf":{"@id":"https:\/\/www.visitcentroamerica.com\/sala-prensa\/en\/travel\/archaeology-and-history\/der-maya-zug-ein-projekt-zur-verbesserung-des-fremdenverkehrs-der-nachhaltigkeit-und-der-sicherheit-in-zentralamerika\/"},"author":{"name":"Denis Alvarado","@id":"https:\/\/www.visitcentroamerica.com\/sala-prensa\/en\/#\/schema\/person\/0aa3bd0dbaabaead6089ee3dd0cd7ae5"},"headline":"Der Maya-Zug, ein Projekt zur Verbesserung des Fremdenverkehrs, der Nachhaltigkeit und der Sicherheit in Zentralamerika.","datePublished":"2021-11-12T11:00:29+00:00","mainEntityOfPage":{"@id":"https:\/\/www.visitcentroamerica.com\/sala-prensa\/en\/travel\/archaeology-and-history\/der-maya-zug-ein-projekt-zur-verbesserung-des-fremdenverkehrs-der-nachhaltigkeit-und-der-sicherheit-in-zentralamerika\/"},"wordCount":251,"commentCount":0,"image":{"@id":"https:\/\/www.visitcentroamerica.com\/sala-prensa\/en\/travel\/archaeology-and-history\/der-maya-zug-ein-projekt-zur-verbesserung-des-fremdenverkehrs-der-nachhaltigkeit-und-der-sicherheit-in-zentralamerika\/#primaryimage"},"thumbnailUrl":"https:\/\/www.visitcentroamerica.com\/sala-prensa\/wp-content\/uploads\/2021\/11\/el-tren-maya.jpg","articleSection":["Adventure","Archaeology and history"],"inLanguage":"en-US","potentialAction":[{"@type":"CommentAction","name":"Comment","target":["https:\/\/www.visitcentroamerica.com\/sala-prensa\/en\/travel\/archaeology-and-history\/der-maya-zug-ein-projekt-zur-verbesserung-des-fremdenverkehrs-der-nachhaltigkeit-und-der-sicherheit-in-zentralamerika\/#respond"]}]},{"@type":"WebPage","@id":"https:\/\/www.visitcentroamerica.com\/sala-prensa\/en\/travel\/archaeology-and-history\/der-maya-zug-ein-projekt-zur-verbesserung-des-fremdenverkehrs-der-nachhaltigkeit-und-der-sicherheit-in-zentralamerika\/","url":"https:\/\/www.visitcentroamerica.com\/sala-prensa\/en\/travel\/archaeology-and-history\/der-maya-zug-ein-projekt-zur-verbesserung-des-fremdenverkehrs-der-nachhaltigkeit-und-der-sicherheit-in-zentralamerika\/","name":"Nachhaltigkeit und Sicherheit in Zentralamerika: Unterst\u00fctzung f\u00fcr den Maya-Zug","isPartOf":{"@id":"https:\/\/www.visitcentroamerica.com\/sala-prensa\/en\/#website"},"primaryImageOfPage":{"@id":"https:\/\/www.visitcentroamerica.com\/sala-prensa\/en\/travel\/archaeology-and-history\/der-maya-zug-ein-projekt-zur-verbesserung-des-fremdenverkehrs-der-nachhaltigkeit-und-der-sicherheit-in-zentralamerika\/#primaryimage"},"image":{"@id":"https:\/\/www.visitcentroamerica.com\/sala-prensa\/en\/travel\/archaeology-and-history\/der-maya-zug-ein-projekt-zur-verbesserung-des-fremdenverkehrs-der-nachhaltigkeit-und-der-sicherheit-in-zentralamerika\/#primaryimage"},"thumbnailUrl":"https:\/\/www.visitcentroamerica.com\/sala-prensa\/wp-content\/uploads\/2021\/11\/el-tren-maya.jpg","datePublished":"2021-11-12T11:00:29+00:00","author":{"@id":"https:\/\/www.visitcentroamerica.com\/sala-prensa\/en\/#\/schema\/person\/0aa3bd0dbaabaead6089ee3dd0cd7ae5"},"description":"Erfahren Sie, wie sich der Maya-Zug f\u00fcr Nachhaltigkeit und Sicherheit in Mittelamerika einsetzt und welche Vorteile das Projekt mit sich bringen wird","breadcrumb":{"@id":"https:\/\/www.visitcentroamerica.com\/sala-prensa\/en\/travel\/archaeology-and-history\/der-maya-zug-ein-projekt-zur-verbesserung-des-fremdenverkehrs-der-nachhaltigkeit-und-der-sicherheit-in-zentralamerika\/#breadcrumb"},"inLanguage":"en-US","potentialAction":[{"@type":"ReadAction","target":["https:\/\/www.visitcentroamerica.com\/sala-prensa\/en\/travel\/archaeology-and-history\/der-maya-zug-ein-projekt-zur-verbesserung-des-fremdenverkehrs-der-nachhaltigkeit-und-der-sicherheit-in-zentralamerika\/"]}]},{"@type":"ImageObject","inLanguage":"en-US","@id":"https:\/\/www.visitcentroamerica.com\/sala-prensa\/en\/travel\/archaeology-and-history\/der-maya-zug-ein-projekt-zur-verbesserung-des-fremdenverkehrs-der-nachhaltigkeit-und-der-sicherheit-in-zentralamerika\/#primaryimage","url":"https:\/\/www.visitcentroamerica.com\/sala-prensa\/wp-content\/uploads\/2021\/11\/el-tren-maya.jpg","contentUrl":"https:\/\/www.visitcentroamerica.com\/sala-prensa\/wp-content\/uploads\/2021\/11\/el-tren-maya.jpg","width":1200,"height":600,"caption":"el-tren-maya"},{"@type":"BreadcrumbList","@id":"https:\/\/www.visitcentroamerica.com\/sala-prensa\/en\/travel\/archaeology-and-history\/der-maya-zug-ein-projekt-zur-verbesserung-des-fremdenverkehrs-der-nachhaltigkeit-und-der-sicherheit-in-zentralamerika\/#breadcrumb","itemListElement":[{"@type":"ListItem","position":1,"name":"Portada","item":"https:\/\/www.visitcentroamerica.com\/sala-prensa\/en\/"},{"@type":"ListItem","position":2,"name":"Der Maya-Zug, ein Projekt zur Verbesserung des Fremdenverkehrs, der Nachhaltigkeit und der Sicherheit in Zentralamerika."}]},{"@type":"WebSite","@id":"https:\/\/www.visitcentroamerica.com\/sala-prensa\/en\/#website","url":"https:\/\/www.visitcentroamerica.com\/sala-prensa\/en\/","name":"Sala de prensa","description":"","potentialAction":[{"@type":"SearchAction","target":{"@type":"EntryPoint","urlTemplate":"https:\/\/www.visitcentroamerica.com\/sala-prensa\/en\/?s={search_term_string}"},"query-input":{"@type":"PropertyValueSpecification","valueRequired":true,"valueName":"search_term_string"}}],"inLanguage":"en-US"},{"@type":"Person","@id":"https:\/\/www.visitcentroamerica.com\/sala-prensa\/en\/#\/schema\/person\/0aa3bd0dbaabaead6089ee3dd0cd7ae5","name":"Denis Alvarado","image":{"@type":"ImageObject","inLanguage":"en-US","@id":"https:\/\/secure.gravatar.com\/avatar\/c31f0697f6edb7c68d5dedc2ccbd548d2a9f73aa293e81c6a1425229ec4c9135?s=96&d=mm&r=g","url":"https:\/\/secure.gravatar.com\/avatar\/c31f0697f6edb7c68d5dedc2ccbd548d2a9f73aa293e81c6a1425229ec4c9135?s=96&d=mm&r=g","contentUrl":"https:\/\/secure.gravatar.com\/avatar\/c31f0697f6edb7c68d5dedc2ccbd548d2a9f73aa293e81c6a1425229ec4c9135?s=96&d=mm&r=g","caption":"Denis Alvarado"},"url":"https:\/\/www.visitcentroamerica.com\/sala-prensa\/en\/author\/denis\/"}]}},"_links":{"self":[{"href":"https:\/\/www.visitcentroamerica.com\/sala-prensa\/en\/wp-json\/wp\/v2\/posts\/12740","targetHints":{"allow":["GET"]}}],"collection":[{"href":"https:\/\/www.visitcentroamerica.com\/sala-prensa\/en\/wp-json\/wp\/v2\/posts"}],"about":[{"href":"https:\/\/www.visitcentroamerica.com\/sala-prensa\/en\/wp-json\/wp\/v2\/types\/post"}],"author":[{"embeddable":true,"href":"https:\/\/www.visitcentroamerica.com\/sala-prensa\/en\/wp-json\/wp\/v2\/users\/5"}],"replies":[{"embeddable":true,"href":"https:\/\/www.visitcentroamerica.com\/sala-prensa\/en\/wp-json\/wp\/v2\/comments?post=12740"}],"version-history":[{"count":2,"href":"https:\/\/www.visitcentroamerica.com\/sala-prensa\/en\/wp-json\/wp\/v2\/posts\/12740\/revisions"}],"predecessor-version":[{"id":12742,"href":"https:\/\/www.visitcentroamerica.com\/sala-prensa\/en\/wp-json\/wp\/v2\/posts\/12740\/revisions\/12742"}],"wp:featuredmedia":[{"embeddable":true,"href":"https:\/\/www.visitcentroamerica.com\/sala-prensa\/en\/wp-json\/wp\/v2\/media\/12735"}],"wp:attachment":[{"href":"https:\/\/www.visitcentroamerica.com\/sala-prensa\/en\/wp-json\/wp\/v2\/media?parent=12740"}],"wp:term":[{"taxonomy":"category","embeddable":true,"href":"https:\/\/www.visitcentroamerica.com\/sala-prensa\/en\/wp-json\/wp\/v2\/categories?post=12740"},{"taxonomy":"post_tag","embeddable":true,"href":"https:\/\/www.visitcentroamerica.com\/sala-prensa\/en\/wp-json\/wp\/v2\/tags?post=12740"}],"curies":[{"name":"wp","href":"https:\/\/api.w.org\/{rel}","templated":true}]}}