{"id":11957,"date":"2021-04-09T08:30:45","date_gmt":"2021-04-09T08:30:45","guid":{"rendered":"https:\/\/www.visitcentroamerica.com\/sala-prensa\/?p=11957"},"modified":"2021-04-15T13:49:39","modified_gmt":"2021-04-15T13:49:39","slug":"besuch-bei-den-hutern-des-klimas-und-der-biologischen-vielfalt-in-mittelamerika","status":"publish","type":"post","link":"https:\/\/www.visitcentroamerica.com\/sala-prensa\/en\/travel\/cultural-diversity\/besuch-bei-den-hutern-des-klimas-und-der-biologischen-vielfalt-in-mittelamerika\/","title":{"rendered":"Besuch bei den H\u00fctern des Klimas und der biologischen Vielfalt in Mittelamerika"},"content":{"rendered":"<p><img decoding=\"async\" class=\"alignnone size-full wp-image-11954\" src=\"https:\/\/www.visitcentroamerica.com\/sala-prensa\/wp-content\/uploads\/2021\/04\/jaguar-centroamerica.jpg\" alt=\"\" width=\"100%\" height=\"auto\" srcset=\"https:\/\/www.visitcentroamerica.com\/sala-prensa\/wp-content\/uploads\/2021\/04\/jaguar-centroamerica.jpg 1200w, https:\/\/www.visitcentroamerica.com\/sala-prensa\/wp-content\/uploads\/2021\/04\/jaguar-centroamerica-300x150.jpg 300w, https:\/\/www.visitcentroamerica.com\/sala-prensa\/wp-content\/uploads\/2021\/04\/jaguar-centroamerica-1024x512.jpg 1024w, https:\/\/www.visitcentroamerica.com\/sala-prensa\/wp-content\/uploads\/2021\/04\/jaguar-centroamerica-768x384.jpg 768w, https:\/\/www.visitcentroamerica.com\/sala-prensa\/wp-content\/uploads\/2021\/04\/jaguar-centroamerica-696x348.jpg 696w, https:\/\/www.visitcentroamerica.com\/sala-prensa\/wp-content\/uploads\/2021\/04\/jaguar-centroamerica-1068x534.jpg 1068w, https:\/\/www.visitcentroamerica.com\/sala-prensa\/wp-content\/uploads\/2021\/04\/jaguar-centroamerica-840x420.jpg 840w, https:\/\/www.visitcentroamerica.com\/sala-prensa\/wp-content\/uploads\/2021\/04\/jaguar-centroamerica-500x250.jpg 500w\" sizes=\"(max-width: 1200px) 100vw, 1200px\" \/><\/p>\n<p>Es gibt keinen gr\u00f6\u00dferen H\u00fcter gegen <a href=\"https:\/\/www.un.org\/es\/sections\/issues-depth\/climate-change\/index.html\" target=\"_blank\" rel=\"noopener\">den Klimawandel<\/a> als die Natur. Wie Sie wissen, gibt es besonders gef\u00e4hrdete Gebiete.\u00a0Dies ist in <strong>Mittelamerika<\/strong> der Fall, wo verschiedene Projekte zum Schutz der <strong>biologischen Vielfalt<\/strong> gestartet wurden. Geh\u00f6ren Sie zu denen, die die Sache unterst\u00fctzen? Wir schlagen Ihnen vor, anhand dieser aufregenden Initiativen in der Region <strong>\u00f6kologischen Tourismus<\/strong> zu betreiben.<\/p>\n<h3>Reisen Sie nach Mittelamerika, um die W\u00e4lder zu sch\u00fctzen<\/h3>\n<p>Haben Sie von dem <strong>panamaischen Projekt Kartografie der W\u00e4lder des Volkes <\/strong>geh\u00f6rt? Nun, es tr\u00e4gt zur Schaffung neuer Generationen indigener Mapper in 13 Gemeinden im ganzen Land bei.<\/p>\n<p>Verschiedene Bev\u00f6lkerungsgruppen errichteten Schutzzonen f\u00fcr Heilpflanzen und stoppten die Privatisierung von Gemeindegebieten. Erfahren Sie mehr \u00fcber diesen Community-Entwicklungsplan, indem Sie beispielsweise nach <strong>Ember\u00e1-Wounaan <\/strong>reisen. Sie werden fasziniert sein!<\/p>\n<h3>\u00d6kologischer Tourismus in Guatemala und Belize<\/h3>\n<p>Das andere Projekt, das Sie in Betracht ziehen sollten, betrifft den <strong>Maya-Dschungel<\/strong> als Wiege der nachhaltigen Entwicklung.\u00a0Wir sprechen von einer Initiative, die das Maya-Biosph\u00e4renreservat <strong>(Guatemala)<\/strong> und die Maya-Berge und -W\u00e4lder <strong>(<\/strong><a href=\"https:\/\/belize.gov.bz\/\" target=\"_blank\" rel=\"noopener\"><strong>Belize<\/strong><\/a><strong>) <\/strong>vereint. Die<strong> Waldgemeinde <\/strong>von Pet\u00e9n bem\u00fcht sich darum, die B\u00e4ume zu erhalten, w\u00e4hrend man in Orten wie <strong>Cockscomb<\/strong> (Belize) f\u00fcr den Schutz der Jaguare k\u00e4mpft.<\/p>\n<p>M\u00f6chten Sie zum Schutz der <strong>biologischen Vielfalt<\/strong> der Region beitragen? <a href=\"http:\/\/www.visitcentroamerica.com\" target=\"_blank\" rel=\"noopener\"><strong>Besuchen <\/strong>Sie jetzt <strong>unsere Website<\/strong><\/a> und lernen Sie weitere <a href=\"https:\/\/www.visitcentroamerica.com\/packages\/?_sft_person-package=belice+guatemala\" target=\"_blank\" rel=\"noopener\"><strong><em>Rundreisen<\/em><\/strong><strong>kennen,<\/strong><\/a> die Sie an Orte wie diese bringen werden.<\/p>\n<p>Erfahrungen:<\/p>\n<p>&#8211;<a href=\"https:\/\/www.visitcentroamerica.com\/experiencias\/diversidad-cultural\/\" target=\"_blank\" rel=\"noopener\">Kulturelle Vielfalt<\/a><br \/>\n&#8211;<a href=\"https:\/\/www.visitcentroamerica.com\/experiencias\/natural\/\" target=\"_blank\" rel=\"noopener\">Nat\u00fcrliches Mittelamerika<\/a><\/p>\n<p>&nbsp;<\/p>\n","protected":false},"excerpt":{"rendered":"<p>Es gibt keinen gr\u00f6\u00dferen H\u00fcter gegen den Klimawandel als die Natur. Wie Sie wissen, gibt es besonders gef\u00e4hrdete Gebiete.\u00a0Dies ist in Mittelamerika der Fall, wo verschiedene Projekte zum Schutz der biologischen Vielfalt gestartet wurden. Geh\u00f6ren Sie zu denen, die die Sache unterst\u00fctzen? Wir schlagen Ihnen vor, anhand dieser aufregenden Initiativen in der Region \u00f6kologischen Tourismus [&hellip;]<\/p>\n","protected":false},"author":5,"featured_media":11954,"comment_status":"open","ping_status":"closed","sticky":false,"template":"","format":"standard","meta":{"footnotes":""},"categories":[106,110],"tags":[],"class_list":{"0":"post-11957","1":"post","2":"type-post","3":"status-publish","4":"format-standard","5":"has-post-thumbnail","7":"category-cultural-diversity","8":"category-nature"},"yoast_head":"<!-- This site is optimized with the Yoast SEO plugin v27.3 - https:\/\/yoast.com\/product\/yoast-seo-wordpress\/ -->\n<title>Entdecken Sie, welche Projekte die biologische Vielfalt Mittelamerikas sch\u00fctzen<\/title>\n<meta name=\"description\" content=\"Erfahren Sie mehr \u00fcber die spannenden Community-Projekte, die es schaffen, die reiche Artenvielfalt Mittelamerikas in L\u00e4ndern wie Panama, Guatemala und Belize zu sch\u00fctzen\" \/>\n<meta name=\"robots\" content=\"index, follow, max-snippet:-1, max-image-preview:large, max-video-preview:-1\" \/>\n<link rel=\"canonical\" href=\"https:\/\/www.visitcentroamerica.com\/sala-prensa\/en\/travel\/cultural-diversity\/besuch-bei-den-hutern-des-klimas-und-der-biologischen-vielfalt-in-mittelamerika\/\" \/>\n<meta property=\"og:locale\" content=\"en_US\" \/>\n<meta property=\"og:type\" content=\"article\" \/>\n<meta property=\"og:title\" content=\"Entdecken Sie, welche Projekte die biologische Vielfalt Mittelamerikas sch\u00fctzen\" \/>\n<meta property=\"og:description\" content=\"Erfahren Sie mehr \u00fcber die spannenden Community-Projekte, die es schaffen, die reiche Artenvielfalt Mittelamerikas in L\u00e4ndern wie Panama, Guatemala und Belize zu sch\u00fctzen\" \/>\n<meta property=\"og:url\" content=\"https:\/\/www.visitcentroamerica.com\/sala-prensa\/en\/travel\/cultural-diversity\/besuch-bei-den-hutern-des-klimas-und-der-biologischen-vielfalt-in-mittelamerika\/\" \/>\n<meta property=\"og:site_name\" content=\"Sala de prensa\" \/>\n<meta property=\"article:published_time\" content=\"2021-04-09T08:30:45+00:00\" \/>\n<meta property=\"article:modified_time\" content=\"2021-04-15T13:49:39+00:00\" \/>\n<meta property=\"og:image\" content=\"https:\/\/www.visitcentroamerica.com\/sala-prensa\/wp-content\/uploads\/2021\/04\/jaguar-centroamerica.jpg\" \/>\n\t<meta property=\"og:image:width\" content=\"1200\" \/>\n\t<meta property=\"og:image:height\" content=\"600\" \/>\n\t<meta property=\"og:image:type\" content=\"image\/jpeg\" \/>\n<meta name=\"author\" content=\"Denis Alvarado\" \/>\n<meta name=\"twitter:card\" content=\"summary_large_image\" \/>\n<meta name=\"twitter:label1\" content=\"Written by\" \/>\n\t<meta name=\"twitter:data1\" content=\"Denis Alvarado\" \/>\n\t<meta name=\"twitter:label2\" content=\"Est. reading time\" \/>\n\t<meta name=\"twitter:data2\" content=\"1 minute\" \/>\n<script type=\"application\/ld+json\" class=\"yoast-schema-graph\">{\"@context\":\"https:\\\/\\\/schema.org\",\"@graph\":[{\"@type\":\"Article\",\"@id\":\"https:\\\/\\\/www.visitcentroamerica.com\\\/sala-prensa\\\/en\\\/travel\\\/cultural-diversity\\\/besuch-bei-den-hutern-des-klimas-und-der-biologischen-vielfalt-in-mittelamerika\\\/#article\",\"isPartOf\":{\"@id\":\"https:\\\/\\\/www.visitcentroamerica.com\\\/sala-prensa\\\/en\\\/travel\\\/cultural-diversity\\\/besuch-bei-den-hutern-des-klimas-und-der-biologischen-vielfalt-in-mittelamerika\\\/\"},\"author\":{\"name\":\"Denis Alvarado\",\"@id\":\"https:\\\/\\\/www.visitcentroamerica.com\\\/sala-prensa\\\/en\\\/#\\\/schema\\\/person\\\/0aa3bd0dbaabaead6089ee3dd0cd7ae5\"},\"headline\":\"Besuch bei den H\u00fctern des Klimas und der biologischen Vielfalt in Mittelamerika\",\"datePublished\":\"2021-04-09T08:30:45+00:00\",\"dateModified\":\"2021-04-15T13:49:39+00:00\",\"mainEntityOfPage\":{\"@id\":\"https:\\\/\\\/www.visitcentroamerica.com\\\/sala-prensa\\\/en\\\/travel\\\/cultural-diversity\\\/besuch-bei-den-hutern-des-klimas-und-der-biologischen-vielfalt-in-mittelamerika\\\/\"},\"wordCount\":256,\"commentCount\":0,\"image\":{\"@id\":\"https:\\\/\\\/www.visitcentroamerica.com\\\/sala-prensa\\\/en\\\/travel\\\/cultural-diversity\\\/besuch-bei-den-hutern-des-klimas-und-der-biologischen-vielfalt-in-mittelamerika\\\/#primaryimage\"},\"thumbnailUrl\":\"https:\\\/\\\/www.visitcentroamerica.com\\\/sala-prensa\\\/wp-content\\\/uploads\\\/2021\\\/04\\\/jaguar-centroamerica.jpg\",\"articleSection\":[\"Cultural diversity\",\"Nature\"],\"inLanguage\":\"en-US\",\"potentialAction\":[{\"@type\":\"CommentAction\",\"name\":\"Comment\",\"target\":[\"https:\\\/\\\/www.visitcentroamerica.com\\\/sala-prensa\\\/en\\\/travel\\\/cultural-diversity\\\/besuch-bei-den-hutern-des-klimas-und-der-biologischen-vielfalt-in-mittelamerika\\\/#respond\"]}]},{\"@type\":\"WebPage\",\"@id\":\"https:\\\/\\\/www.visitcentroamerica.com\\\/sala-prensa\\\/en\\\/travel\\\/cultural-diversity\\\/besuch-bei-den-hutern-des-klimas-und-der-biologischen-vielfalt-in-mittelamerika\\\/\",\"url\":\"https:\\\/\\\/www.visitcentroamerica.com\\\/sala-prensa\\\/en\\\/travel\\\/cultural-diversity\\\/besuch-bei-den-hutern-des-klimas-und-der-biologischen-vielfalt-in-mittelamerika\\\/\",\"name\":\"Entdecken Sie, welche Projekte die biologische Vielfalt Mittelamerikas sch\u00fctzen\",\"isPartOf\":{\"@id\":\"https:\\\/\\\/www.visitcentroamerica.com\\\/sala-prensa\\\/en\\\/#website\"},\"primaryImageOfPage\":{\"@id\":\"https:\\\/\\\/www.visitcentroamerica.com\\\/sala-prensa\\\/en\\\/travel\\\/cultural-diversity\\\/besuch-bei-den-hutern-des-klimas-und-der-biologischen-vielfalt-in-mittelamerika\\\/#primaryimage\"},\"image\":{\"@id\":\"https:\\\/\\\/www.visitcentroamerica.com\\\/sala-prensa\\\/en\\\/travel\\\/cultural-diversity\\\/besuch-bei-den-hutern-des-klimas-und-der-biologischen-vielfalt-in-mittelamerika\\\/#primaryimage\"},\"thumbnailUrl\":\"https:\\\/\\\/www.visitcentroamerica.com\\\/sala-prensa\\\/wp-content\\\/uploads\\\/2021\\\/04\\\/jaguar-centroamerica.jpg\",\"datePublished\":\"2021-04-09T08:30:45+00:00\",\"dateModified\":\"2021-04-15T13:49:39+00:00\",\"author\":{\"@id\":\"https:\\\/\\\/www.visitcentroamerica.com\\\/sala-prensa\\\/en\\\/#\\\/schema\\\/person\\\/0aa3bd0dbaabaead6089ee3dd0cd7ae5\"},\"description\":\"Erfahren Sie mehr \u00fcber die spannenden Community-Projekte, die es schaffen, die reiche Artenvielfalt Mittelamerikas in L\u00e4ndern wie Panama, Guatemala und Belize zu sch\u00fctzen\",\"breadcrumb\":{\"@id\":\"https:\\\/\\\/www.visitcentroamerica.com\\\/sala-prensa\\\/en\\\/travel\\\/cultural-diversity\\\/besuch-bei-den-hutern-des-klimas-und-der-biologischen-vielfalt-in-mittelamerika\\\/#breadcrumb\"},\"inLanguage\":\"en-US\",\"potentialAction\":[{\"@type\":\"ReadAction\",\"target\":[\"https:\\\/\\\/www.visitcentroamerica.com\\\/sala-prensa\\\/en\\\/travel\\\/cultural-diversity\\\/besuch-bei-den-hutern-des-klimas-und-der-biologischen-vielfalt-in-mittelamerika\\\/\"]}]},{\"@type\":\"ImageObject\",\"inLanguage\":\"en-US\",\"@id\":\"https:\\\/\\\/www.visitcentroamerica.com\\\/sala-prensa\\\/en\\\/travel\\\/cultural-diversity\\\/besuch-bei-den-hutern-des-klimas-und-der-biologischen-vielfalt-in-mittelamerika\\\/#primaryimage\",\"url\":\"https:\\\/\\\/www.visitcentroamerica.com\\\/sala-prensa\\\/wp-content\\\/uploads\\\/2021\\\/04\\\/jaguar-centroamerica.jpg\",\"contentUrl\":\"https:\\\/\\\/www.visitcentroamerica.com\\\/sala-prensa\\\/wp-content\\\/uploads\\\/2021\\\/04\\\/jaguar-centroamerica.jpg\",\"width\":1200,\"height\":600},{\"@type\":\"BreadcrumbList\",\"@id\":\"https:\\\/\\\/www.visitcentroamerica.com\\\/sala-prensa\\\/en\\\/travel\\\/cultural-diversity\\\/besuch-bei-den-hutern-des-klimas-und-der-biologischen-vielfalt-in-mittelamerika\\\/#breadcrumb\",\"itemListElement\":[{\"@type\":\"ListItem\",\"position\":1,\"name\":\"Portada\",\"item\":\"https:\\\/\\\/www.visitcentroamerica.com\\\/sala-prensa\\\/en\\\/\"},{\"@type\":\"ListItem\",\"position\":2,\"name\":\"Besuch bei den H\u00fctern des Klimas und der biologischen Vielfalt in Mittelamerika\"}]},{\"@type\":\"WebSite\",\"@id\":\"https:\\\/\\\/www.visitcentroamerica.com\\\/sala-prensa\\\/en\\\/#website\",\"url\":\"https:\\\/\\\/www.visitcentroamerica.com\\\/sala-prensa\\\/en\\\/\",\"name\":\"Sala de prensa\",\"description\":\"\",\"potentialAction\":[{\"@type\":\"SearchAction\",\"target\":{\"@type\":\"EntryPoint\",\"urlTemplate\":\"https:\\\/\\\/www.visitcentroamerica.com\\\/sala-prensa\\\/en\\\/?s={search_term_string}\"},\"query-input\":{\"@type\":\"PropertyValueSpecification\",\"valueRequired\":true,\"valueName\":\"search_term_string\"}}],\"inLanguage\":\"en-US\"},{\"@type\":\"Person\",\"@id\":\"https:\\\/\\\/www.visitcentroamerica.com\\\/sala-prensa\\\/en\\\/#\\\/schema\\\/person\\\/0aa3bd0dbaabaead6089ee3dd0cd7ae5\",\"name\":\"Denis Alvarado\",\"image\":{\"@type\":\"ImageObject\",\"inLanguage\":\"en-US\",\"@id\":\"https:\\\/\\\/secure.gravatar.com\\\/avatar\\\/c31f0697f6edb7c68d5dedc2ccbd548d2a9f73aa293e81c6a1425229ec4c9135?s=96&d=mm&r=g\",\"url\":\"https:\\\/\\\/secure.gravatar.com\\\/avatar\\\/c31f0697f6edb7c68d5dedc2ccbd548d2a9f73aa293e81c6a1425229ec4c9135?s=96&d=mm&r=g\",\"contentUrl\":\"https:\\\/\\\/secure.gravatar.com\\\/avatar\\\/c31f0697f6edb7c68d5dedc2ccbd548d2a9f73aa293e81c6a1425229ec4c9135?s=96&d=mm&r=g\",\"caption\":\"Denis Alvarado\"},\"url\":\"https:\\\/\\\/www.visitcentroamerica.com\\\/sala-prensa\\\/en\\\/author\\\/denis\\\/\"}]}<\/script>\n<!-- \/ Yoast SEO plugin. -->","yoast_head_json":{"title":"Entdecken Sie, welche Projekte die biologische Vielfalt Mittelamerikas sch\u00fctzen","description":"Erfahren Sie mehr \u00fcber die spannenden Community-Projekte, die es schaffen, die reiche Artenvielfalt Mittelamerikas in L\u00e4ndern wie Panama, Guatemala und Belize zu sch\u00fctzen","robots":{"index":"index","follow":"follow","max-snippet":"max-snippet:-1","max-image-preview":"max-image-preview:large","max-video-preview":"max-video-preview:-1"},"canonical":"https:\/\/www.visitcentroamerica.com\/sala-prensa\/en\/travel\/cultural-diversity\/besuch-bei-den-hutern-des-klimas-und-der-biologischen-vielfalt-in-mittelamerika\/","og_locale":"en_US","og_type":"article","og_title":"Entdecken Sie, welche Projekte die biologische Vielfalt Mittelamerikas sch\u00fctzen","og_description":"Erfahren Sie mehr \u00fcber die spannenden Community-Projekte, die es schaffen, die reiche Artenvielfalt Mittelamerikas in L\u00e4ndern wie Panama, Guatemala und Belize zu sch\u00fctzen","og_url":"https:\/\/www.visitcentroamerica.com\/sala-prensa\/en\/travel\/cultural-diversity\/besuch-bei-den-hutern-des-klimas-und-der-biologischen-vielfalt-in-mittelamerika\/","og_site_name":"Sala de prensa","article_published_time":"2021-04-09T08:30:45+00:00","article_modified_time":"2021-04-15T13:49:39+00:00","og_image":[{"width":1200,"height":600,"url":"https:\/\/www.visitcentroamerica.com\/sala-prensa\/wp-content\/uploads\/2021\/04\/jaguar-centroamerica.jpg","type":"image\/jpeg"}],"author":"Denis Alvarado","twitter_card":"summary_large_image","twitter_misc":{"Written by":"Denis Alvarado","Est. reading time":"1 minute"},"schema":{"@context":"https:\/\/schema.org","@graph":[{"@type":"Article","@id":"https:\/\/www.visitcentroamerica.com\/sala-prensa\/en\/travel\/cultural-diversity\/besuch-bei-den-hutern-des-klimas-und-der-biologischen-vielfalt-in-mittelamerika\/#article","isPartOf":{"@id":"https:\/\/www.visitcentroamerica.com\/sala-prensa\/en\/travel\/cultural-diversity\/besuch-bei-den-hutern-des-klimas-und-der-biologischen-vielfalt-in-mittelamerika\/"},"author":{"name":"Denis Alvarado","@id":"https:\/\/www.visitcentroamerica.com\/sala-prensa\/en\/#\/schema\/person\/0aa3bd0dbaabaead6089ee3dd0cd7ae5"},"headline":"Besuch bei den H\u00fctern des Klimas und der biologischen Vielfalt in Mittelamerika","datePublished":"2021-04-09T08:30:45+00:00","dateModified":"2021-04-15T13:49:39+00:00","mainEntityOfPage":{"@id":"https:\/\/www.visitcentroamerica.com\/sala-prensa\/en\/travel\/cultural-diversity\/besuch-bei-den-hutern-des-klimas-und-der-biologischen-vielfalt-in-mittelamerika\/"},"wordCount":256,"commentCount":0,"image":{"@id":"https:\/\/www.visitcentroamerica.com\/sala-prensa\/en\/travel\/cultural-diversity\/besuch-bei-den-hutern-des-klimas-und-der-biologischen-vielfalt-in-mittelamerika\/#primaryimage"},"thumbnailUrl":"https:\/\/www.visitcentroamerica.com\/sala-prensa\/wp-content\/uploads\/2021\/04\/jaguar-centroamerica.jpg","articleSection":["Cultural diversity","Nature"],"inLanguage":"en-US","potentialAction":[{"@type":"CommentAction","name":"Comment","target":["https:\/\/www.visitcentroamerica.com\/sala-prensa\/en\/travel\/cultural-diversity\/besuch-bei-den-hutern-des-klimas-und-der-biologischen-vielfalt-in-mittelamerika\/#respond"]}]},{"@type":"WebPage","@id":"https:\/\/www.visitcentroamerica.com\/sala-prensa\/en\/travel\/cultural-diversity\/besuch-bei-den-hutern-des-klimas-und-der-biologischen-vielfalt-in-mittelamerika\/","url":"https:\/\/www.visitcentroamerica.com\/sala-prensa\/en\/travel\/cultural-diversity\/besuch-bei-den-hutern-des-klimas-und-der-biologischen-vielfalt-in-mittelamerika\/","name":"Entdecken Sie, welche Projekte die biologische Vielfalt Mittelamerikas sch\u00fctzen","isPartOf":{"@id":"https:\/\/www.visitcentroamerica.com\/sala-prensa\/en\/#website"},"primaryImageOfPage":{"@id":"https:\/\/www.visitcentroamerica.com\/sala-prensa\/en\/travel\/cultural-diversity\/besuch-bei-den-hutern-des-klimas-und-der-biologischen-vielfalt-in-mittelamerika\/#primaryimage"},"image":{"@id":"https:\/\/www.visitcentroamerica.com\/sala-prensa\/en\/travel\/cultural-diversity\/besuch-bei-den-hutern-des-klimas-und-der-biologischen-vielfalt-in-mittelamerika\/#primaryimage"},"thumbnailUrl":"https:\/\/www.visitcentroamerica.com\/sala-prensa\/wp-content\/uploads\/2021\/04\/jaguar-centroamerica.jpg","datePublished":"2021-04-09T08:30:45+00:00","dateModified":"2021-04-15T13:49:39+00:00","author":{"@id":"https:\/\/www.visitcentroamerica.com\/sala-prensa\/en\/#\/schema\/person\/0aa3bd0dbaabaead6089ee3dd0cd7ae5"},"description":"Erfahren Sie mehr \u00fcber die spannenden Community-Projekte, die es schaffen, die reiche Artenvielfalt Mittelamerikas in L\u00e4ndern wie Panama, Guatemala und Belize zu sch\u00fctzen","breadcrumb":{"@id":"https:\/\/www.visitcentroamerica.com\/sala-prensa\/en\/travel\/cultural-diversity\/besuch-bei-den-hutern-des-klimas-und-der-biologischen-vielfalt-in-mittelamerika\/#breadcrumb"},"inLanguage":"en-US","potentialAction":[{"@type":"ReadAction","target":["https:\/\/www.visitcentroamerica.com\/sala-prensa\/en\/travel\/cultural-diversity\/besuch-bei-den-hutern-des-klimas-und-der-biologischen-vielfalt-in-mittelamerika\/"]}]},{"@type":"ImageObject","inLanguage":"en-US","@id":"https:\/\/www.visitcentroamerica.com\/sala-prensa\/en\/travel\/cultural-diversity\/besuch-bei-den-hutern-des-klimas-und-der-biologischen-vielfalt-in-mittelamerika\/#primaryimage","url":"https:\/\/www.visitcentroamerica.com\/sala-prensa\/wp-content\/uploads\/2021\/04\/jaguar-centroamerica.jpg","contentUrl":"https:\/\/www.visitcentroamerica.com\/sala-prensa\/wp-content\/uploads\/2021\/04\/jaguar-centroamerica.jpg","width":1200,"height":600},{"@type":"BreadcrumbList","@id":"https:\/\/www.visitcentroamerica.com\/sala-prensa\/en\/travel\/cultural-diversity\/besuch-bei-den-hutern-des-klimas-und-der-biologischen-vielfalt-in-mittelamerika\/#breadcrumb","itemListElement":[{"@type":"ListItem","position":1,"name":"Portada","item":"https:\/\/www.visitcentroamerica.com\/sala-prensa\/en\/"},{"@type":"ListItem","position":2,"name":"Besuch bei den H\u00fctern des Klimas und der biologischen Vielfalt in Mittelamerika"}]},{"@type":"WebSite","@id":"https:\/\/www.visitcentroamerica.com\/sala-prensa\/en\/#website","url":"https:\/\/www.visitcentroamerica.com\/sala-prensa\/en\/","name":"Sala de prensa","description":"","potentialAction":[{"@type":"SearchAction","target":{"@type":"EntryPoint","urlTemplate":"https:\/\/www.visitcentroamerica.com\/sala-prensa\/en\/?s={search_term_string}"},"query-input":{"@type":"PropertyValueSpecification","valueRequired":true,"valueName":"search_term_string"}}],"inLanguage":"en-US"},{"@type":"Person","@id":"https:\/\/www.visitcentroamerica.com\/sala-prensa\/en\/#\/schema\/person\/0aa3bd0dbaabaead6089ee3dd0cd7ae5","name":"Denis Alvarado","image":{"@type":"ImageObject","inLanguage":"en-US","@id":"https:\/\/secure.gravatar.com\/avatar\/c31f0697f6edb7c68d5dedc2ccbd548d2a9f73aa293e81c6a1425229ec4c9135?s=96&d=mm&r=g","url":"https:\/\/secure.gravatar.com\/avatar\/c31f0697f6edb7c68d5dedc2ccbd548d2a9f73aa293e81c6a1425229ec4c9135?s=96&d=mm&r=g","contentUrl":"https:\/\/secure.gravatar.com\/avatar\/c31f0697f6edb7c68d5dedc2ccbd548d2a9f73aa293e81c6a1425229ec4c9135?s=96&d=mm&r=g","caption":"Denis Alvarado"},"url":"https:\/\/www.visitcentroamerica.com\/sala-prensa\/en\/author\/denis\/"}]}},"_links":{"self":[{"href":"https:\/\/www.visitcentroamerica.com\/sala-prensa\/en\/wp-json\/wp\/v2\/posts\/11957","targetHints":{"allow":["GET"]}}],"collection":[{"href":"https:\/\/www.visitcentroamerica.com\/sala-prensa\/en\/wp-json\/wp\/v2\/posts"}],"about":[{"href":"https:\/\/www.visitcentroamerica.com\/sala-prensa\/en\/wp-json\/wp\/v2\/types\/post"}],"author":[{"embeddable":true,"href":"https:\/\/www.visitcentroamerica.com\/sala-prensa\/en\/wp-json\/wp\/v2\/users\/5"}],"replies":[{"embeddable":true,"href":"https:\/\/www.visitcentroamerica.com\/sala-prensa\/en\/wp-json\/wp\/v2\/comments?post=11957"}],"version-history":[{"count":2,"href":"https:\/\/www.visitcentroamerica.com\/sala-prensa\/en\/wp-json\/wp\/v2\/posts\/11957\/revisions"}],"predecessor-version":[{"id":12024,"href":"https:\/\/www.visitcentroamerica.com\/sala-prensa\/en\/wp-json\/wp\/v2\/posts\/11957\/revisions\/12024"}],"wp:featuredmedia":[{"embeddable":true,"href":"https:\/\/www.visitcentroamerica.com\/sala-prensa\/en\/wp-json\/wp\/v2\/media\/11954"}],"wp:attachment":[{"href":"https:\/\/www.visitcentroamerica.com\/sala-prensa\/en\/wp-json\/wp\/v2\/media?parent=11957"}],"wp:term":[{"taxonomy":"category","embeddable":true,"href":"https:\/\/www.visitcentroamerica.com\/sala-prensa\/en\/wp-json\/wp\/v2\/categories?post=11957"},{"taxonomy":"post_tag","embeddable":true,"href":"https:\/\/www.visitcentroamerica.com\/sala-prensa\/en\/wp-json\/wp\/v2\/tags?post=11957"}],"curies":[{"name":"wp","href":"https:\/\/api.w.org\/{rel}","templated":true}]}}