{"id":11911,"date":"2021-04-05T11:28:29","date_gmt":"2021-04-05T11:28:29","guid":{"rendered":"https:\/\/www.visitcentroamerica.com\/sala-prensa\/uncategorized\/centroamerica-una-suculenta-fusion-de-la-cocina-indigena-africana-y-espanola\/"},"modified":"2021-04-07T08:35:56","modified_gmt":"2021-04-07T08:35:56","slug":"lamerique-centrale-une-fusion-succulente-de-cuisine-indigene-africaine-et-espagnole","status":"publish","type":"post","link":"https:\/\/www.visitcentroamerica.com\/sala-prensa\/en\/travel\/gastronomy\/lamerique-centrale-une-fusion-succulente-de-cuisine-indigene-africaine-et-espagnole\/","title":{"rendered":"L\u2019Am\u00e9rique centrale, une fusion succulente de cuisine indig\u00e8ne, africaine et espagnole"},"content":{"rendered":"<p><img decoding=\"async\" class=\"alignnone size-full wp-image-11907\" src=\"https:\/\/www.visitcentroamerica.com\/sala-prensa\/wp-content\/uploads\/2021\/04\/centroamerica-cocina-indigena-africana-espanola.jpg\" alt=\"Centroam\u00e9rica - cocina - gastronom\u00eda\" width=\"100%\" height=\"auto\" srcset=\"https:\/\/www.visitcentroamerica.com\/sala-prensa\/wp-content\/uploads\/2021\/04\/centroamerica-cocina-indigena-africana-espanola.jpg 1200w, https:\/\/www.visitcentroamerica.com\/sala-prensa\/wp-content\/uploads\/2021\/04\/centroamerica-cocina-indigena-africana-espanola-300x150.jpg 300w, https:\/\/www.visitcentroamerica.com\/sala-prensa\/wp-content\/uploads\/2021\/04\/centroamerica-cocina-indigena-africana-espanola-1024x512.jpg 1024w, https:\/\/www.visitcentroamerica.com\/sala-prensa\/wp-content\/uploads\/2021\/04\/centroamerica-cocina-indigena-africana-espanola-768x384.jpg 768w, https:\/\/www.visitcentroamerica.com\/sala-prensa\/wp-content\/uploads\/2021\/04\/centroamerica-cocina-indigena-africana-espanola-696x348.jpg 696w, https:\/\/www.visitcentroamerica.com\/sala-prensa\/wp-content\/uploads\/2021\/04\/centroamerica-cocina-indigena-africana-espanola-1068x534.jpg 1068w, https:\/\/www.visitcentroamerica.com\/sala-prensa\/wp-content\/uploads\/2021\/04\/centroamerica-cocina-indigena-africana-espanola-840x420.jpg 840w, https:\/\/www.visitcentroamerica.com\/sala-prensa\/wp-content\/uploads\/2021\/04\/centroamerica-cocina-indigena-africana-espanola-500x250.jpg 500w\" sizes=\"(max-width: 1200px) 100vw, 1200px\" \/><\/p>\n<p>La <strong>gastronomie<\/strong> de l\u2019<strong>Am\u00e9rique centrale<\/strong> est l&#8217;un des aspects les plus appr\u00e9ci\u00e9s des touristes. Ses plats d\u00e9licieux concentrent traditions indig\u00e8nes, africaines et espagnoles. Ce m\u00e9lange passionnant fait de <strong>la cuisine centre-am\u00e9ricaine<\/strong> l\u2019une des plus attrayantes au monde. D\u00e9couvrez ses saveurs!<\/p>\n<h3>La gastronomie exquise de l\u2019Am\u00e9rique centrale<\/h3>\n<p>Faites le <strong>voyage multi-destinations <\/strong>le plus savoureux qui soit en go\u00fbtant les <em>frijoles con chicharr\u00f3<\/em>n (haricots et couenne de porc frite) ou le <em>pepi\u00e1n <\/em>(plat de viande en sauce). Ce sont des <strong>plats typiques du Guatemala<\/strong> qui associent des recettes pr\u00e9colombiennes et des ingr\u00e9dients hispano-arabes. La base de sa cuisine est le ma\u00efs, tout comme au <strong>Salvador<\/strong>, o\u00f9 je vous recommande de go\u00fbter les <a href=\"https:\/\/www.recetassalvadorenas.com\/receta\/comida-casera\/tamales-de-pollo\/\"><em>tamales <\/em>de porc ou de poulet<\/a> et de boire de la <em>chicha de ma\u00edz<\/em>.<\/p>\n<p>On vous pr\u00e9parera \u00e9galement des <em>tamales <\/em>au <strong>Panama,<\/strong> bien que plus \u00e9pic\u00e9s. Compl\u00e9tez votre menu avec une soupe de l\u00e9gumes appel\u00e9e <em>sancocho <\/em>ou avec une soupe de fruits de mer (<em>rond\u00f3n<\/em>). Et si vous aimez cette touche \u00e9pic\u00e9e dont je vous parlais, optez pour la <strong>cuisine b\u00e9lizienne<\/strong>, inspir\u00e9e de la cuisine mexicaine. Laissez-vous tenter par du <em>pollo a la barbacoa<\/em> (poulet au barbecue) avec du riz ou des haricots blancs.<\/p>\n<h3>Voyager en Am\u00e9rique centrale pour manger du gallopinto<\/h3>\n<p>Vous ne pouvez pas <strong>voyager en Am\u00e9rique centrale<\/strong> et repartir sans avoir go\u00fbt\u00e9 le <em>gallopinto <\/em>\u00e0 base de riz et de haricots. Au Nicaragua, on fait frire ces derniers avec de l&#8217;huile de coco ; au Costa Rica, on en mange au petit-d\u00e9jeuner. Et pour finir, un <strong>dessert hondurien<\/strong>, le <em>machuca gar\u00edfuna<\/em> : une pur\u00e9e de bananes avec du poivre, du fromage et du lait.<\/p>\n<p>Vous avez envie de go\u00fbter ces plats <strong>typiques d&#8217;Am\u00e9rique centrale ?<\/strong> Eh bien <a href=\"http:\/\/www.visitcentroamerica.com\"><strong>visitez notre site Web<\/strong><\/a> et d\u00e9couvrez les<a href=\"https:\/\/www.visitcentroamerica.com\/packages\/\"><strong><em> circuits <\/em><\/strong><strong>multi-destinations<\/strong><\/a> qui vous le permettront. Bon app\u00e9tit!<\/p>\n<p>Exp\u00e9riences\u00a0:<br \/>\n&#8211;<a href=\"https:\/\/www.visitcentroamerica.com\/experiencias\/gastronomia\/\" target=\"_blank\" rel=\"noopener\">Gastronomie<\/a>.<br \/>\n&#8211;<a href=\"https:\/\/www.visitcentroamerica.com\/experiencias\/diversidad-cultural\/\" target=\"_blank\" rel=\"noopener\">Diversit\u00e9 culturelle<\/a>.<\/p>\n<p>&nbsp;<\/p>\n<p>&nbsp;<\/p>\n","protected":false},"excerpt":{"rendered":"<p>La gastronomie de l\u2019Am\u00e9rique centrale est l&#8217;un des aspects les plus appr\u00e9ci\u00e9s des touristes. Ses plats d\u00e9licieux concentrent traditions indig\u00e8nes, africaines et espagnoles. Ce m\u00e9lange passionnant fait de la cuisine centre-am\u00e9ricaine l\u2019une des plus attrayantes au monde. D\u00e9couvrez ses saveurs! La gastronomie exquise de l\u2019Am\u00e9rique centrale Faites le voyage multi-destinations le plus savoureux qui soit [&hellip;]<\/p>\n","protected":false},"author":5,"featured_media":11907,"comment_status":"open","ping_status":"closed","sticky":false,"template":"","format":"standard","meta":{"footnotes":""},"categories":[106,109],"tags":[],"class_list":{"0":"post-11911","1":"post","2":"type-post","3":"status-publish","4":"format-standard","5":"has-post-thumbnail","7":"category-cultural-diversity","8":"category-gastronomy"},"yoast_head":"<!-- This site is optimized with the Yoast SEO plugin v27.3 - https:\/\/yoast.com\/product\/yoast-seo-wordpress\/ -->\n<title>Savourez le riche m\u00e9lange gastronomique de la cuisine d&#039;Am\u00e9rique<\/title>\n<meta name=\"description\" content=\"Le ma\u00efs, la banane, le riz ou les haricots font partie des ingr\u00e9dients de base de la cuisine d&#039;Am\u00e9rique centrale. D\u00e9couvrez quelques plats de sa cuisine vari\u00e9e\" \/>\n<meta name=\"robots\" content=\"index, follow, max-snippet:-1, max-image-preview:large, max-video-preview:-1\" \/>\n<link rel=\"canonical\" href=\"https:\/\/www.visitcentroamerica.com\/sala-prensa\/en\/travel\/gastronomy\/lamerique-centrale-une-fusion-succulente-de-cuisine-indigene-africaine-et-espagnole\/\" \/>\n<meta property=\"og:locale\" content=\"en_US\" \/>\n<meta property=\"og:type\" content=\"article\" \/>\n<meta property=\"og:title\" content=\"Savourez le riche m\u00e9lange gastronomique de la cuisine d&#039;Am\u00e9rique\" \/>\n<meta property=\"og:description\" content=\"Le ma\u00efs, la banane, le riz ou les haricots font partie des ingr\u00e9dients de base de la cuisine d&#039;Am\u00e9rique centrale. D\u00e9couvrez quelques plats de sa cuisine vari\u00e9e\" \/>\n<meta property=\"og:url\" content=\"https:\/\/www.visitcentroamerica.com\/sala-prensa\/en\/travel\/gastronomy\/lamerique-centrale-une-fusion-succulente-de-cuisine-indigene-africaine-et-espagnole\/\" \/>\n<meta property=\"og:site_name\" content=\"Sala de prensa\" \/>\n<meta property=\"article:published_time\" content=\"2021-04-05T11:28:29+00:00\" \/>\n<meta property=\"article:modified_time\" content=\"2021-04-07T08:35:56+00:00\" \/>\n<meta property=\"og:image\" content=\"https:\/\/www.visitcentroamerica.com\/sala-prensa\/wp-content\/uploads\/2021\/04\/centroamerica-cocina-indigena-africana-espanola.jpg\" \/>\n\t<meta property=\"og:image:width\" content=\"1200\" \/>\n\t<meta property=\"og:image:height\" content=\"600\" \/>\n\t<meta property=\"og:image:type\" content=\"image\/jpeg\" \/>\n<meta name=\"author\" content=\"Denis Alvarado\" \/>\n<meta name=\"twitter:card\" content=\"summary_large_image\" \/>\n<meta name=\"twitter:label1\" content=\"Written by\" \/>\n\t<meta name=\"twitter:data1\" content=\"Denis Alvarado\" \/>\n\t<meta name=\"twitter:label2\" content=\"Est. reading time\" \/>\n\t<meta name=\"twitter:data2\" content=\"2 minutes\" \/>\n<script type=\"application\/ld+json\" class=\"yoast-schema-graph\">{\"@context\":\"https:\\\/\\\/schema.org\",\"@graph\":[{\"@type\":\"Article\",\"@id\":\"https:\\\/\\\/www.visitcentroamerica.com\\\/sala-prensa\\\/en\\\/travel\\\/gastronomy\\\/lamerique-centrale-une-fusion-succulente-de-cuisine-indigene-africaine-et-espagnole\\\/#article\",\"isPartOf\":{\"@id\":\"https:\\\/\\\/www.visitcentroamerica.com\\\/sala-prensa\\\/en\\\/travel\\\/gastronomy\\\/lamerique-centrale-une-fusion-succulente-de-cuisine-indigene-africaine-et-espagnole\\\/\"},\"author\":{\"name\":\"Denis Alvarado\",\"@id\":\"https:\\\/\\\/www.visitcentroamerica.com\\\/sala-prensa\\\/en\\\/#\\\/schema\\\/person\\\/0aa3bd0dbaabaead6089ee3dd0cd7ae5\"},\"headline\":\"L\u2019Am\u00e9rique centrale, une fusion succulente de cuisine indig\u00e8ne, africaine et espagnole\",\"datePublished\":\"2021-04-05T11:28:29+00:00\",\"dateModified\":\"2021-04-07T08:35:56+00:00\",\"mainEntityOfPage\":{\"@id\":\"https:\\\/\\\/www.visitcentroamerica.com\\\/sala-prensa\\\/en\\\/travel\\\/gastronomy\\\/lamerique-centrale-une-fusion-succulente-de-cuisine-indigene-africaine-et-espagnole\\\/\"},\"wordCount\":354,\"commentCount\":0,\"image\":{\"@id\":\"https:\\\/\\\/www.visitcentroamerica.com\\\/sala-prensa\\\/en\\\/travel\\\/gastronomy\\\/lamerique-centrale-une-fusion-succulente-de-cuisine-indigene-africaine-et-espagnole\\\/#primaryimage\"},\"thumbnailUrl\":\"https:\\\/\\\/www.visitcentroamerica.com\\\/sala-prensa\\\/wp-content\\\/uploads\\\/2021\\\/04\\\/centroamerica-cocina-indigena-africana-espanola.jpg\",\"articleSection\":[\"Cultural diversity\",\"Gastronomy\"],\"inLanguage\":\"en-US\",\"potentialAction\":[{\"@type\":\"CommentAction\",\"name\":\"Comment\",\"target\":[\"https:\\\/\\\/www.visitcentroamerica.com\\\/sala-prensa\\\/en\\\/travel\\\/gastronomy\\\/lamerique-centrale-une-fusion-succulente-de-cuisine-indigene-africaine-et-espagnole\\\/#respond\"]}]},{\"@type\":\"WebPage\",\"@id\":\"https:\\\/\\\/www.visitcentroamerica.com\\\/sala-prensa\\\/en\\\/travel\\\/gastronomy\\\/lamerique-centrale-une-fusion-succulente-de-cuisine-indigene-africaine-et-espagnole\\\/\",\"url\":\"https:\\\/\\\/www.visitcentroamerica.com\\\/sala-prensa\\\/en\\\/travel\\\/gastronomy\\\/lamerique-centrale-une-fusion-succulente-de-cuisine-indigene-africaine-et-espagnole\\\/\",\"name\":\"Savourez le riche m\u00e9lange gastronomique de la cuisine d'Am\u00e9rique\",\"isPartOf\":{\"@id\":\"https:\\\/\\\/www.visitcentroamerica.com\\\/sala-prensa\\\/en\\\/#website\"},\"primaryImageOfPage\":{\"@id\":\"https:\\\/\\\/www.visitcentroamerica.com\\\/sala-prensa\\\/en\\\/travel\\\/gastronomy\\\/lamerique-centrale-une-fusion-succulente-de-cuisine-indigene-africaine-et-espagnole\\\/#primaryimage\"},\"image\":{\"@id\":\"https:\\\/\\\/www.visitcentroamerica.com\\\/sala-prensa\\\/en\\\/travel\\\/gastronomy\\\/lamerique-centrale-une-fusion-succulente-de-cuisine-indigene-africaine-et-espagnole\\\/#primaryimage\"},\"thumbnailUrl\":\"https:\\\/\\\/www.visitcentroamerica.com\\\/sala-prensa\\\/wp-content\\\/uploads\\\/2021\\\/04\\\/centroamerica-cocina-indigena-africana-espanola.jpg\",\"datePublished\":\"2021-04-05T11:28:29+00:00\",\"dateModified\":\"2021-04-07T08:35:56+00:00\",\"author\":{\"@id\":\"https:\\\/\\\/www.visitcentroamerica.com\\\/sala-prensa\\\/en\\\/#\\\/schema\\\/person\\\/0aa3bd0dbaabaead6089ee3dd0cd7ae5\"},\"description\":\"Le ma\u00efs, la banane, le riz ou les haricots font partie des ingr\u00e9dients de base de la cuisine d'Am\u00e9rique centrale. D\u00e9couvrez quelques plats de sa cuisine vari\u00e9e\",\"breadcrumb\":{\"@id\":\"https:\\\/\\\/www.visitcentroamerica.com\\\/sala-prensa\\\/en\\\/travel\\\/gastronomy\\\/lamerique-centrale-une-fusion-succulente-de-cuisine-indigene-africaine-et-espagnole\\\/#breadcrumb\"},\"inLanguage\":\"en-US\",\"potentialAction\":[{\"@type\":\"ReadAction\",\"target\":[\"https:\\\/\\\/www.visitcentroamerica.com\\\/sala-prensa\\\/en\\\/travel\\\/gastronomy\\\/lamerique-centrale-une-fusion-succulente-de-cuisine-indigene-africaine-et-espagnole\\\/\"]}]},{\"@type\":\"ImageObject\",\"inLanguage\":\"en-US\",\"@id\":\"https:\\\/\\\/www.visitcentroamerica.com\\\/sala-prensa\\\/en\\\/travel\\\/gastronomy\\\/lamerique-centrale-une-fusion-succulente-de-cuisine-indigene-africaine-et-espagnole\\\/#primaryimage\",\"url\":\"https:\\\/\\\/www.visitcentroamerica.com\\\/sala-prensa\\\/wp-content\\\/uploads\\\/2021\\\/04\\\/centroamerica-cocina-indigena-africana-espanola.jpg\",\"contentUrl\":\"https:\\\/\\\/www.visitcentroamerica.com\\\/sala-prensa\\\/wp-content\\\/uploads\\\/2021\\\/04\\\/centroamerica-cocina-indigena-africana-espanola.jpg\",\"width\":1200,\"height\":600,\"caption\":\"Centroam\u00e9rica - cocina - gastronom\u00eda\"},{\"@type\":\"BreadcrumbList\",\"@id\":\"https:\\\/\\\/www.visitcentroamerica.com\\\/sala-prensa\\\/en\\\/travel\\\/gastronomy\\\/lamerique-centrale-une-fusion-succulente-de-cuisine-indigene-africaine-et-espagnole\\\/#breadcrumb\",\"itemListElement\":[{\"@type\":\"ListItem\",\"position\":1,\"name\":\"Portada\",\"item\":\"https:\\\/\\\/www.visitcentroamerica.com\\\/sala-prensa\\\/en\\\/\"},{\"@type\":\"ListItem\",\"position\":2,\"name\":\"L\u2019Am\u00e9rique centrale, une fusion succulente de cuisine indig\u00e8ne, africaine et espagnole\"}]},{\"@type\":\"WebSite\",\"@id\":\"https:\\\/\\\/www.visitcentroamerica.com\\\/sala-prensa\\\/en\\\/#website\",\"url\":\"https:\\\/\\\/www.visitcentroamerica.com\\\/sala-prensa\\\/en\\\/\",\"name\":\"Sala de prensa\",\"description\":\"\",\"potentialAction\":[{\"@type\":\"SearchAction\",\"target\":{\"@type\":\"EntryPoint\",\"urlTemplate\":\"https:\\\/\\\/www.visitcentroamerica.com\\\/sala-prensa\\\/en\\\/?s={search_term_string}\"},\"query-input\":{\"@type\":\"PropertyValueSpecification\",\"valueRequired\":true,\"valueName\":\"search_term_string\"}}],\"inLanguage\":\"en-US\"},{\"@type\":\"Person\",\"@id\":\"https:\\\/\\\/www.visitcentroamerica.com\\\/sala-prensa\\\/en\\\/#\\\/schema\\\/person\\\/0aa3bd0dbaabaead6089ee3dd0cd7ae5\",\"name\":\"Denis Alvarado\",\"image\":{\"@type\":\"ImageObject\",\"inLanguage\":\"en-US\",\"@id\":\"https:\\\/\\\/secure.gravatar.com\\\/avatar\\\/c31f0697f6edb7c68d5dedc2ccbd548d2a9f73aa293e81c6a1425229ec4c9135?s=96&d=mm&r=g\",\"url\":\"https:\\\/\\\/secure.gravatar.com\\\/avatar\\\/c31f0697f6edb7c68d5dedc2ccbd548d2a9f73aa293e81c6a1425229ec4c9135?s=96&d=mm&r=g\",\"contentUrl\":\"https:\\\/\\\/secure.gravatar.com\\\/avatar\\\/c31f0697f6edb7c68d5dedc2ccbd548d2a9f73aa293e81c6a1425229ec4c9135?s=96&d=mm&r=g\",\"caption\":\"Denis Alvarado\"},\"url\":\"https:\\\/\\\/www.visitcentroamerica.com\\\/sala-prensa\\\/en\\\/author\\\/denis\\\/\"}]}<\/script>\n<!-- \/ Yoast SEO plugin. -->","yoast_head_json":{"title":"Savourez le riche m\u00e9lange gastronomique de la cuisine d'Am\u00e9rique","description":"Le ma\u00efs, la banane, le riz ou les haricots font partie des ingr\u00e9dients de base de la cuisine d'Am\u00e9rique centrale. D\u00e9couvrez quelques plats de sa cuisine vari\u00e9e","robots":{"index":"index","follow":"follow","max-snippet":"max-snippet:-1","max-image-preview":"max-image-preview:large","max-video-preview":"max-video-preview:-1"},"canonical":"https:\/\/www.visitcentroamerica.com\/sala-prensa\/en\/travel\/gastronomy\/lamerique-centrale-une-fusion-succulente-de-cuisine-indigene-africaine-et-espagnole\/","og_locale":"en_US","og_type":"article","og_title":"Savourez le riche m\u00e9lange gastronomique de la cuisine d'Am\u00e9rique","og_description":"Le ma\u00efs, la banane, le riz ou les haricots font partie des ingr\u00e9dients de base de la cuisine d'Am\u00e9rique centrale. D\u00e9couvrez quelques plats de sa cuisine vari\u00e9e","og_url":"https:\/\/www.visitcentroamerica.com\/sala-prensa\/en\/travel\/gastronomy\/lamerique-centrale-une-fusion-succulente-de-cuisine-indigene-africaine-et-espagnole\/","og_site_name":"Sala de prensa","article_published_time":"2021-04-05T11:28:29+00:00","article_modified_time":"2021-04-07T08:35:56+00:00","og_image":[{"width":1200,"height":600,"url":"https:\/\/www.visitcentroamerica.com\/sala-prensa\/wp-content\/uploads\/2021\/04\/centroamerica-cocina-indigena-africana-espanola.jpg","type":"image\/jpeg"}],"author":"Denis Alvarado","twitter_card":"summary_large_image","twitter_misc":{"Written by":"Denis Alvarado","Est. reading time":"2 minutes"},"schema":{"@context":"https:\/\/schema.org","@graph":[{"@type":"Article","@id":"https:\/\/www.visitcentroamerica.com\/sala-prensa\/en\/travel\/gastronomy\/lamerique-centrale-une-fusion-succulente-de-cuisine-indigene-africaine-et-espagnole\/#article","isPartOf":{"@id":"https:\/\/www.visitcentroamerica.com\/sala-prensa\/en\/travel\/gastronomy\/lamerique-centrale-une-fusion-succulente-de-cuisine-indigene-africaine-et-espagnole\/"},"author":{"name":"Denis Alvarado","@id":"https:\/\/www.visitcentroamerica.com\/sala-prensa\/en\/#\/schema\/person\/0aa3bd0dbaabaead6089ee3dd0cd7ae5"},"headline":"L\u2019Am\u00e9rique centrale, une fusion succulente de cuisine indig\u00e8ne, africaine et espagnole","datePublished":"2021-04-05T11:28:29+00:00","dateModified":"2021-04-07T08:35:56+00:00","mainEntityOfPage":{"@id":"https:\/\/www.visitcentroamerica.com\/sala-prensa\/en\/travel\/gastronomy\/lamerique-centrale-une-fusion-succulente-de-cuisine-indigene-africaine-et-espagnole\/"},"wordCount":354,"commentCount":0,"image":{"@id":"https:\/\/www.visitcentroamerica.com\/sala-prensa\/en\/travel\/gastronomy\/lamerique-centrale-une-fusion-succulente-de-cuisine-indigene-africaine-et-espagnole\/#primaryimage"},"thumbnailUrl":"https:\/\/www.visitcentroamerica.com\/sala-prensa\/wp-content\/uploads\/2021\/04\/centroamerica-cocina-indigena-africana-espanola.jpg","articleSection":["Cultural diversity","Gastronomy"],"inLanguage":"en-US","potentialAction":[{"@type":"CommentAction","name":"Comment","target":["https:\/\/www.visitcentroamerica.com\/sala-prensa\/en\/travel\/gastronomy\/lamerique-centrale-une-fusion-succulente-de-cuisine-indigene-africaine-et-espagnole\/#respond"]}]},{"@type":"WebPage","@id":"https:\/\/www.visitcentroamerica.com\/sala-prensa\/en\/travel\/gastronomy\/lamerique-centrale-une-fusion-succulente-de-cuisine-indigene-africaine-et-espagnole\/","url":"https:\/\/www.visitcentroamerica.com\/sala-prensa\/en\/travel\/gastronomy\/lamerique-centrale-une-fusion-succulente-de-cuisine-indigene-africaine-et-espagnole\/","name":"Savourez le riche m\u00e9lange gastronomique de la cuisine d'Am\u00e9rique","isPartOf":{"@id":"https:\/\/www.visitcentroamerica.com\/sala-prensa\/en\/#website"},"primaryImageOfPage":{"@id":"https:\/\/www.visitcentroamerica.com\/sala-prensa\/en\/travel\/gastronomy\/lamerique-centrale-une-fusion-succulente-de-cuisine-indigene-africaine-et-espagnole\/#primaryimage"},"image":{"@id":"https:\/\/www.visitcentroamerica.com\/sala-prensa\/en\/travel\/gastronomy\/lamerique-centrale-une-fusion-succulente-de-cuisine-indigene-africaine-et-espagnole\/#primaryimage"},"thumbnailUrl":"https:\/\/www.visitcentroamerica.com\/sala-prensa\/wp-content\/uploads\/2021\/04\/centroamerica-cocina-indigena-africana-espanola.jpg","datePublished":"2021-04-05T11:28:29+00:00","dateModified":"2021-04-07T08:35:56+00:00","author":{"@id":"https:\/\/www.visitcentroamerica.com\/sala-prensa\/en\/#\/schema\/person\/0aa3bd0dbaabaead6089ee3dd0cd7ae5"},"description":"Le ma\u00efs, la banane, le riz ou les haricots font partie des ingr\u00e9dients de base de la cuisine d'Am\u00e9rique centrale. D\u00e9couvrez quelques plats de sa cuisine vari\u00e9e","breadcrumb":{"@id":"https:\/\/www.visitcentroamerica.com\/sala-prensa\/en\/travel\/gastronomy\/lamerique-centrale-une-fusion-succulente-de-cuisine-indigene-africaine-et-espagnole\/#breadcrumb"},"inLanguage":"en-US","potentialAction":[{"@type":"ReadAction","target":["https:\/\/www.visitcentroamerica.com\/sala-prensa\/en\/travel\/gastronomy\/lamerique-centrale-une-fusion-succulente-de-cuisine-indigene-africaine-et-espagnole\/"]}]},{"@type":"ImageObject","inLanguage":"en-US","@id":"https:\/\/www.visitcentroamerica.com\/sala-prensa\/en\/travel\/gastronomy\/lamerique-centrale-une-fusion-succulente-de-cuisine-indigene-africaine-et-espagnole\/#primaryimage","url":"https:\/\/www.visitcentroamerica.com\/sala-prensa\/wp-content\/uploads\/2021\/04\/centroamerica-cocina-indigena-africana-espanola.jpg","contentUrl":"https:\/\/www.visitcentroamerica.com\/sala-prensa\/wp-content\/uploads\/2021\/04\/centroamerica-cocina-indigena-africana-espanola.jpg","width":1200,"height":600,"caption":"Centroam\u00e9rica - cocina - gastronom\u00eda"},{"@type":"BreadcrumbList","@id":"https:\/\/www.visitcentroamerica.com\/sala-prensa\/en\/travel\/gastronomy\/lamerique-centrale-une-fusion-succulente-de-cuisine-indigene-africaine-et-espagnole\/#breadcrumb","itemListElement":[{"@type":"ListItem","position":1,"name":"Portada","item":"https:\/\/www.visitcentroamerica.com\/sala-prensa\/en\/"},{"@type":"ListItem","position":2,"name":"L\u2019Am\u00e9rique centrale, une fusion succulente de cuisine indig\u00e8ne, africaine et espagnole"}]},{"@type":"WebSite","@id":"https:\/\/www.visitcentroamerica.com\/sala-prensa\/en\/#website","url":"https:\/\/www.visitcentroamerica.com\/sala-prensa\/en\/","name":"Sala de prensa","description":"","potentialAction":[{"@type":"SearchAction","target":{"@type":"EntryPoint","urlTemplate":"https:\/\/www.visitcentroamerica.com\/sala-prensa\/en\/?s={search_term_string}"},"query-input":{"@type":"PropertyValueSpecification","valueRequired":true,"valueName":"search_term_string"}}],"inLanguage":"en-US"},{"@type":"Person","@id":"https:\/\/www.visitcentroamerica.com\/sala-prensa\/en\/#\/schema\/person\/0aa3bd0dbaabaead6089ee3dd0cd7ae5","name":"Denis Alvarado","image":{"@type":"ImageObject","inLanguage":"en-US","@id":"https:\/\/secure.gravatar.com\/avatar\/c31f0697f6edb7c68d5dedc2ccbd548d2a9f73aa293e81c6a1425229ec4c9135?s=96&d=mm&r=g","url":"https:\/\/secure.gravatar.com\/avatar\/c31f0697f6edb7c68d5dedc2ccbd548d2a9f73aa293e81c6a1425229ec4c9135?s=96&d=mm&r=g","contentUrl":"https:\/\/secure.gravatar.com\/avatar\/c31f0697f6edb7c68d5dedc2ccbd548d2a9f73aa293e81c6a1425229ec4c9135?s=96&d=mm&r=g","caption":"Denis Alvarado"},"url":"https:\/\/www.visitcentroamerica.com\/sala-prensa\/en\/author\/denis\/"}]}},"_links":{"self":[{"href":"https:\/\/www.visitcentroamerica.com\/sala-prensa\/en\/wp-json\/wp\/v2\/posts\/11911","targetHints":{"allow":["GET"]}}],"collection":[{"href":"https:\/\/www.visitcentroamerica.com\/sala-prensa\/en\/wp-json\/wp\/v2\/posts"}],"about":[{"href":"https:\/\/www.visitcentroamerica.com\/sala-prensa\/en\/wp-json\/wp\/v2\/types\/post"}],"author":[{"embeddable":true,"href":"https:\/\/www.visitcentroamerica.com\/sala-prensa\/en\/wp-json\/wp\/v2\/users\/5"}],"replies":[{"embeddable":true,"href":"https:\/\/www.visitcentroamerica.com\/sala-prensa\/en\/wp-json\/wp\/v2\/comments?post=11911"}],"version-history":[{"count":2,"href":"https:\/\/www.visitcentroamerica.com\/sala-prensa\/en\/wp-json\/wp\/v2\/posts\/11911\/revisions"}],"predecessor-version":[{"id":11916,"href":"https:\/\/www.visitcentroamerica.com\/sala-prensa\/en\/wp-json\/wp\/v2\/posts\/11911\/revisions\/11916"}],"wp:featuredmedia":[{"embeddable":true,"href":"https:\/\/www.visitcentroamerica.com\/sala-prensa\/en\/wp-json\/wp\/v2\/media\/11907"}],"wp:attachment":[{"href":"https:\/\/www.visitcentroamerica.com\/sala-prensa\/en\/wp-json\/wp\/v2\/media?parent=11911"}],"wp:term":[{"taxonomy":"category","embeddable":true,"href":"https:\/\/www.visitcentroamerica.com\/sala-prensa\/en\/wp-json\/wp\/v2\/categories?post=11911"},{"taxonomy":"post_tag","embeddable":true,"href":"https:\/\/www.visitcentroamerica.com\/sala-prensa\/en\/wp-json\/wp\/v2\/tags?post=11911"}],"curies":[{"name":"wp","href":"https:\/\/api.w.org\/{rel}","templated":true}]}}