{"id":11623,"date":"2021-02-08T10:00:07","date_gmt":"2021-02-08T10:00:07","guid":{"rendered":"https:\/\/www.visitcentroamerica.com\/sala-prensa\/?p=11623"},"modified":"2021-02-03T16:50:45","modified_gmt":"2021-02-03T16:50:45","slug":"a-la-decouverte-des-langues-autochtones-damerique-centrale","status":"publish","type":"post","link":"https:\/\/www.visitcentroamerica.com\/sala-prensa\/en\/travel\/cultural-diversity\/a-la-decouverte-des-langues-autochtones-damerique-centrale\/","title":{"rendered":"\u00c0 la d\u00e9couverte des langues autochtones d\u2019Am\u00e9rique centrale"},"content":{"rendered":"<p><img decoding=\"async\" class=\"alignnone size-full wp-image-11621\" src=\"https:\/\/www.visitcentroamerica.com\/sala-prensa\/wp-content\/uploads\/2021\/02\/descubre-lenguas-indigenas.jpg\" alt=\"Lenguas ind\u00edgenas - Centroam\u00e9rica\" width=\"100%\" height=\"auto\" srcset=\"https:\/\/www.visitcentroamerica.com\/sala-prensa\/wp-content\/uploads\/2021\/02\/descubre-lenguas-indigenas.jpg 1200w, https:\/\/www.visitcentroamerica.com\/sala-prensa\/wp-content\/uploads\/2021\/02\/descubre-lenguas-indigenas-300x150.jpg 300w, https:\/\/www.visitcentroamerica.com\/sala-prensa\/wp-content\/uploads\/2021\/02\/descubre-lenguas-indigenas-1024x512.jpg 1024w, https:\/\/www.visitcentroamerica.com\/sala-prensa\/wp-content\/uploads\/2021\/02\/descubre-lenguas-indigenas-768x384.jpg 768w, https:\/\/www.visitcentroamerica.com\/sala-prensa\/wp-content\/uploads\/2021\/02\/descubre-lenguas-indigenas-696x348.jpg 696w, https:\/\/www.visitcentroamerica.com\/sala-prensa\/wp-content\/uploads\/2021\/02\/descubre-lenguas-indigenas-1068x534.jpg 1068w, https:\/\/www.visitcentroamerica.com\/sala-prensa\/wp-content\/uploads\/2021\/02\/descubre-lenguas-indigenas-840x420.jpg 840w, https:\/\/www.visitcentroamerica.com\/sala-prensa\/wp-content\/uploads\/2021\/02\/descubre-lenguas-indigenas-500x250.jpg 500w\" sizes=\"(max-width: 1200px) 100vw, 1200px\" \/><\/p>\n<p>Le Guatemala, le Panama et El Salvador sont trois des pays pr\u00e9f\u00e9r\u00e9s de ceux qui recherchent la diversit\u00e9 ethnique et linguistique. Voulez souhaitez d\u00e9couvrir leur richesse culturelle au-del\u00e0 de l\u2019espagnol&nbsp;? Je vous conseille de d\u00e9couvrir certaines des <strong>langues autochtones<\/strong> les plus populaires <strong>d\u2019Am\u00e9rique centrale<\/strong>.<\/p>\n<h3>Voyagez en Am\u00e9rique centrale pour en savoir plus sur les langues mayas<\/h3>\n<p>Les peuples maya, garifuna et xinca habitent au <strong>Guatemala<\/strong>. Les premiers communiquent en 22&nbsp;langues mayas. Parmi eux, le <strong>kiche<\/strong>, utilis\u00e9 par un million de personnes, auquel s\u2019ajoutent le ch&#8217;orti ou le q&#8217;anjob&#8217;al. Le<strong> garifuna<\/strong>, que vous entendrez \u00e0 Izabal, est parl\u00e9 par 0,04&nbsp;% de la population, et le xinca, par une centaine de personnes de Santa Rosa et Jutiapa.<\/p>\n<h3>Tourisme en Am\u00e9rique centrale \u00e0 travers d\u2019autres langues autochtones<\/h3>\n<p><strong><br \/>\nVoyager en Am\u00e9rique centrale<\/strong> pour apprendre d\u2019autres langues est une exp\u00e9rience passionnante que vous vivrez \u00e9galement au <strong>Salvador<\/strong>. Le nahuat des N\u00e1hua Pipil est la langue indig\u00e8ne la plus r\u00e9pandue dans ce pays.<\/p>\n<p>Et tout amateur de <strong>tourisme en Am\u00e9rique centrale<\/strong> doit d\u00e9couvrir la magie des langues ancestrales du <strong>Panama<\/strong>. Parmi eux, le ng\u00e4bere, parl\u00e9 par plus de 260&nbsp;000, le kuna (dans la partie orientale) ou le bribri, que vous entendrez \u00e0 Bocas del Toro.<\/p>\n<p>Vous connaissez d\u00e9j\u00e0 certaines des <strong>langues autochtones d\u2019Am\u00e9rique centrale<\/strong>. <a href=\"http:\/\/www.visitcentroamerica.com\" target=\"_blank\" rel=\"noopener\">Visitez notre site Web<\/a> pour d\u00e9couvrir d\u2019autres <a href=\"https:\/\/www.visitcentroamerica.com\/packages\/mayas-ambiente-caribeno\/\" target=\"_blank\" rel=\"noopener\">circuits <\/a><a href=\"https:\/\/www.visitcentroamerica.com\/packages\/mayas-ambiente-caribeno\/\" target=\"_blank\" rel=\"noopener\">multi-destinations<\/a>.<\/p>\n<p>Exp\u00e9riences&nbsp;:<\/p>\n<p>&#8211; <a href=\"https:\/\/www.visitcentroamerica.com\/experiencias\/aprendiendo-espanol\/\" target=\"_blank\" rel=\"noopener\">Apprendre l&#8217;espagnol<\/a>.<br \/>\n&#8211; <a href=\"https:\/\/www.visitcentroamerica.com\/experiencias\/diversidad-cultural\/\" target=\"_blank\" rel=\"noopener\">Diversit\u00e9 culturelle<\/a>.<strong><\/strong><\/p>\n<p><strong><br \/>\n<\/strong><strong><\/strong><\/p>\n<p>&nbsp;<\/p>\n","protected":false},"excerpt":{"rendered":"<p>Le Guatemala, le Panama et El Salvador sont trois des pays pr\u00e9f\u00e9r\u00e9s de ceux qui recherchent la diversit\u00e9 ethnique et linguistique. Voulez souhaitez d\u00e9couvrir leur richesse culturelle au-del\u00e0 de l\u2019espagnol&nbsp;? Je vous conseille de d\u00e9couvrir certaines des langues autochtones les plus populaires d\u2019Am\u00e9rique centrale. Voyagez en Am\u00e9rique centrale pour en savoir plus sur les langues [&hellip;]<\/p>\n","protected":false},"author":5,"featured_media":11621,"comment_status":"open","ping_status":"closed","sticky":false,"template":"","format":"standard","meta":{"footnotes":""},"categories":[106,101],"tags":[],"class_list":{"0":"post-11623","1":"post","2":"type-post","3":"status-publish","4":"format-standard","5":"has-post-thumbnail","8":"category-learning-spanish"},"yoast_head":"<!-- This site is optimized with the Yoast SEO plugin v27.3 - https:\/\/yoast.com\/product\/yoast-seo-wordpress\/ -->\n<title>D\u00e9couvrez les langues autochtones les plus passionnantes d\u2019Am\u00e9rique centrale<\/title>\n<meta name=\"description\" content=\"Le bribri, le nahuat et le c&#039;horti sont trois des nombreuses langues autochtones d\u2019Am\u00e9rique centrale qui peuvent encore \u00eatre entendues au Panama, au Salvador et au Guatemala\" \/>\n<meta name=\"robots\" content=\"index, follow, max-snippet:-1, max-image-preview:large, max-video-preview:-1\" \/>\n<link rel=\"canonical\" href=\"https:\/\/www.visitcentroamerica.com\/sala-prensa\/en\/travel\/cultural-diversity\/a-la-decouverte-des-langues-autochtones-damerique-centrale\/\" \/>\n<meta property=\"og:locale\" content=\"en_US\" \/>\n<meta property=\"og:type\" content=\"article\" \/>\n<meta property=\"og:title\" content=\"D\u00e9couvrez les langues autochtones les plus passionnantes d\u2019Am\u00e9rique centrale\" \/>\n<meta property=\"og:description\" content=\"Le bribri, le nahuat et le c&#039;horti sont trois des nombreuses langues autochtones d\u2019Am\u00e9rique centrale qui peuvent encore \u00eatre entendues au Panama, au Salvador et au Guatemala\" \/>\n<meta property=\"og:url\" content=\"https:\/\/www.visitcentroamerica.com\/sala-prensa\/en\/travel\/cultural-diversity\/a-la-decouverte-des-langues-autochtones-damerique-centrale\/\" \/>\n<meta property=\"og:site_name\" content=\"Sala de prensa\" \/>\n<meta property=\"article:published_time\" content=\"2021-02-08T10:00:07+00:00\" \/>\n<meta property=\"og:image\" content=\"https:\/\/www.visitcentroamerica.com\/sala-prensa\/wp-content\/uploads\/2021\/02\/descubre-lenguas-indigenas.jpg\" \/>\n\t<meta property=\"og:image:width\" content=\"1200\" \/>\n\t<meta property=\"og:image:height\" content=\"600\" \/>\n\t<meta property=\"og:image:type\" content=\"image\/jpeg\" \/>\n<meta name=\"author\" content=\"Denis Alvarado\" \/>\n<meta name=\"twitter:card\" content=\"summary_large_image\" \/>\n<meta name=\"twitter:label1\" content=\"Written by\" \/>\n\t<meta name=\"twitter:data1\" content=\"Denis Alvarado\" \/>\n\t<meta name=\"twitter:label2\" content=\"Est. reading time\" \/>\n\t<meta name=\"twitter:data2\" content=\"1 minute\" \/>\n<script type=\"application\/ld+json\" class=\"yoast-schema-graph\">{\"@context\":\"https:\\\/\\\/schema.org\",\"@graph\":[{\"@type\":\"Article\",\"@id\":\"https:\\\/\\\/www.visitcentroamerica.com\\\/sala-prensa\\\/en\\\/travel\\\/cultural-diversity\\\/a-la-decouverte-des-langues-autochtones-damerique-centrale\\\/#article\",\"isPartOf\":{\"@id\":\"https:\\\/\\\/www.visitcentroamerica.com\\\/sala-prensa\\\/en\\\/travel\\\/cultural-diversity\\\/a-la-decouverte-des-langues-autochtones-damerique-centrale\\\/\"},\"author\":{\"name\":\"Denis Alvarado\",\"@id\":\"https:\\\/\\\/www.visitcentroamerica.com\\\/sala-prensa\\\/en\\\/#\\\/schema\\\/person\\\/0aa3bd0dbaabaead6089ee3dd0cd7ae5\"},\"headline\":\"\u00c0 la d\u00e9couverte des langues autochtones d\u2019Am\u00e9rique centrale\",\"datePublished\":\"2021-02-08T10:00:07+00:00\",\"mainEntityOfPage\":{\"@id\":\"https:\\\/\\\/www.visitcentroamerica.com\\\/sala-prensa\\\/en\\\/travel\\\/cultural-diversity\\\/a-la-decouverte-des-langues-autochtones-damerique-centrale\\\/\"},\"wordCount\":266,\"commentCount\":0,\"image\":{\"@id\":\"https:\\\/\\\/www.visitcentroamerica.com\\\/sala-prensa\\\/en\\\/travel\\\/cultural-diversity\\\/a-la-decouverte-des-langues-autochtones-damerique-centrale\\\/#primaryimage\"},\"thumbnailUrl\":\"https:\\\/\\\/www.visitcentroamerica.com\\\/sala-prensa\\\/wp-content\\\/uploads\\\/2021\\\/02\\\/descubre-lenguas-indigenas.jpg\",\"articleSection\":[\"Cultural diversity\",\"Learning Spanish\"],\"inLanguage\":\"en-US\",\"potentialAction\":[{\"@type\":\"CommentAction\",\"name\":\"Comment\",\"target\":[\"https:\\\/\\\/www.visitcentroamerica.com\\\/sala-prensa\\\/en\\\/travel\\\/cultural-diversity\\\/a-la-decouverte-des-langues-autochtones-damerique-centrale\\\/#respond\"]}]},{\"@type\":\"WebPage\",\"@id\":\"https:\\\/\\\/www.visitcentroamerica.com\\\/sala-prensa\\\/en\\\/travel\\\/cultural-diversity\\\/a-la-decouverte-des-langues-autochtones-damerique-centrale\\\/\",\"url\":\"https:\\\/\\\/www.visitcentroamerica.com\\\/sala-prensa\\\/en\\\/travel\\\/cultural-diversity\\\/a-la-decouverte-des-langues-autochtones-damerique-centrale\\\/\",\"name\":\"D\u00e9couvrez les langues autochtones les plus passionnantes d\u2019Am\u00e9rique centrale\",\"isPartOf\":{\"@id\":\"https:\\\/\\\/www.visitcentroamerica.com\\\/sala-prensa\\\/en\\\/#website\"},\"primaryImageOfPage\":{\"@id\":\"https:\\\/\\\/www.visitcentroamerica.com\\\/sala-prensa\\\/en\\\/travel\\\/cultural-diversity\\\/a-la-decouverte-des-langues-autochtones-damerique-centrale\\\/#primaryimage\"},\"image\":{\"@id\":\"https:\\\/\\\/www.visitcentroamerica.com\\\/sala-prensa\\\/en\\\/travel\\\/cultural-diversity\\\/a-la-decouverte-des-langues-autochtones-damerique-centrale\\\/#primaryimage\"},\"thumbnailUrl\":\"https:\\\/\\\/www.visitcentroamerica.com\\\/sala-prensa\\\/wp-content\\\/uploads\\\/2021\\\/02\\\/descubre-lenguas-indigenas.jpg\",\"datePublished\":\"2021-02-08T10:00:07+00:00\",\"author\":{\"@id\":\"https:\\\/\\\/www.visitcentroamerica.com\\\/sala-prensa\\\/en\\\/#\\\/schema\\\/person\\\/0aa3bd0dbaabaead6089ee3dd0cd7ae5\"},\"description\":\"Le bribri, le nahuat et le c'horti sont trois des nombreuses langues autochtones d\u2019Am\u00e9rique centrale qui peuvent encore \u00eatre entendues au Panama, au Salvador et au Guatemala\",\"breadcrumb\":{\"@id\":\"https:\\\/\\\/www.visitcentroamerica.com\\\/sala-prensa\\\/en\\\/travel\\\/cultural-diversity\\\/a-la-decouverte-des-langues-autochtones-damerique-centrale\\\/#breadcrumb\"},\"inLanguage\":\"en-US\",\"potentialAction\":[{\"@type\":\"ReadAction\",\"target\":[\"https:\\\/\\\/www.visitcentroamerica.com\\\/sala-prensa\\\/en\\\/travel\\\/cultural-diversity\\\/a-la-decouverte-des-langues-autochtones-damerique-centrale\\\/\"]}]},{\"@type\":\"ImageObject\",\"inLanguage\":\"en-US\",\"@id\":\"https:\\\/\\\/www.visitcentroamerica.com\\\/sala-prensa\\\/en\\\/travel\\\/cultural-diversity\\\/a-la-decouverte-des-langues-autochtones-damerique-centrale\\\/#primaryimage\",\"url\":\"https:\\\/\\\/www.visitcentroamerica.com\\\/sala-prensa\\\/wp-content\\\/uploads\\\/2021\\\/02\\\/descubre-lenguas-indigenas.jpg\",\"contentUrl\":\"https:\\\/\\\/www.visitcentroamerica.com\\\/sala-prensa\\\/wp-content\\\/uploads\\\/2021\\\/02\\\/descubre-lenguas-indigenas.jpg\",\"width\":1200,\"height\":600,\"caption\":\"Lenguas ind\u00edgenas - Centroam\u00e9rica\"},{\"@type\":\"BreadcrumbList\",\"@id\":\"https:\\\/\\\/www.visitcentroamerica.com\\\/sala-prensa\\\/en\\\/travel\\\/cultural-diversity\\\/a-la-decouverte-des-langues-autochtones-damerique-centrale\\\/#breadcrumb\",\"itemListElement\":[{\"@type\":\"ListItem\",\"position\":1,\"name\":\"Portada\",\"item\":\"https:\\\/\\\/www.visitcentroamerica.com\\\/sala-prensa\\\/en\\\/\"},{\"@type\":\"ListItem\",\"position\":2,\"name\":\"\u00c0 la d\u00e9couverte des langues autochtones d\u2019Am\u00e9rique centrale\"}]},{\"@type\":\"WebSite\",\"@id\":\"https:\\\/\\\/www.visitcentroamerica.com\\\/sala-prensa\\\/en\\\/#website\",\"url\":\"https:\\\/\\\/www.visitcentroamerica.com\\\/sala-prensa\\\/en\\\/\",\"name\":\"Sala de prensa\",\"description\":\"\",\"potentialAction\":[{\"@type\":\"SearchAction\",\"target\":{\"@type\":\"EntryPoint\",\"urlTemplate\":\"https:\\\/\\\/www.visitcentroamerica.com\\\/sala-prensa\\\/en\\\/?s={search_term_string}\"},\"query-input\":{\"@type\":\"PropertyValueSpecification\",\"valueRequired\":true,\"valueName\":\"search_term_string\"}}],\"inLanguage\":\"en-US\"},{\"@type\":\"Person\",\"@id\":\"https:\\\/\\\/www.visitcentroamerica.com\\\/sala-prensa\\\/en\\\/#\\\/schema\\\/person\\\/0aa3bd0dbaabaead6089ee3dd0cd7ae5\",\"name\":\"Denis Alvarado\",\"image\":{\"@type\":\"ImageObject\",\"inLanguage\":\"en-US\",\"@id\":\"https:\\\/\\\/secure.gravatar.com\\\/avatar\\\/c31f0697f6edb7c68d5dedc2ccbd548d2a9f73aa293e81c6a1425229ec4c9135?s=96&d=mm&r=g\",\"url\":\"https:\\\/\\\/secure.gravatar.com\\\/avatar\\\/c31f0697f6edb7c68d5dedc2ccbd548d2a9f73aa293e81c6a1425229ec4c9135?s=96&d=mm&r=g\",\"contentUrl\":\"https:\\\/\\\/secure.gravatar.com\\\/avatar\\\/c31f0697f6edb7c68d5dedc2ccbd548d2a9f73aa293e81c6a1425229ec4c9135?s=96&d=mm&r=g\",\"caption\":\"Denis Alvarado\"},\"url\":\"https:\\\/\\\/www.visitcentroamerica.com\\\/sala-prensa\\\/en\\\/author\\\/denis\\\/\"}]}<\/script>\n<!-- \/ Yoast SEO plugin. -->","yoast_head_json":{"title":"D\u00e9couvrez les langues autochtones les plus passionnantes d\u2019Am\u00e9rique centrale","description":"Le bribri, le nahuat et le c'horti sont trois des nombreuses langues autochtones d\u2019Am\u00e9rique centrale qui peuvent encore \u00eatre entendues au Panama, au Salvador et au Guatemala","robots":{"index":"index","follow":"follow","max-snippet":"max-snippet:-1","max-image-preview":"max-image-preview:large","max-video-preview":"max-video-preview:-1"},"canonical":"https:\/\/www.visitcentroamerica.com\/sala-prensa\/en\/travel\/cultural-diversity\/a-la-decouverte-des-langues-autochtones-damerique-centrale\/","og_locale":"en_US","og_type":"article","og_title":"D\u00e9couvrez les langues autochtones les plus passionnantes d\u2019Am\u00e9rique centrale","og_description":"Le bribri, le nahuat et le c'horti sont trois des nombreuses langues autochtones d\u2019Am\u00e9rique centrale qui peuvent encore \u00eatre entendues au Panama, au Salvador et au Guatemala","og_url":"https:\/\/www.visitcentroamerica.com\/sala-prensa\/en\/travel\/cultural-diversity\/a-la-decouverte-des-langues-autochtones-damerique-centrale\/","og_site_name":"Sala de prensa","article_published_time":"2021-02-08T10:00:07+00:00","og_image":[{"width":1200,"height":600,"url":"https:\/\/www.visitcentroamerica.com\/sala-prensa\/wp-content\/uploads\/2021\/02\/descubre-lenguas-indigenas.jpg","type":"image\/jpeg"}],"author":"Denis Alvarado","twitter_card":"summary_large_image","twitter_misc":{"Written by":"Denis Alvarado","Est. reading time":"1 minute"},"schema":{"@context":"https:\/\/schema.org","@graph":[{"@type":"Article","@id":"https:\/\/www.visitcentroamerica.com\/sala-prensa\/en\/travel\/cultural-diversity\/a-la-decouverte-des-langues-autochtones-damerique-centrale\/#article","isPartOf":{"@id":"https:\/\/www.visitcentroamerica.com\/sala-prensa\/en\/travel\/cultural-diversity\/a-la-decouverte-des-langues-autochtones-damerique-centrale\/"},"author":{"name":"Denis Alvarado","@id":"https:\/\/www.visitcentroamerica.com\/sala-prensa\/en\/#\/schema\/person\/0aa3bd0dbaabaead6089ee3dd0cd7ae5"},"headline":"\u00c0 la d\u00e9couverte des langues autochtones d\u2019Am\u00e9rique centrale","datePublished":"2021-02-08T10:00:07+00:00","mainEntityOfPage":{"@id":"https:\/\/www.visitcentroamerica.com\/sala-prensa\/en\/travel\/cultural-diversity\/a-la-decouverte-des-langues-autochtones-damerique-centrale\/"},"wordCount":266,"commentCount":0,"image":{"@id":"https:\/\/www.visitcentroamerica.com\/sala-prensa\/en\/travel\/cultural-diversity\/a-la-decouverte-des-langues-autochtones-damerique-centrale\/#primaryimage"},"thumbnailUrl":"https:\/\/www.visitcentroamerica.com\/sala-prensa\/wp-content\/uploads\/2021\/02\/descubre-lenguas-indigenas.jpg","articleSection":["Cultural diversity","Learning Spanish"],"inLanguage":"en-US","potentialAction":[{"@type":"CommentAction","name":"Comment","target":["https:\/\/www.visitcentroamerica.com\/sala-prensa\/en\/travel\/cultural-diversity\/a-la-decouverte-des-langues-autochtones-damerique-centrale\/#respond"]}]},{"@type":"WebPage","@id":"https:\/\/www.visitcentroamerica.com\/sala-prensa\/en\/travel\/cultural-diversity\/a-la-decouverte-des-langues-autochtones-damerique-centrale\/","url":"https:\/\/www.visitcentroamerica.com\/sala-prensa\/en\/travel\/cultural-diversity\/a-la-decouverte-des-langues-autochtones-damerique-centrale\/","name":"D\u00e9couvrez les langues autochtones les plus passionnantes d\u2019Am\u00e9rique centrale","isPartOf":{"@id":"https:\/\/www.visitcentroamerica.com\/sala-prensa\/en\/#website"},"primaryImageOfPage":{"@id":"https:\/\/www.visitcentroamerica.com\/sala-prensa\/en\/travel\/cultural-diversity\/a-la-decouverte-des-langues-autochtones-damerique-centrale\/#primaryimage"},"image":{"@id":"https:\/\/www.visitcentroamerica.com\/sala-prensa\/en\/travel\/cultural-diversity\/a-la-decouverte-des-langues-autochtones-damerique-centrale\/#primaryimage"},"thumbnailUrl":"https:\/\/www.visitcentroamerica.com\/sala-prensa\/wp-content\/uploads\/2021\/02\/descubre-lenguas-indigenas.jpg","datePublished":"2021-02-08T10:00:07+00:00","author":{"@id":"https:\/\/www.visitcentroamerica.com\/sala-prensa\/en\/#\/schema\/person\/0aa3bd0dbaabaead6089ee3dd0cd7ae5"},"description":"Le bribri, le nahuat et le c'horti sont trois des nombreuses langues autochtones d\u2019Am\u00e9rique centrale qui peuvent encore \u00eatre entendues au Panama, au Salvador et au Guatemala","breadcrumb":{"@id":"https:\/\/www.visitcentroamerica.com\/sala-prensa\/en\/travel\/cultural-diversity\/a-la-decouverte-des-langues-autochtones-damerique-centrale\/#breadcrumb"},"inLanguage":"en-US","potentialAction":[{"@type":"ReadAction","target":["https:\/\/www.visitcentroamerica.com\/sala-prensa\/en\/travel\/cultural-diversity\/a-la-decouverte-des-langues-autochtones-damerique-centrale\/"]}]},{"@type":"ImageObject","inLanguage":"en-US","@id":"https:\/\/www.visitcentroamerica.com\/sala-prensa\/en\/travel\/cultural-diversity\/a-la-decouverte-des-langues-autochtones-damerique-centrale\/#primaryimage","url":"https:\/\/www.visitcentroamerica.com\/sala-prensa\/wp-content\/uploads\/2021\/02\/descubre-lenguas-indigenas.jpg","contentUrl":"https:\/\/www.visitcentroamerica.com\/sala-prensa\/wp-content\/uploads\/2021\/02\/descubre-lenguas-indigenas.jpg","width":1200,"height":600,"caption":"Lenguas ind\u00edgenas - Centroam\u00e9rica"},{"@type":"BreadcrumbList","@id":"https:\/\/www.visitcentroamerica.com\/sala-prensa\/en\/travel\/cultural-diversity\/a-la-decouverte-des-langues-autochtones-damerique-centrale\/#breadcrumb","itemListElement":[{"@type":"ListItem","position":1,"name":"Portada","item":"https:\/\/www.visitcentroamerica.com\/sala-prensa\/en\/"},{"@type":"ListItem","position":2,"name":"\u00c0 la d\u00e9couverte des langues autochtones d\u2019Am\u00e9rique centrale"}]},{"@type":"WebSite","@id":"https:\/\/www.visitcentroamerica.com\/sala-prensa\/en\/#website","url":"https:\/\/www.visitcentroamerica.com\/sala-prensa\/en\/","name":"Sala de prensa","description":"","potentialAction":[{"@type":"SearchAction","target":{"@type":"EntryPoint","urlTemplate":"https:\/\/www.visitcentroamerica.com\/sala-prensa\/en\/?s={search_term_string}"},"query-input":{"@type":"PropertyValueSpecification","valueRequired":true,"valueName":"search_term_string"}}],"inLanguage":"en-US"},{"@type":"Person","@id":"https:\/\/www.visitcentroamerica.com\/sala-prensa\/en\/#\/schema\/person\/0aa3bd0dbaabaead6089ee3dd0cd7ae5","name":"Denis Alvarado","image":{"@type":"ImageObject","inLanguage":"en-US","@id":"https:\/\/secure.gravatar.com\/avatar\/c31f0697f6edb7c68d5dedc2ccbd548d2a9f73aa293e81c6a1425229ec4c9135?s=96&d=mm&r=g","url":"https:\/\/secure.gravatar.com\/avatar\/c31f0697f6edb7c68d5dedc2ccbd548d2a9f73aa293e81c6a1425229ec4c9135?s=96&d=mm&r=g","contentUrl":"https:\/\/secure.gravatar.com\/avatar\/c31f0697f6edb7c68d5dedc2ccbd548d2a9f73aa293e81c6a1425229ec4c9135?s=96&d=mm&r=g","caption":"Denis Alvarado"},"url":"https:\/\/www.visitcentroamerica.com\/sala-prensa\/en\/author\/denis\/"}]}},"_links":{"self":[{"href":"https:\/\/www.visitcentroamerica.com\/sala-prensa\/en\/wp-json\/wp\/v2\/posts\/11623","targetHints":{"allow":["GET"]}}],"collection":[{"href":"https:\/\/www.visitcentroamerica.com\/sala-prensa\/en\/wp-json\/wp\/v2\/posts"}],"about":[{"href":"https:\/\/www.visitcentroamerica.com\/sala-prensa\/en\/wp-json\/wp\/v2\/types\/post"}],"author":[{"embeddable":true,"href":"https:\/\/www.visitcentroamerica.com\/sala-prensa\/en\/wp-json\/wp\/v2\/users\/5"}],"replies":[{"embeddable":true,"href":"https:\/\/www.visitcentroamerica.com\/sala-prensa\/en\/wp-json\/wp\/v2\/comments?post=11623"}],"version-history":[{"count":2,"href":"https:\/\/www.visitcentroamerica.com\/sala-prensa\/en\/wp-json\/wp\/v2\/posts\/11623\/revisions"}],"predecessor-version":[{"id":11626,"href":"https:\/\/www.visitcentroamerica.com\/sala-prensa\/en\/wp-json\/wp\/v2\/posts\/11623\/revisions\/11626"}],"wp:featuredmedia":[{"embeddable":true,"href":"https:\/\/www.visitcentroamerica.com\/sala-prensa\/en\/wp-json\/wp\/v2\/media\/11621"}],"wp:attachment":[{"href":"https:\/\/www.visitcentroamerica.com\/sala-prensa\/en\/wp-json\/wp\/v2\/media?parent=11623"}],"wp:term":[{"taxonomy":"category","embeddable":true,"href":"https:\/\/www.visitcentroamerica.com\/sala-prensa\/en\/wp-json\/wp\/v2\/categories?post=11623"},{"taxonomy":"post_tag","embeddable":true,"href":"https:\/\/www.visitcentroamerica.com\/sala-prensa\/en\/wp-json\/wp\/v2\/tags?post=11623"}],"curies":[{"name":"wp","href":"https:\/\/api.w.org\/{rel}","templated":true}]}}