{"id":10976,"date":"2020-09-08T10:26:21","date_gmt":"2020-09-08T10:26:21","guid":{"rendered":"https:\/\/www.visitcentroamerica.com\/sala-prensa\/?p=10976"},"modified":"2020-08-21T10:59:56","modified_gmt":"2020-08-21T10:59:56","slug":"why-are-the-coral-reefs-of-central-america-among-the-most-important-in-the-world","status":"publish","type":"post","link":"https:\/\/www.visitcentroamerica.com\/sala-prensa\/en\/travel\/why-are-the-coral-reefs-of-central-america-among-the-most-important-in-the-world\/","title":{"rendered":"Why are the coral reefs of Central America among the most important in the world?"},"content":{"rendered":"<p>You&#8217;ve certainly heard of Australia&#8217;s Great Barrier Reef, but do you know about <strong>Central American coral reefs<\/strong>? They\u2019ve nothing to envy the Australians, since what\u2019s officially known as <a href=\"http:\/\/whc.unesco.org\/es\/list\/764\">the Belize Barrier Reef Reserve System<\/a> is the second largest and most important in the world. A unique place where you can enjoy <strong>Central American nature<\/strong> in all its splendour, a place that Charles Darwin himself defined as \u201cthe most remarkable reef in the West Indies\u201d and one I recommend you don\u2019t miss on a <strong>multi-destination trip through the Central American isthmus<\/strong>.<\/p>\n<p><img decoding=\"async\" class=\"alignnone size-full wp-image-10966\" src=\"https:\/\/www.visitcentroamerica.com\/sala-prensa\/wp-content\/uploads\/2020\/08\/coral-belice-centroamerica.jpg\" alt=\"Coral - Belice - Centroam\u00e9rica\" width=\"100%\" height=\"auto\" srcset=\"https:\/\/www.visitcentroamerica.com\/sala-prensa\/wp-content\/uploads\/2020\/08\/coral-belice-centroamerica.jpg 696w, https:\/\/www.visitcentroamerica.com\/sala-prensa\/wp-content\/uploads\/2020\/08\/coral-belice-centroamerica-300x172.jpg 300w, https:\/\/www.visitcentroamerica.com\/sala-prensa\/wp-content\/uploads\/2020\/08\/coral-belice-centroamerica-500x287.jpg 500w\" sizes=\"(max-width: 696px) 100vw, 696px\" \/><\/p>\n<h3 style=\"margin-bottom: 15px;\">Coral reef in Central America<\/h3>\n<p>We can divide the corals into two groups. On one hand, there are those which create the reefs; on the other hand, there are corals which secrete a flexible skeleton instead of one of calcium carbonate. As a result, we have the <strong>coral reefs<\/strong>, an underwater spectacle of nature. If you\u2019re thinking about taking a different trip, getting away from crowds of tourists, and spending your holidays in a safe environment, you should visit countries like <strong>Belize or Honduras<\/strong> and be surprised by the beauty of these <strong>World Heritage reefs<\/strong>.<\/p>\n<h3 style=\"margin-bottom: 15px;\">Why Central America&#8217;s coral reefs are so important<\/h3>\n<p>We find that coral reefs are one of the richest ecosystems on the planet due to their characteristics. We can find hundreds of species living in them, since they\u2019re estimated to be the habitat of <strong>25% of marine species<\/strong>, many of which are for human or fishing consumption. But beyond biodiversity, these structures also help <strong>protect the coast<\/strong> from erosion and the force of the waves.<\/p>\n<p>We can\u2019t lose sight of the fact that coral reefs help mitigate the effects of climate change by reducing greenhouse gases. Paradoxically, climate change is one of the causes putting these ecosystems in danger. Warming seawater temperatures make corals bleach, which endangers reefs, along with certain human behaviours. The coral reefs of Central America are included in the UNESCO <strong>World Heritage<\/strong> List and in 2018 we saw them come off the heritage at risk list.<\/p>\n<h3 style=\"margin-bottom: 15px;\">Nature in Central America: the best coral reefs<\/h3>\n<p>If you like <strong>diving<\/strong>, doing this in the Central American coral reefs is an experience you\u2019ll never forget. Among the species we find are the lemon shark or the coral shark, turtles, crabs, lobsters, manatees and even a species of marine crocodile native to the United States. There\u2019s <strong>more than 700 kilometres of barrier reef<\/strong>, with spots as iconic as the <strong>Great Blue Hole<\/strong> of Belize. It\u2019s a circular marine cavern 300 metres in diameter and 145 metres deep that you definitely have to visit on your trip to Belize.<\/p>\n<p>In addition to the Blue Hole, there are six other nature reserves and parks in Belize alone, such as Bacalar Chico, Half Moon Caye, South Wate Caye, Glover&#8217;s Reef, Laughing Bird Caye, and Sapodilla Cays. A little further south, by this time in <strong>Honduras<\/strong>, we find the spectacular <strong>Bay Islands<\/strong>. They\u2019re a formation on the Mesoamerican barrier reef, and again we find an ideal setting for enjoying diving and the rich underwater landscape of reefs like Roat\u00e1n.<\/p>\n<p>Do you want to immerse yourself in the spectacular <strong>coral reefs of Central America<\/strong> and see the <strong>coral reefs <\/strong>for yourself? <a href=\"https:\/\/www.visitcentroamerica.com\/packages\/selva-a-todo-lujo\/\"><strong>Visit our website<\/strong><\/a> and discover everything that incredible <strong>nature in Central America<\/strong> can offer you on an unforgettable <strong>multi-destination trip<\/strong>.<\/p>\n<p>Experiences:<\/p>\n<p>&#8211; <a href=\"https:\/\/www.visitcentroamerica.com\/en\/experiences\/sun-and-beach\/\" target=\"_blank\" rel=\"noopener noreferrer\">Sun and beach<\/a><br \/>\n&#8211; <a href=\"https:\/\/www.visitcentroamerica.com\/en\/experiences\/world-heritage\/\">World heritage<\/a><\/p>\n","protected":false},"excerpt":{"rendered":"<p>You&#8217;ve certainly heard of Australia&#8217;s Great Barrier Reef, but do you know about Central American coral reefs? They\u2019ve nothing to envy the Australians, since what\u2019s officially known as the Belize Barrier Reef Reserve System is the second largest and most important in the world. A unique place where you can enjoy Central American nature in [&hellip;]<\/p>\n","protected":false},"author":5,"featured_media":10969,"comment_status":"open","ping_status":"closed","sticky":false,"template":"","format":"standard","meta":{"footnotes":""},"categories":[104,110,73],"tags":[],"class_list":{"0":"post-10976","1":"post","2":"type-post","3":"status-publish","4":"format-standard","5":"has-post-thumbnail","7":"category-diving","8":"category-nature","9":"category-travel"},"yoast_head":"<!-- This site is optimized with the Yoast SEO plugin v27.3 - https:\/\/yoast.com\/product\/yoast-seo-wordpress\/ -->\n<title>Belice y Honduras: incre\u00edbles arrecifes de coral en Centroam\u00e9rica<\/title>\n<meta name=\"description\" content=\"Frente a las costas de Belice y Honduras se ubican dos de los m\u00e1s espectaculares arrecifes de coral de Centroam\u00e9rica, siendo uno de ellos, la segunda estructura coralina m\u00e1s grande del mundo.\" \/>\n<meta name=\"robots\" content=\"index, follow, max-snippet:-1, max-image-preview:large, max-video-preview:-1\" \/>\n<link rel=\"canonical\" href=\"https:\/\/www.visitcentroamerica.com\/sala-prensa\/en\/travel\/why-are-the-coral-reefs-of-central-america-among-the-most-important-in-the-world\/\" \/>\n<meta property=\"og:locale\" content=\"en_US\" \/>\n<meta property=\"og:type\" content=\"article\" \/>\n<meta property=\"og:title\" content=\"Belice y Honduras: incre\u00edbles arrecifes de coral en Centroam\u00e9rica\" \/>\n<meta property=\"og:description\" content=\"Frente a las costas de Belice y Honduras se ubican dos de los m\u00e1s espectaculares arrecifes de coral de Centroam\u00e9rica, siendo uno de ellos, la segunda estructura coralina m\u00e1s grande del mundo.\" \/>\n<meta property=\"og:url\" content=\"https:\/\/www.visitcentroamerica.com\/sala-prensa\/en\/travel\/why-are-the-coral-reefs-of-central-america-among-the-most-important-in-the-world\/\" \/>\n<meta property=\"og:site_name\" content=\"Sala de prensa\" \/>\n<meta property=\"article:published_time\" content=\"2020-09-08T10:26:21+00:00\" \/>\n<meta property=\"og:image\" content=\"https:\/\/www.visitcentroamerica.com\/sala-prensa\/wp-content\/uploads\/2020\/08\/coral-centroamerica.jpg\" \/>\n\t<meta property=\"og:image:width\" content=\"600\" \/>\n\t<meta property=\"og:image:height\" content=\"600\" \/>\n\t<meta property=\"og:image:type\" content=\"image\/jpeg\" \/>\n<meta name=\"author\" content=\"Denis Alvarado\" \/>\n<meta name=\"twitter:card\" content=\"summary_large_image\" \/>\n<meta name=\"twitter:label1\" content=\"Written by\" \/>\n\t<meta name=\"twitter:data1\" content=\"Denis Alvarado\" \/>\n\t<meta name=\"twitter:label2\" content=\"Est. reading time\" \/>\n\t<meta name=\"twitter:data2\" content=\"3 minutes\" \/>\n<script type=\"application\/ld+json\" class=\"yoast-schema-graph\">{\"@context\":\"https:\\\/\\\/schema.org\",\"@graph\":[{\"@type\":\"Article\",\"@id\":\"https:\\\/\\\/www.visitcentroamerica.com\\\/sala-prensa\\\/en\\\/travel\\\/why-are-the-coral-reefs-of-central-america-among-the-most-important-in-the-world\\\/#article\",\"isPartOf\":{\"@id\":\"https:\\\/\\\/www.visitcentroamerica.com\\\/sala-prensa\\\/en\\\/travel\\\/why-are-the-coral-reefs-of-central-america-among-the-most-important-in-the-world\\\/\"},\"author\":{\"name\":\"Denis Alvarado\",\"@id\":\"https:\\\/\\\/www.visitcentroamerica.com\\\/sala-prensa\\\/en\\\/#\\\/schema\\\/person\\\/0aa3bd0dbaabaead6089ee3dd0cd7ae5\"},\"headline\":\"Why are the coral reefs of Central America among the most important in the world?\",\"datePublished\":\"2020-09-08T10:26:21+00:00\",\"mainEntityOfPage\":{\"@id\":\"https:\\\/\\\/www.visitcentroamerica.com\\\/sala-prensa\\\/en\\\/travel\\\/why-are-the-coral-reefs-of-central-america-among-the-most-important-in-the-world\\\/\"},\"wordCount\":583,\"commentCount\":0,\"image\":{\"@id\":\"https:\\\/\\\/www.visitcentroamerica.com\\\/sala-prensa\\\/en\\\/travel\\\/why-are-the-coral-reefs-of-central-america-among-the-most-important-in-the-world\\\/#primaryimage\"},\"thumbnailUrl\":\"https:\\\/\\\/www.visitcentroamerica.com\\\/sala-prensa\\\/wp-content\\\/uploads\\\/2020\\\/08\\\/coral-centroamerica.jpg\",\"articleSection\":[\"Diving\",\"Nature\",\"Travel\"],\"inLanguage\":\"en-US\",\"potentialAction\":[{\"@type\":\"CommentAction\",\"name\":\"Comment\",\"target\":[\"https:\\\/\\\/www.visitcentroamerica.com\\\/sala-prensa\\\/en\\\/travel\\\/why-are-the-coral-reefs-of-central-america-among-the-most-important-in-the-world\\\/#respond\"]}]},{\"@type\":\"WebPage\",\"@id\":\"https:\\\/\\\/www.visitcentroamerica.com\\\/sala-prensa\\\/en\\\/travel\\\/why-are-the-coral-reefs-of-central-america-among-the-most-important-in-the-world\\\/\",\"url\":\"https:\\\/\\\/www.visitcentroamerica.com\\\/sala-prensa\\\/en\\\/travel\\\/why-are-the-coral-reefs-of-central-america-among-the-most-important-in-the-world\\\/\",\"name\":\"Belice y Honduras: incre\u00edbles arrecifes de coral en Centroam\u00e9rica\",\"isPartOf\":{\"@id\":\"https:\\\/\\\/www.visitcentroamerica.com\\\/sala-prensa\\\/en\\\/#website\"},\"primaryImageOfPage\":{\"@id\":\"https:\\\/\\\/www.visitcentroamerica.com\\\/sala-prensa\\\/en\\\/travel\\\/why-are-the-coral-reefs-of-central-america-among-the-most-important-in-the-world\\\/#primaryimage\"},\"image\":{\"@id\":\"https:\\\/\\\/www.visitcentroamerica.com\\\/sala-prensa\\\/en\\\/travel\\\/why-are-the-coral-reefs-of-central-america-among-the-most-important-in-the-world\\\/#primaryimage\"},\"thumbnailUrl\":\"https:\\\/\\\/www.visitcentroamerica.com\\\/sala-prensa\\\/wp-content\\\/uploads\\\/2020\\\/08\\\/coral-centroamerica.jpg\",\"datePublished\":\"2020-09-08T10:26:21+00:00\",\"author\":{\"@id\":\"https:\\\/\\\/www.visitcentroamerica.com\\\/sala-prensa\\\/en\\\/#\\\/schema\\\/person\\\/0aa3bd0dbaabaead6089ee3dd0cd7ae5\"},\"description\":\"Frente a las costas de Belice y Honduras se ubican dos de los m\u00e1s espectaculares arrecifes de coral de Centroam\u00e9rica, siendo uno de ellos, la segunda estructura coralina m\u00e1s grande del mundo.\",\"breadcrumb\":{\"@id\":\"https:\\\/\\\/www.visitcentroamerica.com\\\/sala-prensa\\\/en\\\/travel\\\/why-are-the-coral-reefs-of-central-america-among-the-most-important-in-the-world\\\/#breadcrumb\"},\"inLanguage\":\"en-US\",\"potentialAction\":[{\"@type\":\"ReadAction\",\"target\":[\"https:\\\/\\\/www.visitcentroamerica.com\\\/sala-prensa\\\/en\\\/travel\\\/why-are-the-coral-reefs-of-central-america-among-the-most-important-in-the-world\\\/\"]}]},{\"@type\":\"ImageObject\",\"inLanguage\":\"en-US\",\"@id\":\"https:\\\/\\\/www.visitcentroamerica.com\\\/sala-prensa\\\/en\\\/travel\\\/why-are-the-coral-reefs-of-central-america-among-the-most-important-in-the-world\\\/#primaryimage\",\"url\":\"https:\\\/\\\/www.visitcentroamerica.com\\\/sala-prensa\\\/wp-content\\\/uploads\\\/2020\\\/08\\\/coral-centroamerica.jpg\",\"contentUrl\":\"https:\\\/\\\/www.visitcentroamerica.com\\\/sala-prensa\\\/wp-content\\\/uploads\\\/2020\\\/08\\\/coral-centroamerica.jpg\",\"width\":600,\"height\":600,\"caption\":\"Arrecifes coral - Centroam\u00e9rica\"},{\"@type\":\"BreadcrumbList\",\"@id\":\"https:\\\/\\\/www.visitcentroamerica.com\\\/sala-prensa\\\/en\\\/travel\\\/why-are-the-coral-reefs-of-central-america-among-the-most-important-in-the-world\\\/#breadcrumb\",\"itemListElement\":[{\"@type\":\"ListItem\",\"position\":1,\"name\":\"Portada\",\"item\":\"https:\\\/\\\/www.visitcentroamerica.com\\\/sala-prensa\\\/en\\\/\"},{\"@type\":\"ListItem\",\"position\":2,\"name\":\"Why are the coral reefs of Central America among the most important in the world?\"}]},{\"@type\":\"WebSite\",\"@id\":\"https:\\\/\\\/www.visitcentroamerica.com\\\/sala-prensa\\\/en\\\/#website\",\"url\":\"https:\\\/\\\/www.visitcentroamerica.com\\\/sala-prensa\\\/en\\\/\",\"name\":\"Sala de prensa\",\"description\":\"\",\"potentialAction\":[{\"@type\":\"SearchAction\",\"target\":{\"@type\":\"EntryPoint\",\"urlTemplate\":\"https:\\\/\\\/www.visitcentroamerica.com\\\/sala-prensa\\\/en\\\/?s={search_term_string}\"},\"query-input\":{\"@type\":\"PropertyValueSpecification\",\"valueRequired\":true,\"valueName\":\"search_term_string\"}}],\"inLanguage\":\"en-US\"},{\"@type\":\"Person\",\"@id\":\"https:\\\/\\\/www.visitcentroamerica.com\\\/sala-prensa\\\/en\\\/#\\\/schema\\\/person\\\/0aa3bd0dbaabaead6089ee3dd0cd7ae5\",\"name\":\"Denis Alvarado\",\"image\":{\"@type\":\"ImageObject\",\"inLanguage\":\"en-US\",\"@id\":\"https:\\\/\\\/secure.gravatar.com\\\/avatar\\\/c31f0697f6edb7c68d5dedc2ccbd548d2a9f73aa293e81c6a1425229ec4c9135?s=96&d=mm&r=g\",\"url\":\"https:\\\/\\\/secure.gravatar.com\\\/avatar\\\/c31f0697f6edb7c68d5dedc2ccbd548d2a9f73aa293e81c6a1425229ec4c9135?s=96&d=mm&r=g\",\"contentUrl\":\"https:\\\/\\\/secure.gravatar.com\\\/avatar\\\/c31f0697f6edb7c68d5dedc2ccbd548d2a9f73aa293e81c6a1425229ec4c9135?s=96&d=mm&r=g\",\"caption\":\"Denis Alvarado\"},\"url\":\"https:\\\/\\\/www.visitcentroamerica.com\\\/sala-prensa\\\/en\\\/author\\\/denis\\\/\"}]}<\/script>\n<!-- \/ Yoast SEO plugin. -->","yoast_head_json":{"title":"Belice y Honduras: incre\u00edbles arrecifes de coral en Centroam\u00e9rica","description":"Frente a las costas de Belice y Honduras se ubican dos de los m\u00e1s espectaculares arrecifes de coral de Centroam\u00e9rica, siendo uno de ellos, la segunda estructura coralina m\u00e1s grande del mundo.","robots":{"index":"index","follow":"follow","max-snippet":"max-snippet:-1","max-image-preview":"max-image-preview:large","max-video-preview":"max-video-preview:-1"},"canonical":"https:\/\/www.visitcentroamerica.com\/sala-prensa\/en\/travel\/why-are-the-coral-reefs-of-central-america-among-the-most-important-in-the-world\/","og_locale":"en_US","og_type":"article","og_title":"Belice y Honduras: incre\u00edbles arrecifes de coral en Centroam\u00e9rica","og_description":"Frente a las costas de Belice y Honduras se ubican dos de los m\u00e1s espectaculares arrecifes de coral de Centroam\u00e9rica, siendo uno de ellos, la segunda estructura coralina m\u00e1s grande del mundo.","og_url":"https:\/\/www.visitcentroamerica.com\/sala-prensa\/en\/travel\/why-are-the-coral-reefs-of-central-america-among-the-most-important-in-the-world\/","og_site_name":"Sala de prensa","article_published_time":"2020-09-08T10:26:21+00:00","og_image":[{"width":600,"height":600,"url":"https:\/\/www.visitcentroamerica.com\/sala-prensa\/wp-content\/uploads\/2020\/08\/coral-centroamerica.jpg","type":"image\/jpeg"}],"author":"Denis Alvarado","twitter_card":"summary_large_image","twitter_misc":{"Written by":"Denis Alvarado","Est. reading time":"3 minutes"},"schema":{"@context":"https:\/\/schema.org","@graph":[{"@type":"Article","@id":"https:\/\/www.visitcentroamerica.com\/sala-prensa\/en\/travel\/why-are-the-coral-reefs-of-central-america-among-the-most-important-in-the-world\/#article","isPartOf":{"@id":"https:\/\/www.visitcentroamerica.com\/sala-prensa\/en\/travel\/why-are-the-coral-reefs-of-central-america-among-the-most-important-in-the-world\/"},"author":{"name":"Denis Alvarado","@id":"https:\/\/www.visitcentroamerica.com\/sala-prensa\/en\/#\/schema\/person\/0aa3bd0dbaabaead6089ee3dd0cd7ae5"},"headline":"Why are the coral reefs of Central America among the most important in the world?","datePublished":"2020-09-08T10:26:21+00:00","mainEntityOfPage":{"@id":"https:\/\/www.visitcentroamerica.com\/sala-prensa\/en\/travel\/why-are-the-coral-reefs-of-central-america-among-the-most-important-in-the-world\/"},"wordCount":583,"commentCount":0,"image":{"@id":"https:\/\/www.visitcentroamerica.com\/sala-prensa\/en\/travel\/why-are-the-coral-reefs-of-central-america-among-the-most-important-in-the-world\/#primaryimage"},"thumbnailUrl":"https:\/\/www.visitcentroamerica.com\/sala-prensa\/wp-content\/uploads\/2020\/08\/coral-centroamerica.jpg","articleSection":["Diving","Nature","Travel"],"inLanguage":"en-US","potentialAction":[{"@type":"CommentAction","name":"Comment","target":["https:\/\/www.visitcentroamerica.com\/sala-prensa\/en\/travel\/why-are-the-coral-reefs-of-central-america-among-the-most-important-in-the-world\/#respond"]}]},{"@type":"WebPage","@id":"https:\/\/www.visitcentroamerica.com\/sala-prensa\/en\/travel\/why-are-the-coral-reefs-of-central-america-among-the-most-important-in-the-world\/","url":"https:\/\/www.visitcentroamerica.com\/sala-prensa\/en\/travel\/why-are-the-coral-reefs-of-central-america-among-the-most-important-in-the-world\/","name":"Belice y Honduras: incre\u00edbles arrecifes de coral en Centroam\u00e9rica","isPartOf":{"@id":"https:\/\/www.visitcentroamerica.com\/sala-prensa\/en\/#website"},"primaryImageOfPage":{"@id":"https:\/\/www.visitcentroamerica.com\/sala-prensa\/en\/travel\/why-are-the-coral-reefs-of-central-america-among-the-most-important-in-the-world\/#primaryimage"},"image":{"@id":"https:\/\/www.visitcentroamerica.com\/sala-prensa\/en\/travel\/why-are-the-coral-reefs-of-central-america-among-the-most-important-in-the-world\/#primaryimage"},"thumbnailUrl":"https:\/\/www.visitcentroamerica.com\/sala-prensa\/wp-content\/uploads\/2020\/08\/coral-centroamerica.jpg","datePublished":"2020-09-08T10:26:21+00:00","author":{"@id":"https:\/\/www.visitcentroamerica.com\/sala-prensa\/en\/#\/schema\/person\/0aa3bd0dbaabaead6089ee3dd0cd7ae5"},"description":"Frente a las costas de Belice y Honduras se ubican dos de los m\u00e1s espectaculares arrecifes de coral de Centroam\u00e9rica, siendo uno de ellos, la segunda estructura coralina m\u00e1s grande del mundo.","breadcrumb":{"@id":"https:\/\/www.visitcentroamerica.com\/sala-prensa\/en\/travel\/why-are-the-coral-reefs-of-central-america-among-the-most-important-in-the-world\/#breadcrumb"},"inLanguage":"en-US","potentialAction":[{"@type":"ReadAction","target":["https:\/\/www.visitcentroamerica.com\/sala-prensa\/en\/travel\/why-are-the-coral-reefs-of-central-america-among-the-most-important-in-the-world\/"]}]},{"@type":"ImageObject","inLanguage":"en-US","@id":"https:\/\/www.visitcentroamerica.com\/sala-prensa\/en\/travel\/why-are-the-coral-reefs-of-central-america-among-the-most-important-in-the-world\/#primaryimage","url":"https:\/\/www.visitcentroamerica.com\/sala-prensa\/wp-content\/uploads\/2020\/08\/coral-centroamerica.jpg","contentUrl":"https:\/\/www.visitcentroamerica.com\/sala-prensa\/wp-content\/uploads\/2020\/08\/coral-centroamerica.jpg","width":600,"height":600,"caption":"Arrecifes coral - Centroam\u00e9rica"},{"@type":"BreadcrumbList","@id":"https:\/\/www.visitcentroamerica.com\/sala-prensa\/en\/travel\/why-are-the-coral-reefs-of-central-america-among-the-most-important-in-the-world\/#breadcrumb","itemListElement":[{"@type":"ListItem","position":1,"name":"Portada","item":"https:\/\/www.visitcentroamerica.com\/sala-prensa\/en\/"},{"@type":"ListItem","position":2,"name":"Why are the coral reefs of Central America among the most important in the world?"}]},{"@type":"WebSite","@id":"https:\/\/www.visitcentroamerica.com\/sala-prensa\/en\/#website","url":"https:\/\/www.visitcentroamerica.com\/sala-prensa\/en\/","name":"Sala de prensa","description":"","potentialAction":[{"@type":"SearchAction","target":{"@type":"EntryPoint","urlTemplate":"https:\/\/www.visitcentroamerica.com\/sala-prensa\/en\/?s={search_term_string}"},"query-input":{"@type":"PropertyValueSpecification","valueRequired":true,"valueName":"search_term_string"}}],"inLanguage":"en-US"},{"@type":"Person","@id":"https:\/\/www.visitcentroamerica.com\/sala-prensa\/en\/#\/schema\/person\/0aa3bd0dbaabaead6089ee3dd0cd7ae5","name":"Denis Alvarado","image":{"@type":"ImageObject","inLanguage":"en-US","@id":"https:\/\/secure.gravatar.com\/avatar\/c31f0697f6edb7c68d5dedc2ccbd548d2a9f73aa293e81c6a1425229ec4c9135?s=96&d=mm&r=g","url":"https:\/\/secure.gravatar.com\/avatar\/c31f0697f6edb7c68d5dedc2ccbd548d2a9f73aa293e81c6a1425229ec4c9135?s=96&d=mm&r=g","contentUrl":"https:\/\/secure.gravatar.com\/avatar\/c31f0697f6edb7c68d5dedc2ccbd548d2a9f73aa293e81c6a1425229ec4c9135?s=96&d=mm&r=g","caption":"Denis Alvarado"},"url":"https:\/\/www.visitcentroamerica.com\/sala-prensa\/en\/author\/denis\/"}]}},"_links":{"self":[{"href":"https:\/\/www.visitcentroamerica.com\/sala-prensa\/en\/wp-json\/wp\/v2\/posts\/10976","targetHints":{"allow":["GET"]}}],"collection":[{"href":"https:\/\/www.visitcentroamerica.com\/sala-prensa\/en\/wp-json\/wp\/v2\/posts"}],"about":[{"href":"https:\/\/www.visitcentroamerica.com\/sala-prensa\/en\/wp-json\/wp\/v2\/types\/post"}],"author":[{"embeddable":true,"href":"https:\/\/www.visitcentroamerica.com\/sala-prensa\/en\/wp-json\/wp\/v2\/users\/5"}],"replies":[{"embeddable":true,"href":"https:\/\/www.visitcentroamerica.com\/sala-prensa\/en\/wp-json\/wp\/v2\/comments?post=10976"}],"version-history":[{"count":3,"href":"https:\/\/www.visitcentroamerica.com\/sala-prensa\/en\/wp-json\/wp\/v2\/posts\/10976\/revisions"}],"predecessor-version":[{"id":10981,"href":"https:\/\/www.visitcentroamerica.com\/sala-prensa\/en\/wp-json\/wp\/v2\/posts\/10976\/revisions\/10981"}],"wp:featuredmedia":[{"embeddable":true,"href":"https:\/\/www.visitcentroamerica.com\/sala-prensa\/en\/wp-json\/wp\/v2\/media\/10969"}],"wp:attachment":[{"href":"https:\/\/www.visitcentroamerica.com\/sala-prensa\/en\/wp-json\/wp\/v2\/media?parent=10976"}],"wp:term":[{"taxonomy":"category","embeddable":true,"href":"https:\/\/www.visitcentroamerica.com\/sala-prensa\/en\/wp-json\/wp\/v2\/categories?post=10976"},{"taxonomy":"post_tag","embeddable":true,"href":"https:\/\/www.visitcentroamerica.com\/sala-prensa\/en\/wp-json\/wp\/v2\/tags?post=10976"}],"curies":[{"name":"wp","href":"https:\/\/api.w.org\/{rel}","templated":true}]}}